{"id":28143,"date":"2020-12-17T15:27:42","date_gmt":"2020-12-17T18:27:42","guid":{"rendered":"https:\/\/investnews.com.br\/?p=28143"},"modified":"2020-12-17T16:58:21","modified_gmt":"2020-12-17T19:58:21","slug":"mercedes-benz-desiste-de-fazer-carros-no-brasil-mais-uma-vez","status":"publish","type":"post","link":"https:\/\/investnews.com.br\/negocios\/mercedes-benz-desiste-de-fazer-carros-no-brasil-mais-uma-vez\/","title":{"rendered":"Mercedes-Benz desiste de fazer carros no Brasil mais uma vez"},"content":{"rendered":"\n<p>A <strong>Mercedes-Benz anunciou nesta quinta-feira (17) que decidiu parar a produ\u00e7\u00e3o de carros em Iracem\u00e1polis (SP)<\/strong> ap\u00f3s concluir que a unidade n\u00e3o mais se enquadra no processo de reestrutura\u00e7\u00e3o do grupo.<\/p>\n\n\n\n<p>A instala\u00e7\u00e3o de Iracem\u00e1polis recebeu investimentos de 170 milh\u00f5es de euros para ser aberta em 2016. A unidade foi inaugurada em meio a uma onda de novas f\u00e1bricas de ve\u00edculos de luxo no pa\u00eds, de marcas como BMW e Audi, da Volkswagen, que vieram ao Brasil sob o programa governamental <strong>Inovar Auto<\/strong>.<\/p>\n\n\n\n<p><strong>LEIA MAIS:<\/strong> <a href=\"https:\/\/investnews.com.br\/negocios\/montadoras-fecham-fabricas-e-colocam-cerca-de-50-mil-em-ferias-coletivas\/\" class=\"rank-math-link\"><strong>Montadoras fecham f\u00e1bricas e colocam 50 mil em f\u00e9rias coletivas<\/strong><\/a><\/p>\n\n\n\n<p>&#8220;A empresa decidiu encerrar a produ\u00e7\u00e3o de autom\u00f3veis premium na f\u00e1brica de Iracem\u00e1polis, no interior de S\u00e3o Paulo. A decis\u00e3o est\u00e1 sendo tomada com base em v\u00e1rios fatores, incluindo a <strong>atual situa\u00e7\u00e3o do mercado brasileiro<\/strong>&#8220;, afirmou a Mercedes-Benz em comunicado \u00e0 imprensa.<\/p>\n\n\n\n<p>O Inovar Auto passou a valer em 2013, em uma \u00e9poca em que o real estava mais valorizado e em que uma s\u00e9rie de marcas asi\u00e1ticas come\u00e7aram a importar grandes volumes de ve\u00edculos, incomodando marcas j\u00e1 estabelecidas no pa\u00eds. O programa teve vig\u00eancia at\u00e9 o final de 2017.<\/p>\n\n\n\n<p>Em abril daquele ano, Philipp Schiemer, ent\u00e3o presidente da companhia no Brasil afirmou em entrevista \u00e0 revista &#8220;Exame&#8221; que a f\u00e1brica de Iracem\u00e1polis poderia ser fechada se deixasse de ser rent\u00e1vel. <\/p>\n\n\n\n<p>Questionada na \u00e9poca pela Reuters a montadora afirmou que a interpreta\u00e7\u00e3o dada \u00e0 fala do executivo foi equivocada e que manteria os investimentos na unidade &#8220;por acreditar no potencial do segmento de autom\u00f3veis premium no Brasil e pela grande aceita\u00e7\u00e3o dos modelos produzidos nacionalmente&#8221;.<\/p>\n\n\n\n<p>Segundo o comunicado desta quinta-feira, a Mercedes-Benz vai buscar alternativas para os 370 funcion\u00e1rios da f\u00e1brica. &#8220;incluindo a possibilidade de um Programa de Demiss\u00e3o Volunt\u00e1ria&#8221;.<\/p>\n\n\n\n<h2 class=\"wp-block-heading\">Segunda desist\u00eancia<\/h2>\n\n\n\n<p>O fim da produ\u00e7\u00e3o de carros em Iracem\u00e1polis marca a segunda vez em que a Mercedes-Benz desiste de produzir carros no Brasil. A empresa chegou a ter uma primeira f\u00e1brica de ve\u00edculos de passeio em Juiz de Fora (MG), que come\u00e7ou a produzir o modelo Classe A em 1999. Em 2012, a unidade foi convertida para integrar o esquema de produ\u00e7\u00e3o de caminh\u00f5es da marca no pa\u00eds.<\/p>\n","protected":false},"excerpt":{"rendered":"<p>Montadora concluiu que a unidade de Iracem\u00e1polis (SP) n\u00e3o mais se enquadra no processo de reestrutura\u00e7\u00e3o do grupo.<\/p>\n","protected":false},"author":7,"featured_media":28144,"comment_status":"closed","ping_status":"open","sticky":false,"template":"","format":"standard","meta":{"_acf_changed":false,"inline_featured_image":false,"footnotes":""},"categories":[6],"tags":[462,864,1032],"autor-wsj":[],"coauthors":[1494],"class_list":["post-28143","post","type-post","status-publish","format-standard","has-post-thumbnail","hentry","category-negocios","tag-industria","tag-montadoras","tag-veiculos"],"acf":[],"amp_enabled":true,"_links":{"self":[{"href":"https:\/\/investnews.com.br\/inv-api\/wp\/v2\/posts\/28143","targetHints":{"allow":["GET"]}}],"collection":[{"href":"https:\/\/investnews.com.br\/inv-api\/wp\/v2\/posts"}],"about":[{"href":"https:\/\/investnews.com.br\/inv-api\/wp\/v2\/types\/post"}],"author":[{"embeddable":true,"href":"https:\/\/investnews.com.br\/inv-api\/wp\/v2\/users\/7"}],"replies":[{"embeddable":true,"href":"https:\/\/investnews.com.br\/inv-api\/wp\/v2\/comments?post=28143"}],"version-history":[{"count":2,"href":"https:\/\/investnews.com.br\/inv-api\/wp\/v2\/posts\/28143\/revisions"}],"predecessor-version":[{"id":28161,"href":"https:\/\/investnews.com.br\/inv-api\/wp\/v2\/posts\/28143\/revisions\/28161"}],"wp:featuredmedia":[{"embeddable":true,"href":"https:\/\/investnews.com.br\/inv-api\/wp\/v2\/media\/28144"}],"wp:attachment":[{"href":"https:\/\/investnews.com.br\/inv-api\/wp\/v2\/media?parent=28143"}],"wp:term":[{"taxonomy":"category","embeddable":true,"href":"https:\/\/investnews.com.br\/inv-api\/wp\/v2\/categories?post=28143"},{"taxonomy":"post_tag","embeddable":true,"href":"https:\/\/investnews.com.br\/inv-api\/wp\/v2\/tags?post=28143"},{"taxonomy":"autor-wsj","embeddable":true,"href":"https:\/\/investnews.com.br\/inv-api\/wp\/v2\/autor-wsj?post=28143"},{"taxonomy":"author","embeddable":true,"href":"https:\/\/investnews.com.br\/inv-api\/wp\/v2\/coauthors?post=28143"}],"curies":[{"name":"wp","href":"https:\/\/api.w.org\/{rel}","templated":true}]}}