{"id":282163,"date":"2021-10-18T08:43:23","date_gmt":"2021-10-18T11:43:23","guid":{"rendered":"https:\/\/investnews.com.br\/?p=282163"},"modified":"2024-06-26T11:55:20","modified_gmt":"2024-06-26T14:55:20","slug":"ameaca-greve-dos-caminhoneiros","status":"publish","type":"post","link":"https:\/\/investnews.com.br\/economia\/ameaca-greve-dos-caminhoneiros\/","title":{"rendered":"Greve dos caminhoneiros foca em Santos, mas governo v\u00ea amea\u00e7a vazia"},"content":{"rendered":"\n<p>Depois de declararem &#8220;estado de greve&#8221; a partir deste s\u00e1bado (16), representantes de caminhoneiros afirmam que uma eventual paralisa\u00e7\u00e3o ocorrer\u00e1 &#8220;principalmente&#8221; em Santos. &#8220;Se n\u00e3o houver resposta concreta (do governo) em cima dos direitos dos caminhoneiros aut\u00f4nomos, <strong>no dia 1\u00ba de novembro o Brasil todo (ficar\u00e1) parado, principalmente Santos<\/strong>&#8220;, disse o presidente do Sindicato dos Transportadores Rodovi\u00e1rios Aut\u00f4nomos de Bens da Baixada Santista e Vale do Ribeira (Sindicam), Luciano Santos, em pronunciamento no encerramento de encontro nacional da categoria, conforme v\u00eddeo enviado ao\u00a0<strong>Broadcast Agro<\/strong>.<\/p>\n\n\n\n<p>No fim de julho, transportadores da regi\u00e3o interromperam as atividades durante um dia, sem impactos \u00e0 opera\u00e7\u00e3o do Porto de Santos.<\/p>\n\n\n\n<p>De acordo com representantes dos transportadores rodovi\u00e1rios, a categoria vai iniciar paralisa\u00e7\u00e3o nacional em 1\u00ba de novembro, caso o governo federal n\u00e3o atenda \u00e0s reivindica\u00e7\u00f5es do setor em 15 dias, contabilizados a partir de ontem. &#8220;Tem de haver resposta concreta para o caminhoneiro. A resposta est\u00e1 na m\u00e3o do governo&#8221;, disse o presidente do Sindicam no v\u00eddeo. A decis\u00e3o foi tomada ontem durante assembleia no 2\u00ba Encontro Nacional dos <a href=\"https:\/\/investnews.com.br\/flash\/ipca-alcanca-968-em-12-meses-e-protesto-de-caminhoneiros-inflacao-sem-tregua\/\" class=\"rank-math-link\">Caminhoneiros<\/a> Aut\u00f4nomos e Celetistas, realizado no Rio de Janeiro.<\/p>\n\n\n\n<p>&#8220;Estado de greve significa dizer para o governo Bolsonaro que o prazo de tr\u00eas anos que ele teve para desenvolver e melhorar a vida do transportador aut\u00f4nomo n\u00e3o foi cumprido. Ainda ser\u00e3o dados mais 15 dias para que a pauta de reivindica\u00e7\u00f5es seja aplicada para os caminhoneiros&#8221;, afirmou tamb\u00e9m em discurso no evento o diretor da Confedera\u00e7\u00e3o Nacional dos Trabalhadores em Transportes e Log\u00edstica (CNTTL), Carlos Alberto Litti Dahmer.<\/p>\n\n\n\n<p>No pronunciamento, Litti disse que a pauta da categoria j\u00e1 \u00e9 de conhecimento &#8220;h\u00e1 muito tempo&#8221; do ministro de Infraestrutura, Tarc\u00edsio de Freitas, e do <a href=\"https:\/\/investnews.com.br\/economia\/bandeira-vermelha-energia-eletrica\/\" class=\"rank-math-link\">governo Bolsonaro<\/a>. &#8220;A categoria passa por momento de dificuldade nunca visto como em tr\u00eas anos de desgoverno Bolsonaro. \u00c9 esse chamamento que tem respaldo de 1 milh\u00e3o de trabalhadores e da sociedade que vir\u00e1 conosco&#8221;, afirmou Litti.<\/p>\n\n\n\n<p>O encontro foi organizado pela Associa\u00e7\u00e3o Brasileira dos Condutores de Ve\u00edculos Automotores (Abrava), pelo Conselho Nacional do Transporte Rodovi\u00e1rio de Cargas (CNTRC) e pela CNTTL. Segundo as lideran\u00e7as, o encontrou contou com a presen\u00e7a de sindicatos, cooperativas e federa\u00e7\u00f5es de todo o Pa\u00eds.<\/p>\n\n\n\n<p>A discuss\u00e3o de uma poss\u00edvel paralisa\u00e7\u00e3o n\u00e3o estava na pauta do encontro. Documento a qual o&nbsp;<strong>Broadcast Agro<\/strong>&nbsp;obteve acesso afirmava que o mote do evento era &#8220;em prol da unifica\u00e7\u00e3o da categoria, e em busca de melhorias para o setor de transporte de cargas e log\u00edstica brasileiro&#8221;.<\/p>\n\n\n\n<p>Caso ocorra a paralisa\u00e7\u00e3o em 1\u00ba de novembro, ser\u00e1 o primeiro movimento em conjunto destas entidades desde a greve de maio de 2018. Desde outubro daquele ano, a categoria \u00e9 considerada base eleitoral do governo Bolsonaro. Com o exerc\u00edcio do governo, contudo, caminhoneiros passaram a n\u00e3o demonstrar consenso sobre os rumos do movimento e quanto \u00e0 pauta da categoria. O crescente descontentamento com as promessas n\u00e3o cumpridas pelo presidente Jair Bolsonaro e com as altas recentes do pre\u00e7o do \u00f3leo diesel se tornou unanimidade entre as principais lideran\u00e7as nos \u00faltimos meses.<\/p>\n\n\n\n<h2 class=\"wp-block-heading\">Greve: amea\u00e7a vazia<\/h2>\n\n\n\n<p>Nesta segunda-feira (18) as associa\u00e7\u00f5es prometem entregar uma lista de reivindica\u00e7\u00f5es para o governo. Segundo as entidades, sinaliza\u00e7\u00f5es positivas s\u00e3o necess\u00e1rias para evitar paralisa\u00e7\u00e3o nacional a partir de 1\u00ba de novembro. O governo, por\u00e9m, minimiza a mobiliza\u00e7\u00e3o.<\/p>\n\n\n\n<p>Na pauta dos caminhoneiros, est\u00e3o itens como o cumprimento do valor m\u00ednimo do frete rodovi\u00e1rio, a aposentadoria especial para a categoria (aos 25 anos de trabalho) e a mudan\u00e7a na pol\u00edtica de pre\u00e7os da Petrobras para combust\u00edveis para reduzir a flutua\u00e7\u00e3o do diesel.<\/p>\n\n\n\n<p>Segundo o\u00a0<strong>Estad\u00e3o<\/strong>\u00a0apurou, por\u00e9m, o governo federal v\u00ea a mobiliza\u00e7\u00e3o como amea\u00e7as feitas antes &#8211; e que mais uma vez n\u00e3o devem ser cumpridas. <strong>De acordo com uma fonte, desde 2018 j\u00e1 foram 16 tentativas de paralisa\u00e7\u00e3o malsucedidas, sendo quatro delas neste ano<\/strong>. A reportagem apurou ainda que a mudan\u00e7a do pre\u00e7o dos combust\u00edveis, a partir de uma &#8220;canetada&#8221;, tamb\u00e9m n\u00e3o \u00e9 uma possibilidade. Oficialmente, por\u00e9m, o governo n\u00e3o comentou o assunto.<\/p>\n\n\n\n<p>A estrat\u00e9gia dos l\u00edderes da categoria tem sido subir o tom. &#8220;Serei o primeiro (a parar em 1\u00ba de novembro)&#8221;, disse o presidente da Associa\u00e7\u00e3o Brasileira dos Condutores de Ve\u00edculos Automotores (Abrava), Wallace Landim, conhecido como Chor\u00e3o, um dos organizadores do movimento.<\/p>\n\n\n\n<p>O documento com reivindica\u00e7\u00f5es a ser entregue ao governo ser\u00e1 assinado pela Abrava, pelo Conselho Nacional do Transporte Rodovi\u00e1rio de Cargas (CNTRC) e pela Confedera\u00e7\u00e3o Nacional dos Trabalhadores em Transportes e Log\u00edstica (CNTTL). Conforme as entidades, \u00e9 a primeira vez desde 2018 que as tr\u00eas associa\u00e7\u00f5es atuam juntas em um mesmo movimento.<\/p>\n\n\n\n<p>&#8220;A nossa pauta \u00e9 a mesma desde os atos de 1\u00ba de fevereiro. N\u00e3o \u00e9 um assunto novo para o governo nem para o STF ou para o Legislativo, que conhecem nossas demandas&#8221;, afirmou o diretor da CNTTL, Carlos Alberto Litti Dahmer. &#8220;Agora, ou o governo senta com a categoria para fazer um trabalho, chama as partes envolvidas &#8211; Petrobras, STF, Congresso &#8211; ou paramos o Pa\u00eds&#8221;, completou o presidente do CNTRC, Pl\u00ednio Dias, em refer\u00eancia ao movimento ocorrido em 2018, ainda durante o governo Michel Temer.<\/p>\n\n\n\n<p>N\u00e3o \u00e9 descartada por parte dos l\u00edderes dos caminhoneiros uma flexibilidade no cumprimento de todas as demandas feitas ao governo. Contudo, as lideran\u00e7as dizem querer ver direcionamento em torno de medidas concretas. &#8220;Estamos cansados de reuni\u00f5es. Tentamos fazer articula\u00e7\u00e3o, mas a pr\u00f3pria categoria n\u00e3o aguenta mais&#8221;, afirmou Chor\u00e3o.<\/p>\n\n\n\n<p><strong>Rompimento?<\/strong><\/p>\n\n\n\n<p>Questionados pela reportagem sobre um rompimento com o governo do presidente Jair Bolsonaro, os representantes descartam uma ruptura formal e dizem que o movimento \u00e9 apartid\u00e1rio, apesar da forte presen\u00e7a da categoria na mobiliza\u00e7\u00e3o convocada no dia 7 de Setembro pelo presidente. &#8220;O movimento n\u00e3o \u00e9 contra ou a favor desta gest\u00e3o. H\u00e1 muitos caminhoneiros que acreditam no governo Bolsonaro. Outros n\u00e3o concordam com a gest\u00e3o&#8221;, afirmou Chor\u00e3o.<\/p>\n\n\n\n<p>&#8220;N\u00e3o estamos levantando pauta partid\u00e1ria. A pauta \u00e9 a sobreviv\u00eancia da categoria. Se o governo realmente quiser ajudar os caminhoneiros do Brasil, iremos apoiar as medidas&#8221;, respondeu Dias, do CNTRC. Ontem, contudo, Litti, da CNTTL, falou em &#8220;desgoverno Bolsonaro&#8221; em pronunciamento.<\/p>\n\n\n\n<p>Considerados base eleitoral de Bolsonaro, os caminhoneiros expressam insatisfa\u00e7\u00e3o com o ac\u00famulo de medidas anunciadas e n\u00e3o cumpridas. &#8220;S\u00e3o tr\u00eas anos de governo e n\u00e3o foi feito nada para a categoria, apenas fal\u00e1cias e promessas&#8221;, disse Dias.<\/p>\n\n\n\n<p><strong>Veja tamb\u00e9m<\/strong><br><\/p>\n\n\n\n<ul class=\"wp-block-list\"><li>Crian\u00e7as tamb\u00e9m podem investir; tudo come\u00e7a com&nbsp;<a target=\"_blank\" href=\"https:\/\/investnews.com.br\/colunistas\/conexao-b3\/criancas-tambem-podem-investir-tudo-comeca-com-educacao-financeira\/\" rel=\"noreferrer noopener\">educa\u00e7\u00e3o financeira<\/a><\/li><li>O&nbsp;<a target=\"_blank\" href=\"https:\/\/investnews.com.br\/cafeina\/o-titulo-do-tesouro-venceu-onde-reinvestir-no-atual-cenario\/\" rel=\"noreferrer noopener\">t\u00edtulo do Tesouro<\/a>&nbsp;venceu. Onde reinvestir no atual cen\u00e1rio?<\/li><li><a target=\"_blank\" href=\"https:\/\/investnews.com.br\/negocios\/aeris-por-que-a-small-cap-deve-se-beneficiar-com-a-nova-matriz-energetica\/\" rel=\"noreferrer noopener\">Aeris<\/a>: por que a small cap deve se beneficiar com a nova matriz energ\u00e9tica?<\/li><li>\u2018\u00c9 hora de investir em&nbsp;<a target=\"_blank\" href=\"https:\/\/investnews.com.br\/analistas-em-acao\/investimento-em-renda-fixa\/\" rel=\"noreferrer noopener\">t\u00edtulos p\u00f3s-fixados<\/a>&nbsp;e h\u00edbridos\u2019, diz analista<\/li><li>Como montar uma&nbsp;<a target=\"_blank\" href=\"https:\/\/investnews.com.br\/colunistas\/sos-financas\/como-montar-uma-carteira-de-renda-fixa-e-variavel-com-minha-rescisao\/\" rel=\"noreferrer noopener\">carteira de renda fixa<\/a>&nbsp;e vari\u00e1vel com minha rescis\u00e3o?<\/li><\/ul>\n","protected":false},"excerpt":{"rendered":"<p>De acordo com uma fonte, desde 2018 j\u00e1 foram 16 tentativas de paralisa\u00e7\u00e3o malsucedidas, sendo quatro delas neste ano.<\/p>\n","protected":false},"author":7,"featured_media":249828,"comment_status":"closed","ping_status":"open","sticky":false,"template":"","format":"standard","meta":{"_acf_changed":false,"inline_featured_image":false,"footnotes":""},"categories":[5],"tags":[283],"autor-wsj":[],"coauthors":[1494],"class_list":["post-282163","post","type-post","status-publish","format-standard","has-post-thumbnail","hentry","category-economia","tag-governo-federal"],"acf":[],"amp_enabled":true,"_links":{"self":[{"href":"https:\/\/investnews.com.br\/inv-api\/wp\/v2\/posts\/282163","targetHints":{"allow":["GET"]}}],"collection":[{"href":"https:\/\/investnews.com.br\/inv-api\/wp\/v2\/posts"}],"about":[{"href":"https:\/\/investnews.com.br\/inv-api\/wp\/v2\/types\/post"}],"author":[{"embeddable":true,"href":"https:\/\/investnews.com.br\/inv-api\/wp\/v2\/users\/7"}],"replies":[{"embeddable":true,"href":"https:\/\/investnews.com.br\/inv-api\/wp\/v2\/comments?post=282163"}],"version-history":[{"count":1,"href":"https:\/\/investnews.com.br\/inv-api\/wp\/v2\/posts\/282163\/revisions"}],"predecessor-version":[{"id":282168,"href":"https:\/\/investnews.com.br\/inv-api\/wp\/v2\/posts\/282163\/revisions\/282168"}],"wp:featuredmedia":[{"embeddable":true,"href":"https:\/\/investnews.com.br\/inv-api\/wp\/v2\/media\/249828"}],"wp:attachment":[{"href":"https:\/\/investnews.com.br\/inv-api\/wp\/v2\/media?parent=282163"}],"wp:term":[{"taxonomy":"category","embeddable":true,"href":"https:\/\/investnews.com.br\/inv-api\/wp\/v2\/categories?post=282163"},{"taxonomy":"post_tag","embeddable":true,"href":"https:\/\/investnews.com.br\/inv-api\/wp\/v2\/tags?post=282163"},{"taxonomy":"autor-wsj","embeddable":true,"href":"https:\/\/investnews.com.br\/inv-api\/wp\/v2\/autor-wsj?post=282163"},{"taxonomy":"author","embeddable":true,"href":"https:\/\/investnews.com.br\/inv-api\/wp\/v2\/coauthors?post=282163"}],"curies":[{"name":"wp","href":"https:\/\/api.w.org\/{rel}","templated":true}]}}