{"id":282355,"date":"2021-10-18T20:09:49","date_gmt":"2021-10-18T23:09:49","guid":{"rendered":"https:\/\/investnews.com.br\/?p=282355"},"modified":"2026-03-31T09:16:49","modified_gmt":"2026-03-31T12:16:49","slug":"apple-revela-novos-macbooks-airpods-e-servico-de-musica-a-us-5","status":"publish","type":"post","link":"https:\/\/investnews.com.br\/negocios\/apple-revela-novos-macbooks-airpods-e-servico-de-musica-a-us-5\/","title":{"rendered":"Apple revela novos MacBooks, AirPods e servi\u00e7o de m\u00fasica a US$ 5"},"content":{"rendered":"\n<p> A&nbsp;<strong><a href=\"https:\/\/investnews.com.br\/negocios\/historia-da-apple\/\">Apple<\/a><\/strong>&nbsp;(<a rel=\"noreferrer noopener\" class=\"rank-math-link\" target=\"_blank\" href=\"https:\/\/investnews.com.br\/cotacao\/aapl34-apple-inc\/\">AAPL34<\/a>) lan\u00e7ou nesta segunda-feira (18) dois novos modelos da linha de notebooks MacBook Pro equipados com o novo processador da companhia, bem como uma nova gera\u00e7\u00e3o de fones de ouvido sem fio e um servi\u00e7o de assinatura de m\u00fasica com pre\u00e7o de US$ 5 por m\u00eas.<br><\/p>\n\n\n\n<p>Os novos MacBook Pro t\u00eam telas de 14 e 16 polegadas. Os modelos eliminaram o &#8220;Touch Bar&#8221; que os f\u00e3s da Apple reclamaram em vers\u00f5es anteriores das m\u00e1quinas e restauraram v\u00e1rios conectores, incluindo o de energia &#8220;MagSafe&#8221;, que tinha desaparecido nos \u00faltimos anos, irritando alguns dos usu\u00e1rios da empresa.<\/p>\n\n\n\n<p>A Apple disse que o modelo de 14 polegadas custar\u00e1 US$ 1.999 e o modelo de 16 polegadas custar\u00e1 US$ 2.499. Ambos os computadores come\u00e7ar\u00e3o a ser vendidos na pr\u00f3xima semana, disse a companhia.<\/p>\n\n\n\n<p>Os dois novos chips da Apple s\u00e3o chamados de M1 Pro e M1 Max. Os chips devem ter melhor desempenho do que os chips M1 anteriores da empresa e usam menos energia do que os rivais de empresas como&nbsp;<strong>Intel<\/strong>&nbsp;(<a rel=\"noreferrer noopener\" target=\"_blank\" href=\"https:\/\/investnews.com.br\/cotacao\/itlc34-intel\/\">ITLC34<\/a>) e&nbsp;<strong>AMD<\/strong>, afirma a Apple.<\/p>\n\n\n\n<p>Johny Srouji, diretor da \u00e1rea de chips da Apple, disse que o M1 Max usa at\u00e9 100 watts a menos de energia do que outros chips de laptop de \u00faltima gera\u00e7\u00e3o, o que se traduz em melhor dura\u00e7\u00e3o da bateria.<\/p>\n\n\n\n<p>At\u00e9 esta segunda-feira, os laptops mais poderosos da Apple contavam com chips da Intel. A empresa j\u00e1 tinha equipado com o chip M1 de primeira gera\u00e7\u00e3o alguns MacBooks, bem como em seus computadores de mesa Mac Mini e iMac.<\/p>\n\n\n\n<p>Enquanto isso, os novos fones de ouvido sem fio da Apple s\u00e3o resistentes a suor e \u00e1gua e t\u00eam alguns recursos de som encontrados anteriormente nos AirPods Pro de \u00faltima gera\u00e7\u00e3o, disse a Apple durante o evento de lan\u00e7amento. A Apple disse que os novos AirPods custar\u00e3o US$ 179 e come\u00e7ar\u00e3o a ser vendidos na pr\u00f3xima semana.<\/p>\n\n\n\n<p><strong>Veja tamb\u00e9m<\/strong><\/p>\n\n\n\n<ul class=\"wp-block-list\">\n<li>Crian\u00e7as tamb\u00e9m podem investir; tudo come\u00e7a com\u00a0<a href=\"https:\/\/investnews.com.br\/colunistas\/conexao-b3\/criancas-tambem-podem-investir-tudo-comeca-com-educacao-financeira\/\" target=\"_blank\" rel=\"noreferrer noopener\">educa\u00e7\u00e3o financeira<\/a><\/li>\n\n\n\n<li>O\u00a0<a href=\"https:\/\/investnews.com.br\/cafeina\/o-titulo-do-tesouro-venceu-onde-reinvestir-no-atual-cenario\/\" target=\"_blank\" rel=\"noreferrer noopener\">t\u00edtulo do Tesouro<\/a>\u00a0venceu. Onde reinvestir no atual cen\u00e1rio?<\/li>\n\n\n\n<li><a href=\"https:\/\/investnews.com.br\/negocios\/aeris-por-que-a-small-cap-deve-se-beneficiar-com-a-nova-matriz-energetica\/\" target=\"_blank\" rel=\"noreferrer noopener\">Aeris<\/a>: por que a small cap deve se beneficiar com a nova matriz energ\u00e9tica?<\/li>\n\n\n\n<li>\u2018\u00c9 hora de investir em\u00a0<a href=\"https:\/\/investnews.com.br\/analistas-em-acao\/investimento-em-renda-fixa\/\" target=\"_blank\" rel=\"noreferrer noopener\">t\u00edtulos p\u00f3s-fixados<\/a>\u00a0e h\u00edbridos\u2019, diz analista<\/li>\n\n\n\n<li>Como montar uma\u00a0<a href=\"https:\/\/investnews.com.br\/colunistas\/sos-financas\/como-montar-uma-carteira-de-renda-fixa-e-variavel-com-minha-rescisao\/\" target=\"_blank\" rel=\"noreferrer noopener\">carteira de renda fixa<\/a>\u00a0e vari\u00e1vel com minha rescis\u00e3o?<\/li>\n<\/ul>\n","protected":false},"excerpt":{"rendered":"<p>Modelo de 14 polegadas custar\u00e1 US$ 1.999 e o modelo de 16 polegadas custar\u00e1 US$ 2.499. Ambos os computadores come\u00e7ar\u00e3o a ser vendidos na pr\u00f3xima semana, disse a companhia.<\/p>\n","protected":false},"author":61,"featured_media":3674,"comment_status":"closed","ping_status":"open","sticky":false,"template":"","format":"standard","meta":{"_acf_changed":false,"inline_featured_image":false,"footnotes":""},"categories":[6],"tags":[329],"autor-wsj":[],"coauthors":[2494],"class_list":["post-282355","post","type-post","status-publish","format-standard","has-post-thumbnail","hentry","category-negocios","tag-apple"],"acf":[],"amp_enabled":true,"_links":{"self":[{"href":"https:\/\/investnews.com.br\/inv-api\/wp\/v2\/posts\/282355","targetHints":{"allow":["GET"]}}],"collection":[{"href":"https:\/\/investnews.com.br\/inv-api\/wp\/v2\/posts"}],"about":[{"href":"https:\/\/investnews.com.br\/inv-api\/wp\/v2\/types\/post"}],"author":[{"embeddable":true,"href":"https:\/\/investnews.com.br\/inv-api\/wp\/v2\/users\/61"}],"replies":[{"embeddable":true,"href":"https:\/\/investnews.com.br\/inv-api\/wp\/v2\/comments?post=282355"}],"version-history":[{"count":3,"href":"https:\/\/investnews.com.br\/inv-api\/wp\/v2\/posts\/282355\/revisions"}],"predecessor-version":[{"id":775606,"href":"https:\/\/investnews.com.br\/inv-api\/wp\/v2\/posts\/282355\/revisions\/775606"}],"wp:featuredmedia":[{"embeddable":true,"href":"https:\/\/investnews.com.br\/inv-api\/wp\/v2\/media\/3674"}],"wp:attachment":[{"href":"https:\/\/investnews.com.br\/inv-api\/wp\/v2\/media?parent=282355"}],"wp:term":[{"taxonomy":"category","embeddable":true,"href":"https:\/\/investnews.com.br\/inv-api\/wp\/v2\/categories?post=282355"},{"taxonomy":"post_tag","embeddable":true,"href":"https:\/\/investnews.com.br\/inv-api\/wp\/v2\/tags?post=282355"},{"taxonomy":"autor-wsj","embeddable":true,"href":"https:\/\/investnews.com.br\/inv-api\/wp\/v2\/autor-wsj?post=282355"},{"taxonomy":"author","embeddable":true,"href":"https:\/\/investnews.com.br\/inv-api\/wp\/v2\/coauthors?post=282355"}],"curies":[{"name":"wp","href":"https:\/\/api.w.org\/{rel}","templated":true}]}}