{"id":282735,"date":"2021-10-20T09:20:10","date_gmt":"2021-10-20T12:20:10","guid":{"rendered":"https:\/\/investnews.com.br\/?p=282735"},"modified":"2024-06-24T11:08:21","modified_gmt":"2024-06-24T14:08:21","slug":"morning-call-teto-de-gastos-continua-a-assombrar-investidores","status":"publish","type":"post","link":"https:\/\/investnews.com.br\/financas\/morning-call-teto-de-gastos-continua-a-assombrar-investidores\/","title":{"rendered":"Morning Call: teto de gastos continua a assombrar investidores"},"content":{"rendered":"\n<h2 class=\"wp-block-heading\">Cen\u00e1rio global e bolsa de valores<\/h2>\n\n\n\n<p>Na \u00c1sia, as bolsas tiveram um preg\u00e3o majoritariamente de leve alta ap\u00f3s a decis\u00e3o do Banco Central da China de manter a taxa de juros em 3,85%. O \u00edndice da bolsa do Jap\u00e3o encerrou o preg\u00e3o com alta de 0,14%, a bolsa de Shanghai com -0,17%, de Hang Seng com +1,35% e Coreia do Sul com -0,53%.<\/p>\n\n\n\n<p>O \u00cdndice de Pre\u00e7os ao Consumidor de setembro na Zona do Euro foi divulgado essa manh\u00e3 com uma alta de 0,5% no m\u00eas ap\u00f3s o crescimento de 0,4% de agosto enquanto na compara\u00e7\u00e3o anual, a alta de setembro foi de 3,4%. O \u00edndice n\u00facleo, que exclui alimentos e energia, tamb\u00e9m subiu 0,5% no m\u00eas enquanto a compara\u00e7\u00e3o anual mostra uma alta de 1,9% e todos os resultados vieram praticamente em linha com o consenso de mercado. <\/p>\n\n\n\n<p>J\u00e1 na Alemanha, o \u00cdndice de Pre\u00e7os ao Produtor teve um avan\u00e7o de 2,3% em setembro ap\u00f3s a alta de 1,5% em agosto, o mercado projetava uma alta menor de 1%. A alta acumulada em 12 meses em setembro passa de 12% para 14,2% tamb\u00e9m superior aos 12,7% esperados pelo mercado mas nem mesmo esses dados conseguiram gerar um dia de quedas na bolsa alem\u00e3, que tem uma leve alta de 0,10%, a bolsa do Reino Unido tem alta de 0,05%, Fran\u00e7a com queda de 0,10%,, Espanha com alta de 0,34% e o \u00edndice Euro Stoxx  com leve alta de 0,03%.<\/p>\n\n\n\n<h2 class=\"wp-block-heading\">Cen\u00e1rio no Brasil<\/h2>\n\n\n\n<p>Ontem o mercado se agitou ap\u00f3s uma s\u00e9rie de eventos relacionados ao governo que trouxeram um ambiente de avers\u00e3o extrema ao risco. A vota\u00e7\u00e3o da PEC dos precat\u00f3rios que estava programa para acontecer na ter\u00e7a, e que era a esperan\u00e7a do governo para libera\u00e7\u00e3o de espa\u00e7o dentro do teto de gastos para a amplia\u00e7\u00e3o de programas de aux\u00edlio foi adiada para hoje, 20\/10 \u00e0s 14:00. <\/p>\n\n\n\n<p>Em paralelo, o governo tentava arrumar uma sa\u00edda para o pagamento de parcelas de R$ 400  para o novo programa Aux\u00edlio Brasil por\u00e9m o limite com o teto de gastos permitia que o valor m\u00e1ximo da parcela fosse de R$ 300, caso contr\u00e1rio, o que superasse o limite seria financiado fora do teto, o que reduz a confian\u00e7a do investidor em rela\u00e7\u00e3o ao compromisso do governo no controle de gastos, e acabou por derrubar a bolsa enquanto os juros futuros em todos os vencimentos subirem e o d\u00f3lar atingir a m\u00e1xima de R$ 5,62 no preg\u00e3o. <\/p>\n\n\n\n<p>O dia causou um grande impasse, j\u00e1 que integrantes da equipe econ\u00f4mica liderada pelo ministro Paulo Guedes n\u00e3o s\u00e3o favor\u00e1veis ao desrespeito ao teto de gastos e os pr\u00f3ximos dias continuar em um clima de avers\u00e3o ao risco e <a href=\"https:\/\/investnews.com.br\/guias\/volatilidade-o-que-e\/\">volatilidade<\/a> ao mercado.<\/p>\n\n\n\n<h2 class=\"wp-block-heading\">Ibovespa <\/h2>\n\n\n\n<figure class=\"wp-block-image size-large\"><img decoding=\"async\" src=\"https:\/\/www.tradingview.com\/x\/7vy0U1sE\/\" alt=\"\"\/><figcaption>Fonte: TradingView<\/figcaption><\/figure>\n\n\n\n<p>O \u00edndice vinha dando sinais t\u00edmidos de recupera\u00e7\u00e3o quando passou a ser negociado acima da m\u00e9dia di\u00e1ria de 21 per\u00edodos at\u00e9 segunda feira quando estava na regi\u00e3o dos 114 mil pontos mas com o dia negativo de ontem, o Ibov acabou devolvendo os ganhos anteriores e retornou ao patamar dos 110 mil pontos e abaixo das m\u00e9dias di\u00e1rias de 21 e 200 per\u00edodos. Sem a resolu\u00e7\u00e3o das quest\u00f5es pol\u00edticas e or\u00e7ament\u00e1rias, o mercado deve apresentar volatilidade.<\/p>\n\n\n\n<figure class=\"wp-block-table\"><table class=\"\"><tbody><tr><td><strong>Indicadores e eventos<\/strong><\/td><\/tr><tr><td><strong>Brasil<\/strong><\/td><\/tr><tr><td>Petrobras divulga relat\u00f3rio de produ\u00e7\u00e3o, ap\u00f3s o fechamento <\/td><\/tr><tr><td>CPI da Covid: apresenta\u00e7\u00e3o do relat\u00f3rio final (10h) <\/td><\/tr><tr><td>Fluxo cambial semanal <\/td><\/tr><tr><td>C\u00e2mara: reuni\u00e3o da comiss\u00e3o especial da PEC dos Precat\u00f3rios para discutir e votar parecer (14h) <\/td><\/tr><tr><td><strong>EUA<\/strong><\/td><\/tr><tr><td>Balan\u00e7os de Verizon, antes da abertura do mercado, e de IBM e Tesla, ap\u00f3s o fechamento do mercado <\/td><\/tr><tr><td>Estoques de petr\u00f3leo da semana at\u00e9 15\/10 <\/td><\/tr><tr><td>Presidente do Fed de Atlanta, Raphael Bostic, presidente do Fed de St. Louis, James Bullard, presidente do Fed de Chicago, Charles Evans, e presidente do Fed de Minneapolis, Neel Kashkari, participam de evento sobre racismo e economia organizado pelo Fed de Atlanta (13h) <\/td><\/tr><tr><td>Presidente do Fed de S\u00e3o Francisco, Mary Daly participa de conversa no simp\u00f3sio sobre finan\u00e7as e bancos asi\u00e1ticos, co-organizado pelo Fed de S\u00e3o Francisco (21h35)<\/td><\/tr><tr><td>Fed divulga Livro Bege (15h) <\/td><\/tr><\/tbody><\/table><\/figure>\n\n\n\n<figure class=\"wp-block-embed-youtube wp-block-embed is-type-video is-provider-youtube wp-embed-aspect-4-3 wp-has-aspect-ratio\"><div class=\"wp-block-embed__wrapper\">\nhttps:\/\/youtu.be\/x8FHdIebT1w\n<\/div><\/figure>\n","protected":false},"excerpt":{"rendered":"<p>Os principais fatos que podem impactar os mercados hoje e uma breve an\u00e1lise do \u00edndice Bovespa.<\/p>\n","protected":false},"author":46,"featured_media":242571,"comment_status":"closed","ping_status":"open","sticky":false,"template":"","format":"standard","meta":{"_acf_changed":false,"inline_featured_image":false,"footnotes":""},"categories":[4],"tags":[354,347,1616,1719],"autor-wsj":[],"coauthors":[2364],"class_list":["post-282735","post","type-post","status-publish","format-standard","has-post-thumbnail","hentry","category-financas","tag-juros","tag-paulo-guedes","tag-taxa-de-juros","tag-teto-de-gastos"],"acf":[],"amp_enabled":true,"_links":{"self":[{"href":"https:\/\/investnews.com.br\/inv-api\/wp\/v2\/posts\/282735","targetHints":{"allow":["GET"]}}],"collection":[{"href":"https:\/\/investnews.com.br\/inv-api\/wp\/v2\/posts"}],"about":[{"href":"https:\/\/investnews.com.br\/inv-api\/wp\/v2\/types\/post"}],"author":[{"embeddable":true,"href":"https:\/\/investnews.com.br\/inv-api\/wp\/v2\/users\/46"}],"replies":[{"embeddable":true,"href":"https:\/\/investnews.com.br\/inv-api\/wp\/v2\/comments?post=282735"}],"version-history":[{"count":5,"href":"https:\/\/investnews.com.br\/inv-api\/wp\/v2\/posts\/282735\/revisions"}],"predecessor-version":[{"id":282741,"href":"https:\/\/investnews.com.br\/inv-api\/wp\/v2\/posts\/282735\/revisions\/282741"}],"wp:featuredmedia":[{"embeddable":true,"href":"https:\/\/investnews.com.br\/inv-api\/wp\/v2\/media\/242571"}],"wp:attachment":[{"href":"https:\/\/investnews.com.br\/inv-api\/wp\/v2\/media?parent=282735"}],"wp:term":[{"taxonomy":"category","embeddable":true,"href":"https:\/\/investnews.com.br\/inv-api\/wp\/v2\/categories?post=282735"},{"taxonomy":"post_tag","embeddable":true,"href":"https:\/\/investnews.com.br\/inv-api\/wp\/v2\/tags?post=282735"},{"taxonomy":"autor-wsj","embeddable":true,"href":"https:\/\/investnews.com.br\/inv-api\/wp\/v2\/autor-wsj?post=282735"},{"taxonomy":"author","embeddable":true,"href":"https:\/\/investnews.com.br\/inv-api\/wp\/v2\/coauthors?post=282735"}],"curies":[{"name":"wp","href":"https:\/\/api.w.org\/{rel}","templated":true}]}}