{"id":282765,"date":"2021-10-20T10:41:45","date_gmt":"2021-10-20T13:41:45","guid":{"rendered":"https:\/\/investnews.com.br\/?p=282765"},"modified":"2021-10-20T19:52:37","modified_gmt":"2021-10-20T22:52:37","slug":"ibovespa-dolar-cotacao-20-10-2021","status":"publish","type":"post","link":"https:\/\/investnews.com.br\/financas\/ibovespa-dolar-cotacao-20-10-2021\/","title":{"rendered":"Ibovespa fecha em alta, mas n\u00e3o recupera perdas da v\u00e9spera; d\u00f3lar cai"},"content":{"rendered":"\n<p>O <strong>Ibovespa<\/strong> encerrou a quarta-feira (20) em alta, mas sem recuperar as perdas do tombo de mais de 3% do dia anterior. O d\u00f3lar fechou em queda sobre o real, mas tamb\u00e9m sem apagar os fortes ganhos da v\u00e9spera, quando o mercado reagiu a preocupa\u00e7\u00f5es sobre a situa\u00e7\u00e3o fiscal do pa\u00eds.<\/p>\n\n\n\n<p>O Ibovespa avan\u00e7ou 0,10% aos<strong>&nbsp;110.786&nbsp;pontos<\/strong>, bem perto da m\u00ednima do dia de 110.023 pontos e longe da maxima de 112.023 pontos. <\/p>\n\n\n\n<p>J\u00e1 o d\u00f3lar recuou<strong> 0,65% <\/strong>negociado a&nbsp;<strong>R$ 5,55<\/strong>, ap\u00f3s oscilar entre R$ 5,52 e R$ 5,59. <\/p>\n\n\n\n<ul class=\"wp-block-list\"><li>Cota\u00e7\u00e3o do\u00a0<a rel=\"noreferrer noopener\" href=\"https:\/\/investnews.com.br\/cotacao\/\" target=\"_blank\">Ibovespa hoje<\/a><\/li><li>Cota\u00e7\u00e3o do\u00a0<a rel=\"noreferrer noopener\" href=\"https:\/\/investnews.com.br\/cotacao\/cambio\/\" target=\"_blank\">d\u00f3lar hoje<\/a><\/li><li>Cota\u00e7\u00e3o do\u00a0<a rel=\"noreferrer noopener\" href=\"https:\/\/investnews.com.br\/cotacao\/criptomoedas\/\" target=\"_blank\">bitcoin hoje<\/a><\/li><\/ul>\n\n\n\n<figure class=\"wp-block-embed-youtube wp-block-embed is-type-video is-provider-youtube wp-embed-aspect-16-9 wp-has-aspect-ratio\"><div class=\"wp-block-embed__wrapper\">\n<iframe loading=\"lazy\" title=\"Aux\u00edlio Brasil de R$ 400: entenda a rea\u00e7\u00e3o da bolsa de valores\" width=\"500\" height=\"281\" src=\"https:\/\/www.youtube.com\/embed\/gvZqIppeYHw?start=1424&#038;feature=oembed\" frameborder=\"0\" allow=\"accelerometer; autoplay; clipboard-write; encrypted-media; gyroscope; picture-in-picture; web-share\" referrerpolicy=\"strict-origin-when-cross-origin\" allowfullscreen><\/iframe>\n<\/div><\/figure>\n\n\n\n<h2 class=\"wp-block-heading\">Cen\u00e1rio<\/h2>\n\n\n\n<p>O mercado segue em estado de tens\u00e3o depois da forte queda da bolsa no dia anterior, quando o <a href=\"https:\/\/investnews.com.br\/boletim-investnews\/ibovespa-despenca-juros-disparam-2-cuidados-para-seus-investimentos\/\" class=\"rank-math-link\">Ibovespa chegou a cair quase 4%<\/a> ap\u00f3s not\u00edcias de que o governo proporia bancar parte do novo Bolsa Fam\u00edlia <a href=\"https:\/\/investnews.com.br\/economia\/ministerio-cancela-evento-de-lancamento-do-auxilio-brasil\/\" class=\"rank-math-link\">(Aux\u00edlio Brasil) <\/a>com recursos <strong>fora do teto de gastos<\/strong> at\u00e9 o fim de 2022. Analistas disseram que seria a desmoraliza\u00e7\u00e3o do instrumento, visto como \u00e2ncora fiscal do pa\u00eds.<\/p>\n\n\n\n<p>O governo pretende lan\u00e7ar o programa assistencial para&nbsp;<strong>substituir o Bolsa Fam\u00edlia com valor de R$ 400 em 2022<\/strong>, ano em que o presidente da Rep\u00fablica, Jair Bolsonaro, buscar\u00e1 a reelei\u00e7\u00e3o.<\/p>\n\n\n\n<p>Parte desse valor, cerca de R$ 100, seria contabilizado fora do teto de gastos, em uma vit\u00f3ria da ala pol\u00edtica do governo sobre a equipe econ\u00f4mica e gerando repercuss\u00e3o negativa na equipe do ministro da Economia, Paulo Guedes.<\/p>\n\n\n\n<p>O notici\u00e1rio mais recente aponta que o Executivo poderia recorrer a um ajuste na <a href=\"https:\/\/investnews.com.br\/economia\/bolsa-familia-e-precatorios-entenda\/\" class=\"rank-math-link\">PEC dos precat\u00f3rios<\/a> para viabilizar o Aux\u00edlio Brasil &#8211; a PEC pode ser votada em comiss\u00e3o especial nesta quarta.<\/p>\n\n\n\n<p>Dificultando ainda mais a vida do ministro da Economia, Paulo Guedes, h\u00e1 quem diga que a <strong>reforma do <a href=\"https:\/\/investnews.com.br\/guias\/imposto-de-renda-o-que-e\/\">Imposto de Renda<\/a><\/strong> &#8211; aposta inicial do ministro para financiar o Aux\u00edlio Brasil &#8211; n\u00e3o deve avan\u00e7ar no Senado at\u00e9 pelo menos o fim do governo atual.<\/p>\n\n\n\n<p>&#8220;De fato, a despeito das altas da Selic nos \u00faltimos meses, o fiscal parece que \u00e9 o principal respons\u00e1vel pela cont\u00ednua trajet\u00f3ria altista do d\u00f3lar frente ao real&#8221;, disse Rafael Gabriel Pacheco, da Guide Investimentos.<\/p>\n\n\n\n<p>Al\u00e9m disso, o mercado tamb\u00e9m ficou movimentado com o anuncio do <strong>Banco Central<\/strong> da venda dos lotes completos de contratos de <a href=\"https:\/\/investnews.com.br\/guias\/swap-como-funciona\/\">swap<\/a> cambial tradicional ofertados em dois leil\u00f5es &#8212; um extraordin\u00e1rio e outro previsto em calend\u00e1rio &#8212; nesta quarta-feira, o que despejar\u00e1 no mercado futuro o equivalente a US$ 1,2 bilh\u00e3o em dinheiro &#8220;novo&#8221;.<\/p>\n\n\n\n<p>A autarquia vendeu todos os 14 mil contratos de swaps cambiais (US$ 700 milh\u00f5es) ofertados em leil\u00e3o que faz parte de medidas anunciadas no fim de setembro relacionadas ao desmonte do &#8220;overhedge&#8221; por institui\u00e7\u00f5es financeiras.<\/p>\n\n\n\n<p>Nessa opera\u00e7\u00e3o, ocorrida entre 10h30 e 10h40 (de Bras\u00edlia), foram colocados 3 mil contratos para 1\u00ba de junho de 2022 e 11 mil para 1\u00ba de setembro de 2022.<\/p>\n\n\n\n<p>Mais cedo, o <a href=\"https:\/\/investnews.com.br\/guias\/registrato-bacen-o-que-e-e-como-consultar\/\">Bacen<\/a> j\u00e1 havia negociado 1.700 contratos para 1\u00ba de fevereiro de 2022 e 8.300 para 1\u00ba de junho de 2022 (total de US$ 500 milh\u00f5es) em leil\u00e3o extraordin\u00e1rio, que n\u00e3o faz parte da &#8220;ra\u00e7\u00e3o&#8221; relacionada ao &#8220;overhedge&#8221; que a autoridade monet\u00e1ria tem oferecido \u00e0s segundas e quartas.<\/p>\n\n\n\n<p>Somadas, as duas opera\u00e7\u00f5es irrigaram o mercado com US$ 1,2 bilh\u00e3o.<\/p>\n\n\n\n<h2 class=\"wp-block-heading\">Destaques <\/h2>\n\n\n\n<p>As units do <strong>Banco Inter<\/strong> lideraram as valoriza\u00e7\u00f5es do Ibovespa no preg\u00e3o desta quarta. Na outra ponta, as units da <strong>Getnet<\/strong>, que chegaram a abrir o preg\u00e3o em forte alta, ca\u00edram forte liderando as baixas do indicador. Fora do Ibovespa, a <strong>Positivo<\/strong> disparou em meio \u00e0 not\u00edcia de que foi a \u00fanica empresa habilitada para participar de licita\u00e7\u00e3o de<strong>&nbsp;fornecimento de at\u00e9 176 mil novas urnas eletr\u00f4nicas<\/strong>. <a href=\"https:\/\/investnews.com.br\/financas\/positivo-sobe-forte-vale-cai-mais-de-2-apos-divulgacao-de-producao\/\" class=\"rank-math-link\"><em>Veja os destaques.<\/em> <\/a><\/p>\n\n\n\n<h2 class=\"wp-block-heading\">Bolsas Mundiais<\/h2>\n\n\n\n<h4 class=\"wp-block-heading\">Wall Street<\/h4>\n\n\n\n<p>Os principais \u00edndices de a\u00e7\u00f5es dos Estados Unidos encerraram em alta nesta quarta-feira, ajudados por fortes perspectivas trimestrais de empresas como <strong>Anthem<\/strong> (<a href=\"https:\/\/investnews.com.br\/cotacao\/a1nt34-anthem-inc\/\" class=\"rank-math-link\">A1NT34<\/a>) e <strong>Verizon<\/strong> (<a href=\"https:\/\/investnews.com.br\/cotacao\/verz34-verizon-communications\/\" class=\"rank-math-link\">VERZ34<\/a>), embora preocupa\u00e7\u00f5es com o impacto de restri\u00e7\u00f5es na cadeia de suprimentos e da infla\u00e7\u00e3o sobre os lucros corporativos limitassem os ganhos.<\/p>\n\n\n\n<p>O<strong> Dow Jones<\/strong> subiu 0,43%, a 35.609 pontos. O<strong> S&amp;P 500 <\/strong>avan\u00e7ou 0,37%, a 4.536 pontos, enquanto o <strong>Nasdaq<\/strong> encerrou em leve queda de 0,05%, a 15.121 pontos. <\/p>\n\n\n\n<h4 class=\"wp-block-heading\">Europa<\/h4>\n\n\n\n<p>As a\u00e7\u00f5es europeias fecharam numa m\u00e1xima em seis semanas nesta quarta-feira, com os fortes resultados da Nestl\u00e9 impulsionando pap\u00e9is de empresas de alimentos e ajudando a compensar perdas depois de uma s\u00e9rie de balan\u00e7os corporativos decepcionantes, incluindo os do grupo de luxo Kering e da fabricante de chips ASML. <\/p>\n\n\n\n<ul class=\"wp-block-list\"><li>Em LONDRES, o \u00edndice Financial Times avan\u00e7ou 0,08%, a 7.223,10 pontos.<\/li><li>Em FRANKFURT, o \u00edndice DAX subiu 0,05%, a 15.522,92 pontos.<\/li><li>Em PARIS, o \u00edndice CAC-40 ganhou 0,54%, a 6.705,61 pontos.<\/li><li>Em MIL\u00c3O, o \u00edndice Ftse\/Mib teve valoriza\u00e7\u00e3o de 0,94%, a 26.581,77 pontos.<\/li><li>Em MADRI, o \u00edndice Ibex-35 registrou alta de 0,24%, a 9.017,90 pontos.<\/li><li>Em LISBOA, o \u00edndice PSI20 valorizou-se 1,61%, a 5.762,20 pontos.<\/li><\/ul>\n\n\n\n<h4 class=\"wp-block-heading\">\u00c1sia e Pac\u00edfico<\/h4>\n\n\n\n<p>As a\u00e7\u00f5es asi\u00e1ticas avan\u00e7aram nesta quarta-feira, com o otimismo crescente sobre a economia global e os lucros corporativos, enquanto o iene caiu para uma m\u00ednima em quatro anos em rela\u00e7\u00e3o ao d\u00f3lar. Na China continental, o mercado foi prejudicado por dados mais fracos sobre o setor imobili\u00e1rio.<\/p>\n\n\n\n<p>&#8220;No in\u00edcio deste m\u00eas, a estagfla\u00e7\u00e3o era a palavra da moda em Wall Street. Mas agora o pessimismo excessivo est\u00e1 diminuindo, especialmente ap\u00f3s os<a class=\"rank-math-link\" href=\"https:\/\/investnews.com.br\/economia\/vendas-no-varejo-dos-eua\/\"> fortes dados de vendas no varejo dos EUA<\/a> na sexta-feira&#8221;, disse Norihiro Fujito, estrategista-chefe de investimentos da Mitsubishi UFJ Morgan Stanley Securities.<\/p>\n\n\n\n<ul class=\"wp-block-list\"><li>Em T\u00d3QUIO, o \u00edndice<strong> Nikkei<\/strong> avan\u00e7ou 0,14%, a 29.255,55 pontos.<\/li><li>Em HONG KONG, o \u00edndice <strong>HANG SENG<\/strong> subiu 1,35%, a 26.136,02 pontos.<\/li><li>Em XANGAI, o \u00edndice <strong>SSEC<\/strong> perdeu 0,17%, a 3.587,00 pontos.<\/li><li>O \u00edndice <strong>CSI300<\/strong>, que re\u00fane as maiores companhias listadas em XANGAI e SHENZHEN, retrocedeu 0,25%, a 4.910,18 pontos.<\/li><li>Em SEUL, o \u00edndice <strong>KOSPI<\/strong> teve desvaloriza\u00e7\u00e3o de 0,53%, a 3.013,13 pontos.<\/li><li>Em TAIWAN, o \u00edndice <strong>TAIEX<\/strong> registrou baixa de 0,08%, a 16.887,82 pontos.<\/li><li>Em CINGAPURA, o \u00edndice <strong>STRAITS TIMES<\/strong> desvalorizou-se 0,03%, a 3.198,08 pontos.<\/li><li>Em SYDNEY o \u00edndice <strong>S&amp;P\/ASX 200<\/strong> avan\u00e7ou 0,53%, a 7.413,70 pontos.<\/li><\/ul>\n\n\n\n<p>( * <strong>Com informa\u00e7\u00f5es da Reuters<\/strong>)<\/p>\n\n\n\n<h4 class=\"wp-block-heading\">Veja tamb\u00e9m<\/h4>\n\n\n\n<ul class=\"wp-block-list\"><li><a rel=\"noreferrer noopener\" target=\"_blank\" href=\"https:\/\/investnews.com.br\/negocios\/cancelamentos-demora-uber\/\">Uber<\/a>&nbsp;em crise? N\u00famero de motoristas diminui e usu\u00e1rios enfrentam problemas<\/li><li>Impulsionado pelo Atacad\u00e3o,&nbsp;<a rel=\"noreferrer noopener\" target=\"_blank\" href=\"https:\/\/investnews.com.br\/negocios\/impulsionado-pelo-atacadao-grupo-carrefour-soma-r-208-bi-em-vendas-no-3o-tri\/\">Grupo Carrefour<\/a>&nbsp;soma R$ 20,8 bi em vendas no 3\u00ba tri<\/li><li><a rel=\"noreferrer noopener\" target=\"_blank\" href=\"https:\/\/investnews.com.br\/negocios\/cesp-tera-novo-nome-e-base-acionaria-na-b3-sera-migrada-para-o-novo-mercado\/\">CESP<\/a>&nbsp;ter\u00e1 novo nome e base acion\u00e1ria na B3 ser\u00e1 migrada para o Novo Mercado<\/li><li><a rel=\"noreferrer noopener\" target=\"_blank\" href=\"https:\/\/investnews.com.br\/boletim-investnews\/ibovespa-despenca-juros-disparam-2-cuidados-para-seus-investimentos\/\">Ibovespa<\/a>&nbsp;despenca, juros disparam: 2 cuidados para seus investimentos<\/li><li><a rel=\"noreferrer noopener\" target=\"_blank\" href=\"https:\/\/investnews.com.br\/financas\/indice-gptw-conheca-o-primeiro-indice-social-da-b3\/\">B3<\/a>&nbsp;lan\u00e7a seu primeiro \u00edndice com foco no pilar social<\/li><li><a href=\"https:\/\/www.youtube.com\/watch?v=B4koU4s9XbU\" class=\"rank-math-link\" target=\"_blank\" rel=\"noopener\">Financiamento<\/a>: como reduzir o valor das parcelas?<\/li><\/ul>\n","protected":false},"excerpt":{"rendered":"<p>Receios sobre o teto de gastos seguem alimentando receios no mercado.<\/p>\n","protected":false},"author":7,"featured_media":256575,"comment_status":"closed","ping_status":"open","sticky":false,"template":"","format":"standard","meta":{"_acf_changed":false,"inline_featured_image":false,"footnotes":""},"categories":[4],"tags":[26],"autor-wsj":[],"coauthors":[1494],"class_list":["post-282765","post","type-post","status-publish","format-standard","has-post-thumbnail","hentry","category-financas","tag-dolar"],"acf":[],"amp_enabled":true,"_links":{"self":[{"href":"https:\/\/investnews.com.br\/inv-api\/wp\/v2\/posts\/282765","targetHints":{"allow":["GET"]}}],"collection":[{"href":"https:\/\/investnews.com.br\/inv-api\/wp\/v2\/posts"}],"about":[{"href":"https:\/\/investnews.com.br\/inv-api\/wp\/v2\/types\/post"}],"author":[{"embeddable":true,"href":"https:\/\/investnews.com.br\/inv-api\/wp\/v2\/users\/7"}],"replies":[{"embeddable":true,"href":"https:\/\/investnews.com.br\/inv-api\/wp\/v2\/comments?post=282765"}],"version-history":[{"count":20,"href":"https:\/\/investnews.com.br\/inv-api\/wp\/v2\/posts\/282765\/revisions"}],"predecessor-version":[{"id":282966,"href":"https:\/\/investnews.com.br\/inv-api\/wp\/v2\/posts\/282765\/revisions\/282966"}],"wp:featuredmedia":[{"embeddable":true,"href":"https:\/\/investnews.com.br\/inv-api\/wp\/v2\/media\/256575"}],"wp:attachment":[{"href":"https:\/\/investnews.com.br\/inv-api\/wp\/v2\/media?parent=282765"}],"wp:term":[{"taxonomy":"category","embeddable":true,"href":"https:\/\/investnews.com.br\/inv-api\/wp\/v2\/categories?post=282765"},{"taxonomy":"post_tag","embeddable":true,"href":"https:\/\/investnews.com.br\/inv-api\/wp\/v2\/tags?post=282765"},{"taxonomy":"autor-wsj","embeddable":true,"href":"https:\/\/investnews.com.br\/inv-api\/wp\/v2\/autor-wsj?post=282765"},{"taxonomy":"author","embeddable":true,"href":"https:\/\/investnews.com.br\/inv-api\/wp\/v2\/coauthors?post=282765"}],"curies":[{"name":"wp","href":"https:\/\/api.w.org\/{rel}","templated":true}]}}