{"id":282787,"date":"2021-10-20T11:51:49","date_gmt":"2021-10-20T14:51:49","guid":{"rendered":"https:\/\/investnews.com.br\/?p=282787"},"modified":"2021-10-20T17:53:27","modified_gmt":"2021-10-20T20:53:27","slug":"positivo-sobe-forte-vale-cai-mais-de-2-apos-divulgacao-de-producao","status":"publish","type":"post","link":"https:\/\/investnews.com.br\/financas\/positivo-sobe-forte-vale-cai-mais-de-2-apos-divulgacao-de-producao\/","title":{"rendered":"Banco Inter sobe quase 7%; units da Getnet viram e fecham em queda de 8%"},"content":{"rendered":"\n<p>As <a href=\"https:\/\/investnews.com.br\/guias\/o-que-sao-units\/\">units<\/a> do <strong>Banco Inter<\/strong>\u00a0(<a rel=\"noreferrer noopener\" href=\"https:\/\/investnews.com.br\/cotacao\/bidi3-banco-inter\/\" target=\"_blank\">BID11<\/a>) ocuparam a lideran\u00e7a das altas do Ibovespa nesta quarta-feira (20).<strong> <\/strong>Os pap\u00e9is da <strong>Getnet<\/strong>, que pela manh\u00e3 subiram forte acompanhando a tend\u00eancia de alta dos \u00faltimos dois preg\u00f5es, viraram e finalizaram o dia com a maior desvaloriza\u00e7\u00e3o do indicador. <\/p>\n\n\n\n<p>Oos pap\u00e9is d<strong>e Petz <a href=\"https:\/\/investnews.com.br\/cotacao\/petz3-petz\/\" class=\"rank-math-link\">(PETZ3)<\/a>, Minerva <a href=\"https:\/\/investnews.com.br\/cotacao\/beef3-minerva\/\" class=\"rank-math-link\">(BEEF3)<\/a> <\/strong>e <strong>Usiminas<\/strong> <a href=\"https:\/\/investnews.com.br\/cotacao\/usim3-usiminas\/\" class=\"rank-math-link\">(USIM5) <\/a>tamb\u00e9m performaram entre as principais baixas, fecharam em queda de 4,51%, 4,06% e 3,98%, respectivamente. <\/p>\n\n\n\n<p>A <strong>Vale <\/strong>tamb\u00e9m caiu em meio \u00e0 divulga\u00e7\u00e3o de dados sobre produ\u00e7\u00e3o.  <\/p>\n\n\n\n<p>O <strong>Grupo Carrefour <\/strong>virou e terminou o dia com perdas ap\u00f3s divulga\u00e7\u00e3o de dados operacionais de vendas.<em> <\/em><\/p>\n\n\n\n<p>Fora do Ibovespa, a <strong>Positivo<\/strong> subiu forte em meio \u00e0 not\u00edcia de que foi a \u00fanica empresa habilitada para participar de licita\u00e7\u00e3o de<strong>\u00a0fornecimento de at\u00e9 176 mil novas urnas eletr\u00f4nicas<\/strong>. <em>Veja os destaques registrados por volta das 15h30:<\/em><\/p>\n\n\n\n<h2 class=\"wp-block-heading\">Getnet<\/h2>\n\n\n\n<p>As units da<strong> Getnet<a href=\"https:\/\/investnews.com.br\/cotacao\/gett3-gett4-gett11-getnet-adquirencia-e-servicos-para-meios-de-pagamento-sa\/\" class=\"rank-math-link\"> (GET11)<\/a><\/strong> reverteraram a alta e encerraram o dia em queda de 8,24%, para R$ 8,35%. A companhia vinha de dois preg\u00f5es consecutivos de altas, ap\u00f3s sua estreia na bolsa na \u00faltima segunda-feira.  <\/p>\n\n\n\n<h2 class=\"wp-block-heading\">Vale <\/h2>\n\n\n\n<p> A\u00a0Vale <a href=\"https:\/\/investnews.com.br\/cotacao\/vale3-vale\/\" class=\"rank-math-link\">(VALE3)<\/a> caiu 3,28%, negociada a R$ 76,42, entre as principais baixas do Ibovespa. A  companhia\u00a0produziu 89,4 milh\u00f5es de toneladas de min\u00e9rio de ferro no terceiro trimestre, alta de 0,8% ante o mesmo per\u00edodo do ano anterior. A Usiminas <a href=\"https:\/\/investnews.com.br\/cotacao\/usim3-usiminas\/\" class=\"rank-math-link\">(USIM5) <\/a>caiu 3,98%, cotada a R$ 14,97. <\/p>\n\n\n\n<h2 class=\"wp-block-heading\">Atacad\u00e3o<\/h2>\n\n\n\n<p>O\u00a0<strong>Grupo Carrefour Brasil<\/strong>\u00a0<a rel=\"noreferrer noopener\" href=\"https:\/\/investnews.com.br\/cotacao\/crfb3-carrefour\/\" target=\"_blank\" class=\"rank-math-link\">(CRFB3)<\/a>\u00a0recuou 2,55%, para R$ 17,61. A companhia informou na noite da v\u00e9spera que registrou R$ 20,8 bilh\u00f5es em vendas no terceiro trimestre, o que representa uma alta de 7,7% ante o mesmo trimestre do ano passado. O resultado se deve ao crescimento de 14,3% nas vendas do Atacad\u00e3o, que chegou a R$ 15,5 bilh\u00f5es no per\u00edodo. J\u00e1 as vendas totais do Carrefour Varejo alcan\u00e7aram R$ 5,3 bilh\u00f5es, uma queda de 8%. <\/p>\n\n\n\n<h2 class=\"wp-block-heading\">Positivo <\/h2>\n\n\n\n<p>Fora do Ibovespa, a  <strong>Positivo Tecnologia<\/strong>\u00a0(<a rel=\"noreferrer noopener\" href=\"https:\/\/investnews.com.br\/cotacao\/posi3-positivo\/\" target=\"_blank\">POSI3<\/a>) subiu 5,03%, para R$ 10,45.  A companhia <a href=\"https:\/\/investnews.com.br\/negocios\/positivo-tecnologia-e-a-unica-empresa-habilitada-para-licitacao-de-urnas\/\" class=\"rank-math-link\">anunciou <\/a>na ter\u00e7a-feira (19) que foi confirmada pelo Tribunal Superior Eleitoral (TSE) como \u00fanica empresa habilitada para participar de licita\u00e7\u00e3o de<strong>\u00a0fornecimento de at\u00e9 176 mil novas urnas eletr\u00f4nicas\u00a0<\/strong>para as elei\u00e7\u00f5es do pr\u00f3ximo ano. <\/p>\n\n\n\n<p><strong>Veja tamb\u00e9m<\/strong><\/p>\n\n\n\n<ul class=\"wp-block-list\"><li><a target=\"_blank\" href=\"https:\/\/investnews.com.br\/negocios\/cancelamentos-demora-uber\/\" rel=\"noreferrer noopener\">Uber<\/a>&nbsp;em crise? N\u00famero de motoristas diminui e usu\u00e1rios enfrentam problemas<\/li><li>Impulsionado pelo Atacad\u00e3o,&nbsp;<a target=\"_blank\" href=\"https:\/\/investnews.com.br\/negocios\/impulsionado-pelo-atacadao-grupo-carrefour-soma-r-208-bi-em-vendas-no-3o-tri\/\" rel=\"noreferrer noopener\">Grupo Carrefour<\/a>&nbsp;soma R$ 20,8 bi em vendas no 3\u00ba tri<\/li><li><a target=\"_blank\" href=\"https:\/\/investnews.com.br\/negocios\/cesp-tera-novo-nome-e-base-acionaria-na-b3-sera-migrada-para-o-novo-mercado\/\" rel=\"noreferrer noopener\">CESP<\/a>&nbsp;ter\u00e1 novo nome e base acion\u00e1ria na B3 ser\u00e1 migrada para o Novo Mercado<\/li><li><a target=\"_blank\" href=\"https:\/\/investnews.com.br\/boletim-investnews\/ibovespa-despenca-juros-disparam-2-cuidados-para-seus-investimentos\/\" rel=\"noreferrer noopener\">Ibovespa<\/a>&nbsp;despenca, juros disparam: 2 cuidados para seus investimentos<\/li><li><a target=\"_blank\" href=\"https:\/\/investnews.com.br\/financas\/indice-gptw-conheca-o-primeiro-indice-social-da-b3\/\" rel=\"noreferrer noopener\">B3<\/a>&nbsp;lan\u00e7a seu primeiro \u00edndice com foco no pilar social<\/li><\/ul>\n\n\n\n<p><\/p>\n","protected":false},"excerpt":{"rendered":"<p>Fora do Ibovespa, a Positivo encerrou dia em alta de 5%. Veja os destaques desta quarta-feira:<\/p>\n","protected":false},"author":53,"featured_media":119570,"comment_status":"closed","ping_status":"open","sticky":false,"template":"","format":"standard","meta":{"_acf_changed":false,"inline_featured_image":false,"footnotes":""},"categories":[4],"tags":[],"autor-wsj":[],"coauthors":[2433],"class_list":["post-282787","post","type-post","status-publish","format-standard","has-post-thumbnail","hentry","category-financas"],"acf":[],"amp_enabled":true,"_links":{"self":[{"href":"https:\/\/investnews.com.br\/inv-api\/wp\/v2\/posts\/282787","targetHints":{"allow":["GET"]}}],"collection":[{"href":"https:\/\/investnews.com.br\/inv-api\/wp\/v2\/posts"}],"about":[{"href":"https:\/\/investnews.com.br\/inv-api\/wp\/v2\/types\/post"}],"author":[{"embeddable":true,"href":"https:\/\/investnews.com.br\/inv-api\/wp\/v2\/users\/53"}],"replies":[{"embeddable":true,"href":"https:\/\/investnews.com.br\/inv-api\/wp\/v2\/comments?post=282787"}],"version-history":[{"count":7,"href":"https:\/\/investnews.com.br\/inv-api\/wp\/v2\/posts\/282787\/revisions"}],"predecessor-version":[{"id":282943,"href":"https:\/\/investnews.com.br\/inv-api\/wp\/v2\/posts\/282787\/revisions\/282943"}],"wp:featuredmedia":[{"embeddable":true,"href":"https:\/\/investnews.com.br\/inv-api\/wp\/v2\/media\/119570"}],"wp:attachment":[{"href":"https:\/\/investnews.com.br\/inv-api\/wp\/v2\/media?parent=282787"}],"wp:term":[{"taxonomy":"category","embeddable":true,"href":"https:\/\/investnews.com.br\/inv-api\/wp\/v2\/categories?post=282787"},{"taxonomy":"post_tag","embeddable":true,"href":"https:\/\/investnews.com.br\/inv-api\/wp\/v2\/tags?post=282787"},{"taxonomy":"autor-wsj","embeddable":true,"href":"https:\/\/investnews.com.br\/inv-api\/wp\/v2\/autor-wsj?post=282787"},{"taxonomy":"author","embeddable":true,"href":"https:\/\/investnews.com.br\/inv-api\/wp\/v2\/coauthors?post=282787"}],"curies":[{"name":"wp","href":"https:\/\/api.w.org\/{rel}","templated":true}]}}