{"id":282945,"date":"2021-10-20T18:08:51","date_gmt":"2021-10-20T21:08:51","guid":{"rendered":"https:\/\/investnews.com.br\/?p=282945"},"modified":"2024-06-24T12:07:24","modified_gmt":"2024-06-24T15:07:24","slug":"auxilio-brasil-de-r-400-entenda-a-reacao-da-bolsa-de-valores","status":"publish","type":"post","link":"https:\/\/investnews.com.br\/financas\/auxilio-brasil-de-r-400-entenda-a-reacao-da-bolsa-de-valores\/","title":{"rendered":"Aux\u00edlio Brasil de R$ 400: entenda a rea\u00e7\u00e3o da bolsa de valores"},"content":{"rendered":"\n<figure class=\"wp-block-embed-youtube wp-block-embed is-type-video is-provider-youtube wp-embed-aspect-16-9 wp-has-aspect-ratio\"><div class=\"wp-block-embed__wrapper\">\n<iframe loading=\"lazy\" title=\"Aux\u00edlio Brasil de R$ 400: entenda a rea\u00e7\u00e3o da bolsa de valores\" width=\"500\" height=\"281\" src=\"https:\/\/www.youtube.com\/embed\/gvZqIppeYHw?feature=oembed\" frameborder=\"0\" allow=\"accelerometer; autoplay; clipboard-write; encrypted-media; gyroscope; picture-in-picture; web-share\" referrerpolicy=\"strict-origin-when-cross-origin\" allowfullscreen><\/iframe>\n<\/div><\/figure>\n\n\n\n<p>O governo confirmou o valor de R$ 400 para o programa <strong>Aux\u00edlio Brasil<\/strong> &#8211; uma extens\u00e3o do Bolsa Fam\u00edlia. A preocupa\u00e7\u00e3o do <a href=\"https:\/\/investnews.com.br\/guias\/como-funciona-o-mercado-financeiro\/\">mercado financeiro<\/a> \u00e9 com o teto de gastos. A bolsa de valores pode cair mais? O que deve acontecer com o <a href=\"https:\/\/investnews.com.br\/cotacao\/\" target=\"_blank\" aria-label=\"Ibovespa (opens in a new tab)\" rel=\"noreferrer noopener\" class=\"rank-math-link\">Ibovespa<\/a>?<\/p>\n\n\n\n<p>O programa desta quarta-feira (20) comenta ainda a queda da a\u00e7\u00e3o <a href=\"https:\/\/investnews.com.br\/cotacao\/vale3-vale\/\" class=\"rank-math-link\">VALE3<\/a> ap\u00f3s a divulga\u00e7\u00e3o das pr\u00e9vias do resultado da empresa. O que esperar do balan\u00e7o da Vale?<\/p>\n\n\n\n<p>O BLTM comenta as not\u00edcias que mexeram com o mercado financeiro, com cota\u00e7\u00e3o do <a href=\"https:\/\/investnews.com.br\/cotacao\/cambio\/\" class=\"rank-math-link\">d\u00f3lar<\/a> e fechamento do Ibovespa do dia, al\u00e9m das a\u00e7\u00f5es que mais subiram e mais ca\u00edram.<\/p>\n\n\n\n<p>Com apresenta\u00e7\u00e3o da jornalista Karina Trevizan, o programa conta com coment\u00e1rios de Jos\u00e9 Falc\u00e3o, analista e investimentos do Nu invest. <\/p>\n\n\n\n<p><strong>Veja tamb\u00e9m<\/strong><\/p>\n\n\n\n<ul class=\"wp-block-list\"><li><a rel=\"noreferrer noopener\" target=\"_blank\" href=\"https:\/\/investnews.com.br\/negocios\/cancelamentos-demora-uber\/\">Uber<\/a>\u00a0em crise? N\u00famero de motoristas diminui e usu\u00e1rios enfrentam problemas<\/li><li><a href=\"https:\/\/investnews.com.br\/economia\/pagamento-do-auxilio-brasil-calendario\/\">Calend\u00e1rio Aux\u00edlio Brasil<\/a>: veja as datas do pagamento de novembro<\/li><li><a rel=\"noreferrer noopener\" target=\"_blank\" href=\"https:\/\/investnews.com.br\/negocios\/cesp-tera-novo-nome-e-base-acionaria-na-b3-sera-migrada-para-o-novo-mercado\/\">CESP<\/a>\u00a0ter\u00e1 novo nome e base acion\u00e1ria na B3 ser\u00e1 migrada para o Novo Mercado<\/li><li><a rel=\"noreferrer noopener\" target=\"_blank\" href=\"https:\/\/investnews.com.br\/boletim-investnews\/ibovespa-despenca-juros-disparam-2-cuidados-para-seus-investimentos\/\">Ibovespa<\/a>\u00a0despenca, juros disparam: 2 cuidados para seus investimentos<\/li><li><a rel=\"noreferrer noopener\" target=\"_blank\" href=\"https:\/\/investnews.com.br\/financas\/indice-gptw-conheca-o-primeiro-indice-social-da-b3\/\">B3<\/a>\u00a0lan\u00e7a seu primeiro \u00edndice com foco no pilar social<\/li><\/ul>\n","protected":false},"excerpt":{"rendered":"<p>Programa comenta ainda a queda da a\u00e7\u00e3o da Vale ap\u00f3s a divulga\u00e7\u00e3o das pr\u00e9vias do resultado da empresa.<\/p>\n","protected":false},"author":31,"featured_media":282950,"comment_status":"closed","ping_status":"open","sticky":false,"template":"","format":"standard","meta":{"_acf_changed":false,"inline_featured_image":false,"footnotes":""},"categories":[4],"tags":[2495,226,914,208],"autor-wsj":[],"coauthors":[1908,1565],"class_list":["post-282945","post","type-post","status-publish","format-standard","has-post-thumbnail","hentry","category-financas","tag-auxilio-brasil","tag-bolsa-de-valores","tag-bolsa-familia","tag-vale"],"acf":[],"amp_enabled":true,"_links":{"self":[{"href":"https:\/\/investnews.com.br\/inv-api\/wp\/v2\/posts\/282945","targetHints":{"allow":["GET"]}}],"collection":[{"href":"https:\/\/investnews.com.br\/inv-api\/wp\/v2\/posts"}],"about":[{"href":"https:\/\/investnews.com.br\/inv-api\/wp\/v2\/types\/post"}],"author":[{"embeddable":true,"href":"https:\/\/investnews.com.br\/inv-api\/wp\/v2\/users\/31"}],"replies":[{"embeddable":true,"href":"https:\/\/investnews.com.br\/inv-api\/wp\/v2\/comments?post=282945"}],"version-history":[{"count":4,"href":"https:\/\/investnews.com.br\/inv-api\/wp\/v2\/posts\/282945\/revisions"}],"predecessor-version":[{"id":288382,"href":"https:\/\/investnews.com.br\/inv-api\/wp\/v2\/posts\/282945\/revisions\/288382"}],"wp:featuredmedia":[{"embeddable":true,"href":"https:\/\/investnews.com.br\/inv-api\/wp\/v2\/media\/282950"}],"wp:attachment":[{"href":"https:\/\/investnews.com.br\/inv-api\/wp\/v2\/media?parent=282945"}],"wp:term":[{"taxonomy":"category","embeddable":true,"href":"https:\/\/investnews.com.br\/inv-api\/wp\/v2\/categories?post=282945"},{"taxonomy":"post_tag","embeddable":true,"href":"https:\/\/investnews.com.br\/inv-api\/wp\/v2\/tags?post=282945"},{"taxonomy":"autor-wsj","embeddable":true,"href":"https:\/\/investnews.com.br\/inv-api\/wp\/v2\/autor-wsj?post=282945"},{"taxonomy":"author","embeddable":true,"href":"https:\/\/investnews.com.br\/inv-api\/wp\/v2\/coauthors?post=282945"}],"curies":[{"name":"wp","href":"https:\/\/api.w.org\/{rel}","templated":true}]}}