{"id":283472,"date":"2021-10-22T12:11:25","date_gmt":"2021-10-22T15:11:25","guid":{"rendered":"https:\/\/investnews.com.br\/?p=283472"},"modified":"2026-03-30T14:10:55","modified_gmt":"2026-03-30T17:10:55","slug":"debandada-na-equipe-de-guedes-derruba-os-mercados-e-agora","status":"publish","type":"post","link":"https:\/\/investnews.com.br\/financas\/debandada-na-equipe-de-guedes-derruba-os-mercados-e-agora\/","title":{"rendered":"Debandada na equipe de Guedes derruba os mercados; e agora?"},"content":{"rendered":"\n<figure class=\"wp-block-embed is-type-video is-provider-youtube wp-block-embed-youtube wp-embed-aspect-16-9 wp-has-aspect-ratio\"><div class=\"wp-block-embed__wrapper\">\n<iframe loading=\"lazy\" title=\"D\u00f3lar bate R$ 5,75 e Ibovespa despenca ap\u00f3s debandada na equipe de Guedes\" width=\"500\" height=\"281\" src=\"https:\/\/www.youtube.com\/embed\/ru_aHoDxziI?feature=oembed\" frameborder=\"0\" allow=\"accelerometer; autoplay; clipboard-write; encrypted-media; gyroscope; picture-in-picture; web-share\" referrerpolicy=\"strict-origin-when-cross-origin\" allowfullscreen><\/iframe>\n<\/div><\/figure>\n\n\n\n<p>Quatro secret\u00e1rios que estavam no comando da \u00e1rea fiscal do Minist\u00e9rio da Economia solicitaram demiss\u00e3o dos cargos na quinta-feira (21). <\/p>\n\n\n\n<p>Os pedidos vieram em meio \u00e0 sinaliza\u00e7\u00e3o do ministro Paulo Guedes de pedir uma licen\u00e7a para gastar cerca de R$ 30 bilh\u00f5es fora do teto de gastos para pagar um aux\u00edlio tempor\u00e1rio no ano que vem \u00e0s fam\u00edlias atendidas pelo Bolsa Fam\u00edlia, com o benef\u00edcio total recebido ficando no m\u00ednimo em R$ 400 <\/p>\n\n\n\n<p>Receios com o rompimento do teto de gastos fizeram o <a href=\"https:\/\/investnews.com.br\/financas\/ibovespa-dolar-cotacao-22-10-2021\/\" class=\"rank-math-link\">Ibovespa<\/a> chegar, na v\u00e9spera, aos 107 mil pontos, o menor n\u00edvel de 2021. Na manh\u00e3 desta sexta-feira, o d\u00f3lar bateu os R$ 5,72. Entenda os impactos dos pedidos de demiss\u00e3o para o <a href=\"https:\/\/investnews.com.br\/cotacao\/\" class=\"rank-math-link\">Ibovespa hoje<\/a> e o <a href=\"https:\/\/investnews.com.br\/cotacao\/cambio\/\" class=\"rank-math-link\">d\u00f3lar<\/a>. <\/p>\n\n\n\n<p>As principais not\u00edcias para quem acompanha o <a href=\"https:\/\/investnews.com.br\/guias\/como-funciona-o-mercado-financeiro\/\">mercado financeiro<\/a>, no Flash InvestNews, com Fabiana Ortega. Os destaques da bolsa nesta manh\u00e3, a cota\u00e7\u00e3o do Ibovespa e d\u00f3lar, al\u00e9m de outras informa\u00e7\u00f5es da economia brasileira que podem influenciar seus investimentos e <a href=\"https:\/\/investnews.com.br\/guias\/rentabilidade\/\">rentabilidade<\/a>.  <\/p>\n\n\n\n<p>Veja tamb\u00e9m<\/p>\n\n\n\n<ul class=\"wp-block-list\">\n<li>A\u00a0<a href=\"https:\/\/investnews.com.br\/colunistas\/experience-club\/entenda-como-a-exploracao-espacial-pode-beneficiar-a-terra\/\" target=\"_blank\" rel=\"noreferrer noopener\">corrida espacial<\/a>\u00a0pode beneficiar a Terra? Ariel Ekblaw defende que sim<\/li>\n\n\n\n<li><a href=\"https:\/\/investnews.com.br\/cafeina\/follow-on-e-direito-de-subscricao-qual-a-diferenca\/\" target=\"_blank\" rel=\"noreferrer noopener\">Follow on<\/a>\u00a0e direito de subscri\u00e7\u00e3o: qual a diferen\u00e7a?<\/li>\n\n\n\n<li>Veja o <a href=\"https:\/\/investnews.com.br\/financas\/ranking-investimentos-decada-2021\">rendimento dos principais investimentos<\/a> nos \u00faltimos 10 anos<\/li>\n\n\n\n<li><a href=\"https:\/\/investnews.com.br\/boletim-investnews\/ibovespa-no-menor-nivel-de-2021-o-que-levou-aos-107-mil\/\" target=\"_blank\" rel=\"noreferrer noopener\">Ibovespa<\/a>\u00a0no menor n\u00edvel de 2021: o que levou aos 107 mil?<\/li>\n\n\n\n<li>IPOs de\u00a0<a href=\"https:\/\/investnews.com.br\/financas\/ipos-de-brasileiras-nos-eua\/\" target=\"_blank\" rel=\"noreferrer noopener\">empresas brasileiras nos EUA<\/a>\u00a0batem recorde em 2021; veja 5 motivos<\/li>\n<\/ul>\n","protected":false},"excerpt":{"rendered":"<p>Entenda os impactos dos pedidos de demiss\u00e3o para o Ibovespa e o d\u00f3lar. <\/p>\n","protected":false},"author":7,"featured_media":283479,"comment_status":"closed","ping_status":"open","sticky":false,"template":"","format":"standard","meta":{"_acf_changed":false,"inline_featured_image":false,"footnotes":""},"categories":[4],"tags":[26,240,1719],"autor-wsj":[],"coauthors":[1494],"class_list":["post-283472","post","type-post","status-publish","format-standard","has-post-thumbnail","hentry","category-financas","tag-dolar","tag-ministerio-da-economia","tag-teto-de-gastos"],"acf":[],"amp_enabled":true,"_links":{"self":[{"href":"https:\/\/investnews.com.br\/inv-api\/wp\/v2\/posts\/283472","targetHints":{"allow":["GET"]}}],"collection":[{"href":"https:\/\/investnews.com.br\/inv-api\/wp\/v2\/posts"}],"about":[{"href":"https:\/\/investnews.com.br\/inv-api\/wp\/v2\/types\/post"}],"author":[{"embeddable":true,"href":"https:\/\/investnews.com.br\/inv-api\/wp\/v2\/users\/7"}],"replies":[{"embeddable":true,"href":"https:\/\/investnews.com.br\/inv-api\/wp\/v2\/comments?post=283472"}],"version-history":[{"count":3,"href":"https:\/\/investnews.com.br\/inv-api\/wp\/v2\/posts\/283472\/revisions"}],"predecessor-version":[{"id":775132,"href":"https:\/\/investnews.com.br\/inv-api\/wp\/v2\/posts\/283472\/revisions\/775132"}],"wp:featuredmedia":[{"embeddable":true,"href":"https:\/\/investnews.com.br\/inv-api\/wp\/v2\/media\/283479"}],"wp:attachment":[{"href":"https:\/\/investnews.com.br\/inv-api\/wp\/v2\/media?parent=283472"}],"wp:term":[{"taxonomy":"category","embeddable":true,"href":"https:\/\/investnews.com.br\/inv-api\/wp\/v2\/categories?post=283472"},{"taxonomy":"post_tag","embeddable":true,"href":"https:\/\/investnews.com.br\/inv-api\/wp\/v2\/tags?post=283472"},{"taxonomy":"autor-wsj","embeddable":true,"href":"https:\/\/investnews.com.br\/inv-api\/wp\/v2\/autor-wsj?post=283472"},{"taxonomy":"author","embeddable":true,"href":"https:\/\/investnews.com.br\/inv-api\/wp\/v2\/coauthors?post=283472"}],"curies":[{"name":"wp","href":"https:\/\/api.w.org\/{rel}","templated":true}]}}