{"id":284459,"date":"2021-10-27T17:36:25","date_gmt":"2021-10-27T20:36:25","guid":{"rendered":"https:\/\/investnews.com.br\/?p=284459"},"modified":"2021-10-27T17:36:27","modified_gmt":"2021-10-27T20:36:27","slug":"tesouro-arrecadara-ate-r-3-bi-com-leilao-5g","status":"publish","type":"post","link":"https:\/\/investnews.com.br\/negocios\/tesouro-arrecadara-ate-r-3-bi-com-leilao-5g\/","title":{"rendered":"Tesouro arrecadar\u00e1 at\u00e9 R$ 3 bi com leil\u00e3o 5G"},"content":{"rendered":"\n<p>O <strong>Tesouro Nacional <\/strong>vai levantar at\u00e9 R$ 3 bilh\u00f5es se todos os lotes de frequ\u00eancia do leil\u00e3o 5G marcado forem vendidos, disse nesta quarta-feira (27) o superintendente de competi\u00e7\u00e3o da <strong>Anatel<\/strong>, Abra\u00e3o Balbino.<\/p>\n\n\n\n<p>Quinze empresas ou grupos de empresas apresentaram nesta quarta-feira documenta\u00e7\u00e3o de credenciamento para participar do leil\u00e3o marcado para 4 de novembro, entre elas as operadoras de telefonia m\u00f3vel <strong>Vivo<\/strong> (<a href=\"https:\/\/investnews.com.br\/cotacao\/vivt3-vivt4-telefonica-brasil\/\" class=\"rank-math-link\">VIVT3<\/a>), <strong>Claro<\/strong>, <strong>TIM<\/strong> (<a href=\"https:\/\/investnews.com.br\/cotacao\/timp3-tim-part\/\" class=\"rank-math-link\">TIMP3<\/a>), <strong>Algar<\/strong> <strong>Telecom<\/strong> e <strong>Sercomtel<\/strong>.<\/p>\n\n\n\n<p>Em 24 de setembro, quando saiu o aval para realiza\u00e7\u00e3o do leil\u00e3o, representantes do <strong>Minist\u00e9rio das Comunica\u00e7\u00f5es<\/strong> e da Anatel afirmaram que o governo poderia levantar cerca de R$ 10 bilh\u00f5es, considerando os valores dos lotes de frequ\u00eancia definidos no edital.<\/p>\n\n\n\n<p>Balbino explicou nesta quarta-feira que dos 10 bilh\u00f5es, 7 bilh\u00f5es ser\u00e3o dedicados \u00e0 implanta\u00e7\u00e3o de internet r\u00e1pida em milhares de escolas p\u00fablicas, compromisso estabelecido para o vencedor da faixa de 26 GHz.<\/p>\n\n\n\n<p>&#8220;Esperamos uma arrecada\u00e7\u00e3o de R$ 3 bilh\u00f5es para o er\u00e1rio&#8221;, disse ele a jornalistas. &#8220;Os 10 bilh\u00f5es divulgados anteriormente n\u00e3o inclu\u00edram a parte das obriga\u00e7\u00f5es de investimento nas escolas.&#8221;<\/p>\n\n\n\n<p>O fato de 15 grupos terem manifestado interesse no leil\u00e3o \u00e9 motivo de comemora\u00e7\u00e3o pela Anatel, afirmou Balbino.<\/p>\n\n\n\n<p>&#8220;Imagin\u00e1vamos um n\u00famero parecido com este&#8230;a expectativa \u00e9 fruto do trabalho de est\u00edmulo \u00e0 entrada de novos proponentes&#8221;, disse o superintendente.<\/p>\n\n\n\n<p>Questionado se algum dos 10 grupos, fora das empresas que j\u00e1 operam no pa\u00eds, representa alguma grande operadora internacional, como <strong>AT&amp;T<\/strong> e <strong>Vodafone<\/strong>, Balbino afirmou que n\u00e3o poderia responder de imediato.<\/p>\n\n\n\n<p>Os 10 grupos s\u00e3o: Brasil Digital Telecomunica\u00e7\u00f5es, Brisanet, Cloud2u Ind\u00fastria e Com\u00e9rcio, <a href=\"https:\/\/investnews.com.br\/guias\/o-que-e-consorcio\/\">Cons\u00f3rcio<\/a> 5G Sul, Fly Link, Mega Net Provedor de Internet, Neko Servi\u00e7os de Comunica\u00e7\u00f5es, NK 108 Empreendimento e Participa\u00e7\u00f5es, VDF Tecnologia da Informa\u00e7\u00e3o e Winity II Telecom.<\/p>\n\n\n\n<p>&#8220;\u00c9 algo in\u00e9dito um leil\u00e3o com 10 novos pretendentes, o que prova que o modelo desenvolvido pela ag\u00eancia foi bem sucedido&#8221;, disse Balbino, frisando que as obriga\u00e7\u00f5es de investimentos dos vencedores de todos os lotes beiram os R$ 50 bilh\u00f5es, dos quais, o principal, de 3,5 GHz, engloba 30 bilh\u00f5es.<\/p>\n\n\n\n<p>A disputa, explicou o superintendente, ser\u00e1 realizada como sendo quatro leil\u00f5es separados por cada faixa de frequ\u00eancia &#8211; 700 MHz, 2,3 GHz, 3,5 GHz e 26 GHz. O lote de 700 MHz \u00e9 remanescente do leil\u00e3o realizado em 2014, afirmou Balbino.<\/p>\n\n\n\n<p>A faixa de 3,5 GHz tem cinco blocos de frequ\u00eancia, sendo quatro nacionais e 1 regional. Quem ficar com lote nacional de 80 MHz n\u00e3o poder\u00e1 comprar outro de 80 MHz, disse Nilo Pasquali, superintendente de planejamento e regulamenta\u00e7\u00e3o da Anatel, pois um \u00fanico proponente s\u00f3 pode comprar at\u00e9 100 MHz.<\/p>\n\n\n\n<p>A expectativa da Anatel \u00e9 que os lances do leil\u00e3o sejam conclu\u00eddos no pr\u00f3prio dia 4, mas a ag\u00eancia reservou o dia 5 para uma eventual continua\u00e7\u00e3o da disputa, disse Pasquali.<\/p>\n\n\n\n<p>Os representantes da ag\u00eancia afirmaram que o real interesse dos grupos ser\u00e1 conhecido no dia 4, quando os envelopes de propostas forem abertos. O leil\u00e3o ocorrer\u00e1 na B3, em S\u00e3o Paulo.<\/p>\n\n\n\n<p><strong>Veja tamb\u00e9m<\/strong><\/p>\n\n\n\n<ul class=\"wp-block-list\"><li><a target=\"_blank\" href=\"https:\/\/investnews.com.br\/negocios\/calendario-balancos-3-trimestre-2021\/\" rel=\"noreferrer noopener\">Balan\u00e7os do 3\u00b0 trimestre<\/a>&nbsp;de 2021: veja o calend\u00e1rio completo<\/li><li><a target=\"_blank\" href=\"https:\/\/investnews.com.br\/colunistas\/invista-melhor\/o-short-selling-e-as-visoes-antagonicas-de-dois-value-investors-sobre-o-tema\/\" rel=\"noreferrer noopener\">Short selling<\/a>&nbsp;vale a pena? As vis\u00f5es antag\u00f4nicas de 2 value investors<\/li><li><a target=\"_blank\" href=\"https:\/\/investnews.com.br\/cafeina\/tecb11-tudo-sobre-o-1o-etf-de-tecnologia-made-in-brasil\/\" rel=\"noreferrer noopener\">TECB11<\/a>: tudo sobre o 1\u00ba <a href=\"https:\/\/investnews.com.br\/guias\/etfs-o-que-sao-como-funcionam\/\">ETF<\/a> de tecnologia made in Brasil<\/li><li><a target=\"_blank\" href=\"https:\/\/investnews.com.br\/financas\/mercado-livre-e-vale-sao-as-empresas-latinas-mais-negociadas-em-bolsa-em-2021\/\" rel=\"noreferrer noopener\">Mercado Livre<\/a>&nbsp;e Vale s\u00e3o as empresas latinas mais negociadas em bolsa em 2021<\/li><li>Voc\u00ea sabe&nbsp;<a target=\"_blank\" href=\"https:\/\/investnews.com.br\/financas\/como-calcular-ferias-confira-passo-a-passo\/\" rel=\"noreferrer noopener\">como calcular f\u00e9rias<\/a>? Confira o passo a passo<\/li><\/ul>\n","protected":false},"excerpt":{"rendered":"<p>Quinze empresas ou grupos de empresas apresentaram documenta\u00e7\u00e3o de credenciamento para participar do leil\u00e3o marcado para 4 de novembro.<\/p>\n","protected":false},"author":61,"featured_media":14444,"comment_status":"closed","ping_status":"open","sticky":false,"template":"","format":"standard","meta":{"_acf_changed":false,"inline_featured_image":false,"footnotes":""},"categories":[6],"tags":[1435],"autor-wsj":[],"coauthors":[2494],"class_list":["post-284459","post","type-post","status-publish","format-standard","has-post-thumbnail","hentry","category-negocios","tag-5g"],"acf":[],"amp_enabled":true,"_links":{"self":[{"href":"https:\/\/investnews.com.br\/inv-api\/wp\/v2\/posts\/284459","targetHints":{"allow":["GET"]}}],"collection":[{"href":"https:\/\/investnews.com.br\/inv-api\/wp\/v2\/posts"}],"about":[{"href":"https:\/\/investnews.com.br\/inv-api\/wp\/v2\/types\/post"}],"author":[{"embeddable":true,"href":"https:\/\/investnews.com.br\/inv-api\/wp\/v2\/users\/61"}],"replies":[{"embeddable":true,"href":"https:\/\/investnews.com.br\/inv-api\/wp\/v2\/comments?post=284459"}],"version-history":[{"count":2,"href":"https:\/\/investnews.com.br\/inv-api\/wp\/v2\/posts\/284459\/revisions"}],"predecessor-version":[{"id":284461,"href":"https:\/\/investnews.com.br\/inv-api\/wp\/v2\/posts\/284459\/revisions\/284461"}],"wp:featuredmedia":[{"embeddable":true,"href":"https:\/\/investnews.com.br\/inv-api\/wp\/v2\/media\/14444"}],"wp:attachment":[{"href":"https:\/\/investnews.com.br\/inv-api\/wp\/v2\/media?parent=284459"}],"wp:term":[{"taxonomy":"category","embeddable":true,"href":"https:\/\/investnews.com.br\/inv-api\/wp\/v2\/categories?post=284459"},{"taxonomy":"post_tag","embeddable":true,"href":"https:\/\/investnews.com.br\/inv-api\/wp\/v2\/tags?post=284459"},{"taxonomy":"autor-wsj","embeddable":true,"href":"https:\/\/investnews.com.br\/inv-api\/wp\/v2\/autor-wsj?post=284459"},{"taxonomy":"author","embeddable":true,"href":"https:\/\/investnews.com.br\/inv-api\/wp\/v2\/coauthors?post=284459"}],"curies":[{"name":"wp","href":"https:\/\/api.w.org\/{rel}","templated":true}]}}