{"id":285551,"date":"2021-11-03T11:33:43","date_gmt":"2021-11-03T14:33:43","guid":{"rendered":"https:\/\/investnews.com.br\/?p=285551"},"modified":"2021-11-03T18:23:31","modified_gmt":"2021-11-03T21:23:31","slug":"lojas-americanas-sobe-8-vale-cai-mais-de-4-e-fica-abaixo-dos-r-70","status":"publish","type":"post","link":"https:\/\/investnews.com.br\/financas\/lojas-americanas-sobe-8-vale-cai-mais-de-4-e-fica-abaixo-dos-r-70\/","title":{"rendered":"A\u00e7\u00e3o da Vale cai 7,5% e Petrobras recua mais de 4%"},"content":{"rendered":"\n<p>As a\u00e7\u00f5es da <strong>Petrobras<\/strong> ca\u00edram mais de 4% nesta quarta-feira (3), em dia negativo tamb\u00e9m para os pap\u00e9is da <strong>Vale<\/strong>. <\/p>\n\n\n\n<p>Na ponta positiva, os pap\u00e9is da <strong>Lojas<\/strong> <strong>Americanas <\/strong>se destacaram entre as principais valoriza\u00e7\u00f5es do Ibovespa, em meio ao avan\u00e7o do processo de fus\u00e3o com as <strong>Americanas<\/strong>, que tamb\u00e9m subia forte.  <\/p>\n\n\n\n<p><strong>Maiores quedas do Ibovespa<\/strong><\/p>\n\n\n\n<figure class=\"wp-block-table is-style-stripes\"><table class=\"\"><tbody><tr><td><strong>Empresa<\/strong><\/td><td><strong>C\u00f3digo<\/strong><\/td><td><strong>Cota\u00e7\u00e3o<\/strong><\/td><td><strong>Varia\u00e7\u00e3o %\u00a0<\/strong><\/td><\/tr><tr><td>Vale<\/td><td>VALE3<\/td><td>66,83<\/td><td>-7,59<\/td><\/tr><tr><td>Bradespar<\/td><td>BRAP4<\/td><td>46,23<\/td><td>-7,54<\/td><\/tr><tr><td>Usiminas<\/td><td>USIM5<\/td><td>12,37<\/td><td>-5,57<\/td><\/tr><tr><td>Metalurgica Gerdau<\/td><td>GOAU4<\/td><td>11,91<\/td><td>-4,64<\/td><\/tr><tr><td>CSN<\/td><td>CSNA3<\/td><td>22,09<\/td><td>-4,58<\/td><\/tr><\/tbody><\/table><\/figure>\n\n\n\n<p><strong>Maiores altas do Ibovespa<\/strong><\/p>\n\n\n\n<figure class=\"wp-block-table is-style-stripes\"><table class=\"\"><tbody><tr><td><strong>Empresa<\/strong><\/td><td><strong>C\u00f3digo<\/strong><\/td><td><strong>Cota\u00e7\u00e3o<\/strong><\/td><td><strong>Varia\u00e7\u00e3o %\u00a0<\/strong><\/td><\/tr><tr><td>Lojas Americanas<\/td><td>LAME4<\/td><td>5,78<\/td><td>13,33<\/td><\/tr><tr><td>Locaweb<\/td><td>LWSA3<\/td><td>20,32<\/td><td>9,07<\/td><\/tr><tr><td>Soma<\/td><td>SOMA3<\/td><td>14,8<\/td><td>8,9<\/td><\/tr><tr><td>TIM<\/td><td>TIMS3<\/td><td>12,42<\/td><td>8,38<\/td><\/tr><tr><td>Petz<\/td><td>PETZ3<\/td><td>20,82<\/td><td>7,82<\/td><\/tr><\/tbody><\/table><\/figure>\n\n\n\n<p><em>Confira os destaques da bolsa de valores: <\/em><\/p>\n\n\n\n<h2 class=\"wp-block-heading\">Americanas<\/h2>\n\n\n\n<p>Os pap\u00e9is da\u00a0<strong>Lojas Americanas<\/strong>\u00a0<strong>(<a rel=\"noreferrer noopener\" href=\"https:\/\/investnews.com.br\/cotacao\/lame3-lame4-lojas-americanas\/\" target=\"_blank\">LAME4<\/a>) <\/strong>subiram 13,33%, negociados a R$ 5,78, enquanto as a\u00e7\u00f5es da <strong>Americanas<a href=\"https:\/\/investnews.com.br\/cotacao\/amer3-americanas\/\" class=\"rank-math-link\"> (AMER3)<\/a><\/strong> tiveram alta de 6,57%, para R$ 33,27, em meio ao <a href=\"https:\/\/investnews.com.br\/negocios\/americanas-lojas-americanas-fusao-2\/\" class=\"rank-math-link\">avan\u00e7o <\/a>do processo de fus\u00e3o das empresas. Os controladores ser\u00e3o dilu\u00eddos e deter\u00e3o uma participa\u00e7\u00e3o de 29,2% participa\u00e7\u00e3o na empresa combinada Americanas. Ap\u00f3s conclu\u00edda a opera\u00e7\u00e3o, as a\u00e7\u00f5es da Americanas detidas por Lojas Americanas ser\u00e3o canceladas e cada acionista da varejista receber\u00e1 0,186 a\u00e7\u00e3o ordin\u00e1ria no novo neg\u00f3cio.  A companhia sinalizou que permanece a ideia de listar as a\u00e7\u00f5es nos EUA. <\/p>\n\n\n\n<p>Em relat\u00f3rio, Irma Sgarz, Felipe Rached e Gustavo Fratini, analistas do <strong>Goldman Sachs <\/strong>afirmaram que a proposta ainda est\u00e1 pendente de aprova\u00e7\u00e3o nas assembleias extraordin\u00e1rias de acionistas marcadas para o dia 10 de dezembro. &#8220;A proposta atual \u00e9 que cada acionista de LAME3 \/ 4 receba 0,185982 a\u00e7\u00f5es da AMER3, o que implica que  manteriam a participa\u00e7\u00e3o proporcional que atualmente possuem na AMER3 (direta ou indiretamente). A empresa tamb\u00e9m est\u00e1 propondo (em vota\u00e7\u00e3o na mesma assembleia de acionistas) a introdu\u00e7\u00e3o de uma cl\u00e1usula de &#8216;poison pill&#8217; no estatuto social, pela qual qualquer acionista que atingir uma participa\u00e7\u00e3o acima de 15% deve estender a oferta de aquisi\u00e7\u00e3o de todas as a\u00e7\u00f5es de emiss\u00e3o da empresa&#8221;, disse a equipe. <\/p>\n\n\n\n<h2 class=\"wp-block-heading\">Banco Pan <\/h2>\n\n\n\n<p>O\u00a0<strong>Banco Pan<\/strong>\u00a0(<a rel=\"noreferrer noopener\" href=\"https:\/\/investnews.com.br\/cotacao\/bpan4-banco-pan\/\" target=\"_blank\" class=\"rank-math-link\">BPAN4)\u00a0<\/a>caiu 0,64%, para R$ 13,96.<strong> <\/strong>A companhia<a href=\"https:\/\/investnews.com.br\/negocios\/banco-pan-tem-lucro-liquido-de-r-191-milhoes-no-3o-trimestre\/\" class=\"rank-math-link\"> registrou <\/a><a href=\"https:\/\/investnews.com.br\/guias\/lucro-liquido\/\">lucro l\u00edquido<\/a> de R$ 191 milh\u00f5es\u00a0no terceiro trimestre, alta de 12% em rela\u00e7\u00e3o ao mesmo per\u00edodo do ano passado, mas queda de 5% na base trimestral. A carteira de cr\u00e9dito expandida encerrou os tr\u00eas meses at\u00e9 setembro com saldo de R$ 33,262 bilh\u00f5es, crescimento de 31% ano a ano, mas de 3% em rela\u00e7\u00e3o a abril a junho.  A companhia registrou aumento nas provis\u00f5es e inadimpl\u00eancia no terceiro trimestre.<\/p>\n\n\n\n<h2 class=\"wp-block-heading\">Petrobras<\/h2>\n\n\n\n<p>A <strong>Petrobras<\/strong> caiu 4,11% nas <a href=\"https:\/\/investnews.com.br\/guias\/acoes-ordinarias-e-preferenciais-entenda\/\">a\u00e7\u00f5es preferenciais<\/a>\u00a0<a rel=\"noreferrer noopener\" href=\"https:\/\/investnews.com.br\/cotacao\/petr3-petr4-petrobras\/\" target=\"_blank\">(PETR4)<\/a>, cotada a R$ 26,85, e 4,25% nas ordin\u00e1rias (<a href=\"https:\/\/investnews.com.br\/cotacao\/petr3-petr4-petrobras\/\" class=\"rank-math-link\">PETR3<\/a>), a R$ 27,48, na esteira do forte decl\u00ednio dos pre\u00e7os do petr\u00f3leo no exterior, com queda de mais de 3% do Brent, refer\u00eancia no mercado internacional, a cerca de US$ 81 o barril.<\/p>\n\n\n\n<h2 class=\"wp-block-heading\">Vale<\/h2>\n\n\n\n<p>A mineradora\u00a0<strong>Vale<\/strong>\u00a0(<a rel=\"noreferrer noopener\" href=\"https:\/\/investnews.com.br\/cotacao\/vale3-vale\/\" target=\"_blank\">VALE3<\/a>) teve baixa de 7,59%, para R$ 66,83. O UBS cortou o pre\u00e7o-alvo do recibo da a\u00e7\u00e3o da companhia negociado em Nova York, de US$ 15 para US$ 11. <\/p>\n\n\n\n<p>Entre as sider\u00fargicas, a<strong> CSN<\/strong> (<a rel=\"noreferrer noopener\" href=\"https:\/\/investnews.com.br\/cotacao\/csna3-companhia-siderurgica-nacional\/\" target=\"_blank\" class=\"rank-math-link\">CSNA3)<\/a> caiu 4,58%, para R$ 22,09; <strong>Usiminas <a href=\"https:\/\/investnews.com.br\/cotacao\/usim3-usiminas\/\">(USIM5)<\/a><\/strong> perdeu    5,57%, para R$ 12,37, e a <strong>Gerdau<\/strong>\u00a0<a rel=\"noreferrer noopener\" href=\"https:\/\/investnews.com.br\/cotacao\/ggbr3-ggbr4-gerdau-sa\/\" target=\"_blank\" class=\"rank-math-link\">(GGBR4)<\/a> recuou 3,95%, para R$ 25,55. <\/p>\n\n\n\n<h2 class=\"wp-block-heading\">Soma<\/h2>\n\n\n\n<p>O papel do<strong> Soma<\/strong> (<a href=\"https:\/\/investnews.com.br\/cotacao\/soma3-grupo-soma\/\" class=\"rank-math-link\">SOMA3<\/a>) saltou 8,9%, tendo de pano de fundo reportagem do Valor Econ\u00f4mico citando que a Arezzo abordou a companhia para uma aquisi\u00e7\u00e3o. O papel da <strong>Arezzo<\/strong> (<a href=\"https:\/\/investnews.com.br\/cotacao\/arzz3-arezzo\/\" class=\"rank-math-link\">ARZZ3<\/a>), que n\u00e3o est\u00e1 no Ibovespa, avan\u00e7ou 5,33%. <\/p>\n\n\n\n<p>Ap\u00f3s a publica\u00e7\u00e3o, o grupo Arezzo afirmou que mant\u00e9m discuss\u00f5es com &#8220;diversos parceiros potenciais&#8221;, mas que <strong>n\u00e3o assinou qualquer documento<\/strong> envolvendo o Grupo Soma.<\/p>\n\n\n\n<p>&#8220;A companhia comunica que n\u00e3o contratou assessores financeiros e n\u00e3o assinou qualquer documento ou proposta com o Grupo Soma&#8221;, afirmou a Arezzo em fato relevante.<\/p>\n\n\n\n<p>A empresa afirmou que, para consolidar-se como uma &#8220;casa de marcas&#8221;, busca ativamente oportunidades para complementar seu portf\u00f3lio. &#8220;A companhia mant\u00e9m com diversos parceiros potenciais conversas preliminares a respeito do tema&#8221;, disse a Arezzo.<\/p>\n\n\n\n<h2 class=\"wp-block-heading\">Oi<\/h2>\n\n\n\n<p>Fora do Ibovespa, a <strong>Oi<\/strong>\u00a0(<a rel=\"noreferrer noopener\" href=\"https:\/\/investnews.com.br\/cotacao\/oibr3-oi\/\" target=\"_blank\">OIBR3<\/a>) subiu 5,05%, para a R$ 1,04, ap\u00f3s a Superintend\u00eancia-Geral do Conselho Administrativo de Defesa Econ\u00f4mica (Cade) <a href=\"https:\/\/investnews.com.br\/negocios\/cade-recomenda-venda-oi-movel\/\" class=\"rank-math-link\">recomendar<\/a> que a opera\u00e7\u00e3o envolvendo a venda dos ativos m\u00f3veis da empresa para\u00a0<strong>TIM<\/strong>\u00a0(<a rel=\"noreferrer noopener\" href=\"https:\/\/investnews.com.br\/cotacao\/timp3-tim-part\/\" target=\"_blank\">TIMP3<\/a>),\u00a0<strong>Claro<\/strong>\u00a0e\u00a0<strong>Telef\u00f4nica Brasil<\/strong>\u00a0(<a rel=\"noreferrer noopener\" href=\"https:\/\/investnews.com.br\/cotacao\/vivt3-vivt4-telefonica-brasil\/\" target=\"_blank\" class=\"rank-math-link\">VIVT3)<\/a>\u00a0seja aprovada com a ado\u00e7\u00e3o de rem\u00e9dios que mitiguem riscos concorrenciais.<\/p>\n\n\n\n<h2 class=\"wp-block-heading\">Ambipar <\/h2>\n\n\n\n<p>A <strong>Ambipar<\/strong> <a href=\"https:\/\/investnews.com.br\/cotacao\/ambp3-ambipar\/\" class=\"rank-math-link\">(AMBP3)<\/a> subiu 5,23%, negociada a R$ 39,84, ap\u00f3s informar a aquisi\u00e7\u00e3o do controle acion\u00e1rio da Ecol\u00f3gica Res\u00edduos Industriais, por meio de sua controlada Ambipar Environmental Nordeste. Em nota, a empresa informou que a Ecol\u00f3gica Res\u00edduos atua na Para\u00edba e faz parte do grupo Ecol\u00f3gica Nordeste, empresa adquirida pela Ambipar em junho de 2021. <\/p>\n\n\n\n<p>&#8220;Esta aquisi\u00e7\u00e3o permite ampliar o escopo do contrato de fornecimento de res\u00edduos processados como mat\u00e9ria-prima para os fornos de cimento das cimenteiras; gerar sinergias na valoriza\u00e7\u00e3o de res\u00edduos; expandir a presen\u00e7a na regi\u00e3o Nordeste e fortalecer sua posi\u00e7\u00e3o de lideran\u00e7a na oferta de solu\u00e7\u00f5es para gerenciamento total de res\u00edduos&#8221;, informou a Ambipar.<\/p>\n\n\n\n<p>A Ecol\u00f3gica Res\u00edduos, segundo a empresa, se chamar\u00e1 Ambipar Waste to Energy, &#8220;consistente com o plano estrat\u00e9gico de crescimento, com aumento da capilaridade, captura de sinergias e potencial maximiza\u00e7\u00e3o das margens e retorno&#8221;, informou. <\/p>\n\n\n\n<p>*<em>Com informa\u00e7\u00f5es da Reuters<\/em><\/p>\n\n\n\n<h2 class=\"wp-block-heading\">Veja tamb\u00e9m<\/h2>\n\n\n\n<ul class=\"wp-block-list\"><li>De <a href=\"https:\/\/investnews.com.br\/guias\/poupanca-como-funciona-quanto-rende\/\">poupan\u00e7a<\/a> \u00e0 criptomoedas:&nbsp;<a rel=\"noreferrer noopener\" class=\"rank-math-link\" target=\"_blank\" href=\"https:\/\/investnews.com.br\/cafeina\/de-poupanca-a-criptomoedas-onde-cada-geracao-investe\/\">onde cada gera\u00e7\u00e3o investe<\/a>?<\/li><li>Al\u00e9m do&nbsp;<a rel=\"noreferrer noopener\" target=\"_blank\" href=\"https:\/\/investnews.com.br\/financas\/acoes-fora-do-ibovespa\/\">Ibovespa<\/a>: a\u00e7\u00f5es fora do \u00edndice podem ser boas oportunidades?<\/li><li><a rel=\"noreferrer noopener\" target=\"_blank\" href=\"https:\/\/investnews.com.br\/negocios\/empreendedorismo-7-dicas-para-ter-uma-sociedade-vencedora\/\">Empreendedorismo<\/a>: 7 dicas para ter uma sociedade vencedora<\/li><li><a rel=\"noreferrer noopener\" target=\"_blank\" href=\"https:\/\/investnews.com.br\/colunistas\/primeira-marcha\/suvs-brilham-em-meio-a-crise-da-industria-no-brasil\/\">SUVs<\/a>&nbsp;brilham em meio \u00e0 crise da ind\u00fastria no Brasil<\/li><li><a rel=\"noreferrer noopener\" target=\"_blank\" href=\"https:\/\/investnews.com.br\/colunistas\/coluna-do-samy-dana\/round-6-da-netflix-mostra-como-estar-endividado-molda-nossas-decisoes\/\">Round 6<\/a>, da Netflix, mostra como estar endividado molda nossas decis\u00f5es<\/li><\/ul>\n","protected":false},"excerpt":{"rendered":"<p>Na ponta positiva, os pap\u00e9is da Lojas Americanas se destacaram entre as principais valoriza\u00e7\u00f5es do Ibovespa.<\/p>\n","protected":false},"author":53,"featured_media":25009,"comment_status":"closed","ping_status":"open","sticky":false,"template":"","format":"standard","meta":{"_acf_changed":false,"inline_featured_image":false,"footnotes":""},"categories":[4],"tags":[187],"autor-wsj":[],"coauthors":[2433],"class_list":["post-285551","post","type-post","status-publish","format-standard","has-post-thumbnail","hentry","category-financas","tag-lojas-americanas"],"acf":[],"amp_enabled":true,"_links":{"self":[{"href":"https:\/\/investnews.com.br\/inv-api\/wp\/v2\/posts\/285551","targetHints":{"allow":["GET"]}}],"collection":[{"href":"https:\/\/investnews.com.br\/inv-api\/wp\/v2\/posts"}],"about":[{"href":"https:\/\/investnews.com.br\/inv-api\/wp\/v2\/types\/post"}],"author":[{"embeddable":true,"href":"https:\/\/investnews.com.br\/inv-api\/wp\/v2\/users\/53"}],"replies":[{"embeddable":true,"href":"https:\/\/investnews.com.br\/inv-api\/wp\/v2\/comments?post=285551"}],"version-history":[{"count":29,"href":"https:\/\/investnews.com.br\/inv-api\/wp\/v2\/posts\/285551\/revisions"}],"predecessor-version":[{"id":285797,"href":"https:\/\/investnews.com.br\/inv-api\/wp\/v2\/posts\/285551\/revisions\/285797"}],"wp:featuredmedia":[{"embeddable":true,"href":"https:\/\/investnews.com.br\/inv-api\/wp\/v2\/media\/25009"}],"wp:attachment":[{"href":"https:\/\/investnews.com.br\/inv-api\/wp\/v2\/media?parent=285551"}],"wp:term":[{"taxonomy":"category","embeddable":true,"href":"https:\/\/investnews.com.br\/inv-api\/wp\/v2\/categories?post=285551"},{"taxonomy":"post_tag","embeddable":true,"href":"https:\/\/investnews.com.br\/inv-api\/wp\/v2\/tags?post=285551"},{"taxonomy":"autor-wsj","embeddable":true,"href":"https:\/\/investnews.com.br\/inv-api\/wp\/v2\/autor-wsj?post=285551"},{"taxonomy":"author","embeddable":true,"href":"https:\/\/investnews.com.br\/inv-api\/wp\/v2\/coauthors?post=285551"}],"curies":[{"name":"wp","href":"https:\/\/api.w.org\/{rel}","templated":true}]}}