{"id":285969,"date":"2021-11-04T11:07:06","date_gmt":"2021-11-04T14:07:06","guid":{"rendered":"https:\/\/investnews.com.br\/?p=285969"},"modified":"2024-06-26T11:54:38","modified_gmt":"2024-06-26T14:54:38","slug":"gestores-assinam-declaracao-politica-a-governo-brasileiro-por-medidas-pro-clima","status":"publish","type":"post","link":"https:\/\/investnews.com.br\/economia\/gestores-assinam-declaracao-politica-a-governo-brasileiro-por-medidas-pro-clima\/","title":{"rendered":"Gestores assinam declara\u00e7\u00e3o pol\u00edtica a governo brasileiro por medidas pr\u00f3-clima"},"content":{"rendered":"\n<p>H\u00e1 mais de dois anos, o <a href=\"https:\/\/investnews.com.br\/guias\/como-funciona-o-mercado-financeiro\/\">mercado financeiro<\/a> e o Brasil assistem a gestores de fundos e investidores internacionais assinando declara\u00e7\u00f5es ao governo brasileiro e anunciando <strong>desinvestimentos por causa de medidas e pol\u00edticas p\u00fablicas que exacerbam as mudan\u00e7as clim\u00e1ticas<\/strong>.<\/p>\n\n\n\n<p>Agora, pela primeira vez, 18 brasileiros &#8211; entre investidores institucionais e gestores de fundos que somam R$ 873 bilh\u00f5es em ativos sob gest\u00e3o &#8211; publicaram uma declara\u00e7\u00e3o conjunta para apoiar pol\u00edticas p\u00fablicas que desenvolvam uma <strong>economia de baixo carbono<\/strong> e demais iniciativas a favor do clima.<\/p>\n\n\n\n<p>Iniciativa semelhante j\u00e1 havia sido feita por grandes gestoras internacionais em outros momentos. Em junho de 2020, um grupo formado por quase 30 institui\u00e7\u00f5es financeiras exigiu que o governo brasileiro freasse o crescente desmatamento no Pa\u00eds. Naquele documento, somente uma gestora era do Brasil. Cerca de um ano antes, 230 investidores com aproximadamente US$ 16,2 trilh\u00f5es sob gest\u00e3o assinaram um manifesto pedindo uma &#8220;a\u00e7\u00e3o urgente&#8221; para conter os &#8220;inc\u00eandios devastadores&#8221; na Amaz\u00f4nia, com as queimadas em crescimento por causa do desmatamento em &#8220;taxa alarmante&#8221; no Brasil e na Bol\u00edvia.<\/p>\n\n\n\n<h2 class=\"wp-block-heading\"><strong>Investidores pelo Clima<\/strong><\/h2>\n\n\n\n<p>O grupo de 18 investidores faz parte do Investidores pelo Clima (IPC), iniciativa promovida pela Sitawi Finan\u00e7as do Bem, consultoria especializada em Finan\u00e7as Sustent\u00e1veis, com apoio do Instituto Clima e Sociedade (iCS).<\/p>\n\n\n\n<p>Segundo Gustavo Pimentel, da Sitawi, outras gestoras j\u00e1 sinalizaram que ser\u00e3o signat\u00e1rias da declara\u00e7\u00e3o. &#8220;\u00c9 a primeira vez na hist\u00f3ria que investidores brasileiros se posicionam politicamente em coaliz\u00e3o em prol da agenda clim\u00e1tica&#8221;, disse Pimentel ao&nbsp;<em>Broadcast<\/em>.<\/p>\n\n\n\n<p>As institui\u00e7\u00f5es que j\u00e1 assinaram s\u00e3o Ita\u00fa <a href=\"https:\/\/investnews.com.br\/guias\/asset-management\/\">Asset Management<\/a>, Sulam\u00e9rica Investimentos, JGP, Rio Bravo, Arien Invest, Blue Macaw, Crescera Capital, Darby International Capital, FAMA Investimentos, FRAM Capital, Indie Capital, Mau\u00e1 Capital, NEO Investimentos, N\u00facleo Capital, OABPrev RJ, Quasar Asset Management, RPS Capital e Taler Planejamentos Financeiros<\/p>\n\n\n\n<p>A declara\u00e7\u00e3o solicita coopera\u00e7\u00e3o dos &#8220;entes p\u00fablicos &#8211; especialmente, do governo federal&#8221;, nos seguinte pontos&#8221;:<\/p>\n\n\n\n<ul class=\"wp-block-list\"><li>Posicionar-se favoravelmente ao desenvolvimento de mercados globais e regulados de carbono por meio do artigo 6 do Acordo de Paris na COP-26.<\/li><li>Fortalecer a estrutura de fiscaliza\u00e7\u00e3o ambiental para <strong>eliminar o desmatamento ilegal<\/strong> e buscar redu\u00e7\u00e3o imediata das taxas de desmatamento.<\/li><li>Redesenhar os instrumentos econ\u00f4micos e fiscais de forma que se estimule o <strong>investimento privado sustent\u00e1vel<\/strong> e de baixo carbono.<\/li><li>Regular mecanismos dom\u00e9sticos de precifica\u00e7\u00e3o de carbono em outros setores da economia, utilizando os aprendizados da implementa\u00e7\u00e3o do RenovaBio, por exemplo.<\/li><li>Comprometer-se com a implementa\u00e7\u00e3o de metas net zero at\u00e9 2050 com objetivos claros e ambiciosos e metas intermedi\u00e1rias e a devida transpar\u00eancia para aprimoramento da comunica\u00e7\u00e3o com o mercado nacional e internacional.<\/li><li>Desenhar e implementar um plano de recupera\u00e7\u00e3o p\u00f3s-pandemia que d\u00ea suporte \u00e0 transi\u00e7\u00e3o para uma <strong>economia de baixo carbono aliada \u00e0 resili\u00eancia clim\u00e1tica<\/strong>, evidenciando as oportunidades que representa para o Brasil.<\/li><\/ul>\n\n\n\n<p><\/p>\n\n\n\n<h4 class=\"wp-block-heading\">Veja tamb\u00e9m<\/h4>\n\n\n\n<ul class=\"wp-block-list\"><li><a target=\"_blank\" href=\"https:\/\/investnews.com.br\/colunistas\/melhores-livros\/story-brand-criacao-e-comunicacao-de-marcas-vencedoras\/\" rel=\"noreferrer noopener\">\u2018Story Brand\u2019<\/a>: a arma secreta que far\u00e1 sua empresa crescer<\/li><li>O risco de&nbsp;<a target=\"_blank\" href=\"https:\/\/investnews.com.br\/cafeina\/o-risco-de-bolha-financeira-apontado-por-ray-dalio-como-fica-o-brasil\/\" rel=\"noreferrer noopener\">bolha financeira<\/a>&nbsp;apontado por Ray Dalio: como fica o Brasil?<\/li><li><a target=\"_blank\" href=\"https:\/\/investnews.com.br\/financas\/qual-investimento-rende-mais-que-poupanca\/\" rel=\"noreferrer noopener\">Qual investimento rende mais que a poupan\u00e7a<\/a>? Veja 5 op\u00e7\u00f5es<\/li><li><a target=\"_blank\" href=\"https:\/\/investnews.com.br\/boletim-investnews\/grupo-soma-vale-e-oi-3-acoes-que-movimentaram-o-pos-feriado\/\" rel=\"noreferrer noopener\">Grupo Soma<\/a>, Vale e Oi: 3 a\u00e7\u00f5es que movimentaram o p\u00f3s-feriado<\/li><li>10&nbsp;<a target=\"_blank\" href=\"https:\/\/investnews.com.br\/financas\/acoes-recomendadas-novembro-nu-invest\/\" rel=\"noreferrer noopener\">a\u00e7\u00f5es para colocar na carteira<\/a>&nbsp;em novembro, segundo o Nu Invest<\/li><\/ul>\n","protected":false},"excerpt":{"rendered":"<p>18 investidores institucionais e gestores de fundos publicaram declara\u00e7\u00e3o para apoiar o desenvolvimento de uma economia de baixo carbono.<\/p>\n","protected":false},"author":62,"featured_media":264884,"comment_status":"closed","ping_status":"open","sticky":false,"template":"","format":"standard","meta":{"_acf_changed":false,"inline_featured_image":false,"footnotes":""},"categories":[5],"tags":[1673,302,1674],"autor-wsj":[],"coauthors":[2499],"class_list":["post-285969","post","type-post","status-publish","format-standard","has-post-thumbnail","hentry","category-economia","tag-esg","tag-fundos","tag-sustentabilidade"],"acf":[],"amp_enabled":true,"_links":{"self":[{"href":"https:\/\/investnews.com.br\/inv-api\/wp\/v2\/posts\/285969","targetHints":{"allow":["GET"]}}],"collection":[{"href":"https:\/\/investnews.com.br\/inv-api\/wp\/v2\/posts"}],"about":[{"href":"https:\/\/investnews.com.br\/inv-api\/wp\/v2\/types\/post"}],"author":[{"embeddable":true,"href":"https:\/\/investnews.com.br\/inv-api\/wp\/v2\/users\/62"}],"replies":[{"embeddable":true,"href":"https:\/\/investnews.com.br\/inv-api\/wp\/v2\/comments?post=285969"}],"version-history":[{"count":1,"href":"https:\/\/investnews.com.br\/inv-api\/wp\/v2\/posts\/285969\/revisions"}],"predecessor-version":[{"id":285975,"href":"https:\/\/investnews.com.br\/inv-api\/wp\/v2\/posts\/285969\/revisions\/285975"}],"wp:featuredmedia":[{"embeddable":true,"href":"https:\/\/investnews.com.br\/inv-api\/wp\/v2\/media\/264884"}],"wp:attachment":[{"href":"https:\/\/investnews.com.br\/inv-api\/wp\/v2\/media?parent=285969"}],"wp:term":[{"taxonomy":"category","embeddable":true,"href":"https:\/\/investnews.com.br\/inv-api\/wp\/v2\/categories?post=285969"},{"taxonomy":"post_tag","embeddable":true,"href":"https:\/\/investnews.com.br\/inv-api\/wp\/v2\/tags?post=285969"},{"taxonomy":"autor-wsj","embeddable":true,"href":"https:\/\/investnews.com.br\/inv-api\/wp\/v2\/autor-wsj?post=285969"},{"taxonomy":"author","embeddable":true,"href":"https:\/\/investnews.com.br\/inv-api\/wp\/v2\/coauthors?post=285969"}],"curies":[{"name":"wp","href":"https:\/\/api.w.org\/{rel}","templated":true}]}}