{"id":286212,"date":"2021-11-05T08:04:13","date_gmt":"2021-11-05T11:04:13","guid":{"rendered":"https:\/\/investnews.com.br\/?p=286212"},"modified":"2024-06-26T11:54:36","modified_gmt":"2024-06-26T14:54:36","slug":"5-fatos-para-hoje-leilao-do-5g-e-preco-dos-combustiveis","status":"publish","type":"post","link":"https:\/\/investnews.com.br\/economia\/5-fatos-para-hoje-leilao-do-5g-e-preco-dos-combustiveis\/","title":{"rendered":"5 fatos para hoje: leil\u00e3o do 5G e pre\u00e7o dos combust\u00edveis"},"content":{"rendered":"\n<h2 class=\"wp-block-heading\">1- <strong>Leil\u00e3o do 5G rende, no primeiro dia, R$ 7 bi de outorga e des\u00e1gio m\u00e9dio de 247%<\/strong> <\/h2>\n\n\n\n<p>No <a href=\"https:\/\/investnews.com.br\/negocios\/anatel-cerimonia-leilao-5g\/\" class=\"rank-math-link\">maior leil\u00e3o da hist\u00f3ria do pa\u00eds<\/a>, atr\u00e1s apenas da licita\u00e7\u00e3o do pr\u00e9-sal, a Ag\u00eancia Nacional de Telecomunica\u00e7\u00f5es (Anatel) conseguiu vender praticamente todos os lotes de frequ\u00eancias ofertadas do 5G. O <strong>governo conseguiu arrecadar R$ 7,089 bilh\u00f5es<\/strong>, um \u00e1gio de 247% sobre o lance m\u00ednimo das faixas ofertadas nesta quinta-feira (4) de R$ 2,043 bilh\u00f5es. Os n\u00fameros foram calculados pela Conexis, entidade que representa as maiores operadoras do Pa\u00eds.<\/p>\n\n\n\n<p>Foram 26 lotes licitados, e dois de abrang\u00eancia nacional da faixa de 3,5 GHz, a principal do 5G, n\u00e3o receberam interessados. Tamb\u00e9m resultou num certame deserto a oferta do lote F04, destinado a oferecer tecnologia 4G na Regi\u00e3o Nordeste, dentro da faixa 2,3 GHz. A Brisanet j\u00e1 havia arrematado o lote E4, na mesma faixa, para atender a regi\u00e3o com 4G. A diferen\u00e7a entre os lotes tipo E e tipo F \u00e9 que o primeiro conta com 50 MHz no bloco e, o segundo, 40 MHz.<\/p>\n\n\n\n<p>As principais operadoras do pa\u00eds arremataram os blocos mais nobres, mas quatro empresas conseguiram entrar no mercado de telecomunica\u00e7\u00f5es e devem ampliar a concorr\u00eancia no setor. O leil\u00e3o continua na sexta-feira, 6, com a faixa de 26 GHz, que tem o compromisso de levar conectividade at\u00e9 as escolas p\u00fablicas urbanas e rurais.<\/p>\n\n\n\n<h2 class=\"wp-block-heading\">2- Pre\u00e7o dos combust\u00edveis volta a ter dois d\u00edgitos ap\u00f3s v\u00edrgula na bomba<\/h2>\n\n\n\n<p>O pre\u00e7o dos combust\u00edveis nos postos <strong>voltar\u00e1 a ter apenas dois d\u00edgitos ap\u00f3s a v\u00edrgula<\/strong>, facilitando o entendimento do consumidor. A determina\u00e7\u00e3o foi divulgada na quinta-feira (4), pela Ag\u00eancia Nacional do Petr\u00f3leo, G\u00e1s Natural e Biocombust\u00edveis (ANP), entre outras medidas.<\/p>\n\n\n\n<p>A&nbsp;medida&nbsp;aprovada&nbsp;foi&nbsp;submetida&nbsp;\u00e0 consulta e audi\u00eancia p\u00fablicas. Ela&nbsp;vem sendo discutida&nbsp;pela ANP desde 2018, com o in\u00edcio da greve dos caminhoneiros. Na ocasi\u00e3o, a ag\u00eancia adotou um conjunto de medidas de flexibiliza\u00e7\u00e3o, excepcionais e tempor\u00e1rias, com o intuito de garantir o abastecimento.<\/p>\n\n\n\n<p>Com prazo para entrada em vigor de 180 dias ap\u00f3s a publica\u00e7\u00e3o da nova resolu\u00e7\u00e3o, os pre\u00e7os por litro de todos os combust\u00edveis automotivos comercializados dever\u00e3o ser expressos pelos postos revendedores com duas casas decimais, em vez das atuais tr\u00eas casas decimais, no painel de pre\u00e7os e nas bombas medidoras, facilitando o entendimento dos consumidores.<\/p>\n\n\n\n<h2 class=\"wp-block-heading\">3- Lenovo diz que escassez global de chips persiste<\/h2>\n\n\n\n<p>A chinesa Lenovo, maior fabricante mundial de computadores pessoais (PCs), disse que uma <strong>escassez global de chips persistir\u00e1 no primeiro semestre do ano que vem<\/strong>, ap\u00f3s reportar nesta quinta-feira aumento de 65% no lucro do segundo trimestre.<\/p>\n\n\n\n<p>A empresa disse que foi capaz de superar o mercado garantindo maior fornecimento de componentes do que seus concorrentes, mas reconheceu que a escassez de chips est\u00e1 &#8220;causando atrasos no atendimento de pedidos e fornecimentos pendentes em PCs, smartphones e servidores&#8221;.<\/p>\n\n\n\n<p>O presidente-executivo, Yang Yuanqing, disse \u00e0 <em>Reuters <\/em>que sua previs\u00e3o anterior de que a falta permaneceria sem solu\u00e7\u00e3o pelo menos at\u00e9 o primeiro semestre de 2022 n\u00e3o mudou. &#8220;A escassez \u00e9 impulsionada pela forte demanda, principalmente no setor de TI e no setor de ve\u00edculos el\u00e9tricos&#8221;, disse.<\/p>\n\n\n\n<p>A Lenovo manteve o t\u00edtulo de maior fornecedora mundial de PCs em remessas, embora seu crescimento tenha desacelerado ap\u00f3s cinco trimestres consecutivos de crescimento de dois d\u00edgitos, disse a consultoria de pesquisa Gartner. No terceiro trimestre, a sua participa\u00e7\u00e3o de mercado global cresceu 1,8%, a 23,7%.<\/p>\n\n\n\n<h2 class=\"wp-block-heading\">4- Google vai investir US$1 bi na CME e fecha acordo de computa\u00e7\u00e3o em nuvem<\/h2>\n\n\n\n<p>O <strong>Google<\/strong> (<a href=\"https:\/\/investnews.com.br\/cotacao\/gogl34-gogl35-alphabet-google\/\" class=\"rank-math-link\">GOGL34<\/a>), unidade da Alphabet, investiu US$ 1 bilh\u00e3o na CME e fechou um acordo separado para mudar os sistemas de negocia\u00e7\u00e3o de mercados futuros da operadora de bolsa de valores para a nuvem, disseram as empresas na quinta-feira.<\/p>\n\n\n\n<p>De acordo com os termos da parceria de 10 anos entre o Google e a CME, a operadora de bolsa com sede em Chicago come\u00e7ar\u00e1 a mudar sua infraestrutura de tecnologia para o Google Cloud no pr\u00f3ximo ano.<\/p>\n\n\n\n<p>O acordo com a CME representa uma grande vit\u00f3ria para o neg\u00f3cio de nuvem do Google, que concorre com a Amazon.com e a Microsoft por contratos grandes e lucrativos com empresas blue-chips da Fortune 500. O acordo tamb\u00e9m d\u00e1 ao Google uma posi\u00e7\u00e3o segura no setor de servi\u00e7os financeiros, que est\u00e1 come\u00e7ando a investir muito dinheiro em solu\u00e7\u00f5es de computa\u00e7\u00e3o em nuvem.<\/p>\n\n\n\n<p>O investimento de capital de US$ 1 bilh\u00e3o do Google ocorreu na forma de <a href=\"https:\/\/investnews.com.br\/guias\/acoes-ordinarias-e-preferenciais-entenda\/\">a\u00e7\u00f5es preferenciais<\/a> convers\u00edveis sem direito a voto da CME, acrescentaram as empresas.<\/p>\n\n\n\n<h2 class=\"wp-block-heading\">5- Senado tem senso de urg\u00eancia, mas vai avaliar se PEC dos Precat\u00f3rios \u00e9 adequada, diz Pacheco<\/h2>\n\n\n\n<p>O presidente do Senado, Rodrigo Pacheco (PSD-MG), disse nesta quinta-feira que a Casa tem um senso de urg\u00eancia com rela\u00e7\u00e3o \u00e0 busca da solu\u00e7\u00e3o para a quest\u00e3o dos precat\u00f3rios e de um programa social para as fam\u00edlias necessitadas, mas ressaltou que os <strong>senadores v\u00e3o avaliar se a PEC em tramita\u00e7\u00e3o na C\u00e2mara \u00e9 o instrumento adequado<\/strong>.<\/p>\n\n\n\n<p>&#8220;N\u00f3s temos em rela\u00e7\u00e3o a isso um senso de urg\u00eancia&#8221;, disse Pacheco a jornalistas, acrescentando que existe a possibilidade de a PEC dos Precat\u00f3rios ser examinada diretamente no plen\u00e1rio do Senado, caso seja aprovada na C\u00e2mara.<\/p>\n\n\n\n<p>Pacheco, no entanto, destacou que a urg\u00eancia \u00e9 com rela\u00e7\u00e3o \u00e0 busca de uma solu\u00e7\u00e3o e n\u00e3o necessariamente quanto \u00e0 Proposta de Emenda \u00e0 Constitui\u00e7\u00e3o dos Precat\u00f3rios especificamente.<\/p>\n\n\n\n<p>&#8220;Quando eu me refiro a senso de urg\u00eancia \u00e9 porque h\u00e1 um senso de urg\u00eancia, n\u00e3o \u00e9 necessariamente em rela\u00e7\u00e3o \u00e0 PEC, \u00e9 em rela\u00e7\u00e3o \u00e0 solu\u00e7\u00e3o que precisa ser dada \u00e0 quest\u00e3o dos precat\u00f3rios, e qual o \u00e9 espa\u00e7o fiscal para essa solu\u00e7\u00e3o dos precat\u00f3rios, \u00e0 obriga\u00e7\u00e3o de todos n\u00f3s de respeitarmos o teto de gastos p\u00fablicos e, fundamentalmente, ao programa social que caiba no Or\u00e7amento&#8221;, disse.<\/p>\n\n\n\n<p><em><strong>(*Com informa\u00e7\u00f5es de Reuters, Estad\u00e3o Conte\u00fado e Ag\u00eancia Brasil)<\/strong><\/em><\/p>\n\n\n\n<h4 class=\"wp-block-heading\">Veja tamb\u00e9m<\/h4>\n\n\n\n<ul class=\"wp-block-list\"><li>A <a href=\"https:\/\/investnews.com.br\/cafeina\/a-importancia-da-diversificacao-e-de-evitar-perdas\/\" class=\"rank-math-link\">import\u00e2ncia da diversifica\u00e7\u00e3o<\/a> e de evitar perdas<\/li><li>CEO da <a href=\"https:\/\/investnews.com.br\/investnews-entrevista\/ceo-responde\/ceo-da-oncoclinicas-troca-de-lideranca-vai-levar-a-companhia-a-um-proximo-nivel\/\" class=\"rank-math-link\">Oncocl\u00ednicas<\/a>: troca de lideran\u00e7a vai levar a companhia a um pr\u00f3ximo n\u00edvel<\/li><li>O que est\u00e1 por tr\u00e1s da queda da <a href=\"https:\/\/investnews.com.br\/boletim-investnews\/balancos-e-precatorios-nao-animam-o-ibovespa-o-que-esta-por-tras-da-que-aura\/\" class=\"rank-math-link\">Aura Minerals<\/a>?<\/li><li>11 <a href=\"https:\/\/investnews.com.br\/financas\/acoes-com-bons-dividendos-novembro\/\" class=\"rank-math-link\">a\u00e7\u00f5es de dividendos<\/a> recomendadas para novembro pelo Nu Invest<\/li><\/ul>\n","protected":false},"excerpt":{"rendered":"<p>Pre\u00e7os nos postos voltar\u00e3o a ter apenas dois d\u00edgitos ap\u00f3s a v\u00edrgula.<\/p>\n","protected":false},"author":7,"featured_media":233306,"comment_status":"closed","ping_status":"open","sticky":false,"template":"","format":"standard","meta":{"_acf_changed":false,"inline_featured_image":false,"footnotes":""},"categories":[5],"tags":[],"autor-wsj":[],"coauthors":[1494],"class_list":["post-286212","post","type-post","status-publish","format-standard","has-post-thumbnail","hentry","category-economia"],"acf":[],"amp_enabled":true,"_links":{"self":[{"href":"https:\/\/investnews.com.br\/inv-api\/wp\/v2\/posts\/286212","targetHints":{"allow":["GET"]}}],"collection":[{"href":"https:\/\/investnews.com.br\/inv-api\/wp\/v2\/posts"}],"about":[{"href":"https:\/\/investnews.com.br\/inv-api\/wp\/v2\/types\/post"}],"author":[{"embeddable":true,"href":"https:\/\/investnews.com.br\/inv-api\/wp\/v2\/users\/7"}],"replies":[{"embeddable":true,"href":"https:\/\/investnews.com.br\/inv-api\/wp\/v2\/comments?post=286212"}],"version-history":[{"count":3,"href":"https:\/\/investnews.com.br\/inv-api\/wp\/v2\/posts\/286212\/revisions"}],"predecessor-version":[{"id":286222,"href":"https:\/\/investnews.com.br\/inv-api\/wp\/v2\/posts\/286212\/revisions\/286222"}],"wp:featuredmedia":[{"embeddable":true,"href":"https:\/\/investnews.com.br\/inv-api\/wp\/v2\/media\/233306"}],"wp:attachment":[{"href":"https:\/\/investnews.com.br\/inv-api\/wp\/v2\/media?parent=286212"}],"wp:term":[{"taxonomy":"category","embeddable":true,"href":"https:\/\/investnews.com.br\/inv-api\/wp\/v2\/categories?post=286212"},{"taxonomy":"post_tag","embeddable":true,"href":"https:\/\/investnews.com.br\/inv-api\/wp\/v2\/tags?post=286212"},{"taxonomy":"autor-wsj","embeddable":true,"href":"https:\/\/investnews.com.br\/inv-api\/wp\/v2\/autor-wsj?post=286212"},{"taxonomy":"author","embeddable":true,"href":"https:\/\/investnews.com.br\/inv-api\/wp\/v2\/coauthors?post=286212"}],"curies":[{"name":"wp","href":"https:\/\/api.w.org\/{rel}","templated":true}]}}