{"id":28624,"date":"2020-12-21T20:00:00","date_gmt":"2020-12-21T23:00:00","guid":{"rendered":"https:\/\/investnews.com.br\/?p=28624"},"modified":"2026-03-25T10:38:37","modified_gmt":"2026-03-25T13:38:37","slug":"ficou-sabendo-carnaval-de-ipos-plastico-na-cerveja-e-sucessor-de-maia","status":"publish","type":"post","link":"https:\/\/investnews.com.br\/economia\/ficou-sabendo-carnaval-de-ipos-plastico-na-cerveja-e-sucessor-de-maia\/","title":{"rendered":"Ficou sabendo? Carnaval de IPOs, pl\u00e1stico na cerveja e sucessor de Maia"},"content":{"rendered":"\n<h3 class=\"wp-block-heading\">Bancos se preparam para desfile de ofertas de a\u00e7\u00f5es pr\u00e9-Carnaval<\/h3>\n\n\n\n<p>Os festejos de Carnaval foram duramente atingidos pela pandemia do coronav\u00edrus, mas os bancos de investimento est\u00e3o preparando um desfile que promete ser n\u00e3o menos exuberante, um desfile de ofertas de a\u00e7\u00f5es.<\/p>\n\n\n\n<p>A combina\u00e7\u00e3o de vacina contra Covid-19 e juro b\u00e1sico do pa\u00eds em um recorde de baixa tem atra\u00eddo investidores para a <a href=\"https:\/\/investnews.com.br\/guias\/renda-variavel-o-que-e-e-como-investir\/\">renda vari\u00e1vel<\/a> e <strong>cerca de 30 empresas est\u00e3o se preparando para listar a\u00e7\u00f5es no primeiro trimestre, <a href=\"https:\/\/investnews.com.br\/cafeina\/com-rede-dor-2020-e-o-2o-maior-ano-para-ipos-na-historia-da-b3\/\" target=\"_blank\" aria-label=\"um n\u00famero que j\u00e1 supera as estreias em bolsa de 2020. (opens in a new tab)\" rel=\"noreferrer noopener\" class=\"rank-math-link\">um n\u00famero que j\u00e1 supera as estreias em bolsa de 2020.<\/a><\/strong><\/p>\n\n\n\n<p>O fila de ofertas de a\u00e7\u00f5es significa que os executivos de bancos que costumavam ir para a praia entre o Ano Novo e o Carnaval agora estar\u00e3o com os olhos colados em seus escrit\u00f3rios online preparando esse desfile.<\/p>\n\n\n\n<p><strong>Da unidade de minera\u00e7\u00e3o da Companhia Sider\u00fargica Nacional \u00e0 rede de supermercados BIG<\/strong>, controlada pela empresa de <a href=\"https:\/\/investnews.com.br\/guias\/o-que-e-private-equity\/\">private equity<\/a> Advent, o n\u00famero de neg\u00f3cios em 2021 pode at\u00e9 superar o ano de 2007, quando houve 88 IPOs. <\/p>\n\n\n\n<p><a href=\"https:\/\/investnews.com.br\/cafeina\/de-bancos-a-petroleo-conheca-os-10-maiores-ipos-da-historia-da-bolsa-brasileira\/\" target=\"_blank\" aria-label=\"Em termos de volume, o Bank of America prev\u00ea cerca de R$ 150 bilh\u00f5es em 2021 (opens in a new tab)\" rel=\"noreferrer noopener\" class=\"rank-math-link\">Em termos de volume, o Bank of America prev\u00ea cerca de R$ 150 bilh\u00f5es em 2021<\/a>, enquanto o Ita\u00fa Unibanco espera um pouco menos, R$ 140 bilh\u00f5es.<\/p>\n\n\n\n<h2 class=\"wp-block-heading\">Ser humano j\u00e1 consome pl\u00e1stico at\u00e9 na cerveja <\/h2>\n\n\n\n<p>N\u00e3o h\u00e1 como escapar. Est\u00e1 no ar, no a\u00e7\u00facar, no sal, na \u00e1gua de torneira, na cerveja gelada. A presen\u00e7a de micropart\u00edculas de pl\u00e1sticos j\u00e1 faz parte do cotidiano de qualquer cidad\u00e3o do mundo. <strong>Estima-se que, ao longo de um ano, cada pessoa tenha ingerido algo entre 74 e 121 mil part\u00edculas desse material.<\/strong><\/p>\n\n\n\n<p>Segundo uma pesquisa feita pela organiza\u00e7\u00e3o Oceana, a \u00e1gua engarrafada aparece no topo da lista daqueles que apresentaram maior presen\u00e7a de micropl\u00e1stico, seguida por cerveja, ar, \u00e1gua de torneira, frutos do mar, a\u00e7\u00facar e sal.<\/p>\n\n\n\n<p>Por enquanto, n\u00e3o h\u00e1 consenso sobre como esse material tem afetado a vida humana. Part\u00edculas acima de 150 micr\u00f4metros s\u00e3o facilmente excretadas pelo organismo e, assim, n\u00e3o representariam grande risco \u00e0 sa\u00fade.  <\/p>\n\n\n\n<h2 class=\"wp-block-heading\">Maia diz que define candidato \u00e0 presid\u00eancia da C\u00e2mara at\u00e9 quarta-feira<\/h2>\n\n\n\n<p>O presidente da C\u00e2mara dos Deputados, Rodrigo Maia (DEM-RJ), afirmou nesta segunda-feira (21) que nome do candidato de seu grupo \u00e0 presid\u00eancia da C\u00e2mara ser\u00e1 anunciado antes do recesso parlamentar.<\/p>\n\n\n\n<p><strong>Segundo o presidente, que reuniu-se com partidos que o apoiam, &#8220;at\u00e9 a quarta-feira&#8221; deve haver um &#8220;encaminhamento dado&#8221;, que mantenha o grupo unido.<\/strong><\/p>\n\n\n\n<p><strong>&#8220;Ainda esta semana certamente n\u00f3s teremos as defini\u00e7\u00f5es necess\u00e1rias&#8221;, <\/strong>afirmou o presidente.<\/p>\n\n\n\n<p>Ao posicionar-se mais uma vez a favor de o Congresso trabalhar durante o m\u00eas de janeiro, Maia aproveitou para criticar o governo. Segundo o deputado, o Executivo n\u00e3o tem interesse no funcionamento do Legislativo no in\u00edcio do ano por considerar que isso poderia favorecer o grupo do atual presidente da C\u00e2mara na disputa pela Mesa.<\/p>\n\n\n\n<p>Ele disse ainda que est\u00e1 \u00e0 disposi\u00e7\u00e3o do governo do presidente Jair Bolsonaro caso haja interesse em votar projeto de autoria do Executivo que unifica impostos, mas negou que tenha sido procurado para a constru\u00e7\u00e3o de um texto que possa ir a voto.<\/p>\n\n\n\n<p><strong>Veja tamb\u00e9m: <\/strong><\/p>\n\n\n\n<ul class=\"wp-block-list\">\n<li><a aria-label=\"Ano da \u2018montanha-russa\u2019: relembre os altos e baixos da economia em 2020 (opens in a new tab)\" class=\"rank-math-link\" href=\"https:\/\/investnews.com.br\/economia\/ano-da-montanha-russa-relembre-os-altos-e-baixos-da-economia-em-2020\/\" target=\"_blank\" rel=\"noreferrer noopener\">Ano da \u2018montanha-russa\u2019: relembre os altos e baixos da economia em 2020<\/a><\/li>\n\n\n\n<li><a aria-label=\"Perspectivas para 2021: como garimpar as oportunidades de ouro? (opens in a new tab)\" class=\"rank-math-link\" href=\"https:\/\/investnews.com.br\/mais-investnews\/onde-investir-como-garimpar-as-oportunidades-de-ouro-em-2021\/\" target=\"_blank\" rel=\"noreferrer noopener\">Perspectivas para 2021: como garimpar as oportunidades de ouro?<\/a><\/li>\n<\/ul>\n","protected":false},"excerpt":{"rendered":"<p>Trinta empresas se preparam para abrir capital no primeiro trimestre; Maia anuncia na quarta-feira seu candidato \u00e0 presid\u00eancia da C\u00e2mara<\/p>\n","protected":false},"author":18,"featured_media":28625,"comment_status":"closed","ping_status":"open","sticky":false,"template":"","format":"standard","meta":{"_acf_changed":false,"inline_featured_image":false,"footnotes":""},"categories":[5],"tags":[2152,897],"autor-wsj":[],"coauthors":[1500],"class_list":["post-28624","post","type-post","status-publish","format-standard","has-post-thumbnail","hentry","category-economia","tag-csn-mineracao","tag-supermercados"],"acf":[],"amp_enabled":true,"_links":{"self":[{"href":"https:\/\/investnews.com.br\/inv-api\/wp\/v2\/posts\/28624","targetHints":{"allow":["GET"]}}],"collection":[{"href":"https:\/\/investnews.com.br\/inv-api\/wp\/v2\/posts"}],"about":[{"href":"https:\/\/investnews.com.br\/inv-api\/wp\/v2\/types\/post"}],"author":[{"embeddable":true,"href":"https:\/\/investnews.com.br\/inv-api\/wp\/v2\/users\/18"}],"replies":[{"embeddable":true,"href":"https:\/\/investnews.com.br\/inv-api\/wp\/v2\/comments?post=28624"}],"version-history":[{"count":6,"href":"https:\/\/investnews.com.br\/inv-api\/wp\/v2\/posts\/28624\/revisions"}],"predecessor-version":[{"id":773293,"href":"https:\/\/investnews.com.br\/inv-api\/wp\/v2\/posts\/28624\/revisions\/773293"}],"wp:featuredmedia":[{"embeddable":true,"href":"https:\/\/investnews.com.br\/inv-api\/wp\/v2\/media\/28625"}],"wp:attachment":[{"href":"https:\/\/investnews.com.br\/inv-api\/wp\/v2\/media?parent=28624"}],"wp:term":[{"taxonomy":"category","embeddable":true,"href":"https:\/\/investnews.com.br\/inv-api\/wp\/v2\/categories?post=28624"},{"taxonomy":"post_tag","embeddable":true,"href":"https:\/\/investnews.com.br\/inv-api\/wp\/v2\/tags?post=28624"},{"taxonomy":"autor-wsj","embeddable":true,"href":"https:\/\/investnews.com.br\/inv-api\/wp\/v2\/autor-wsj?post=28624"},{"taxonomy":"author","embeddable":true,"href":"https:\/\/investnews.com.br\/inv-api\/wp\/v2\/coauthors?post=28624"}],"curies":[{"name":"wp","href":"https:\/\/api.w.org\/{rel}","templated":true}]}}