{"id":286537,"date":"2021-11-08T07:56:28","date_gmt":"2021-11-08T10:56:28","guid":{"rendered":"https:\/\/investnews.com.br\/?p=286537"},"modified":"2024-06-26T11:54:30","modified_gmt":"2024-06-26T14:54:30","slug":"5-fatos-para-hoje-investidores-fogem-do-brasil-corrida-para-implementar-o-5g","status":"publish","type":"post","link":"https:\/\/investnews.com.br\/economia\/5-fatos-para-hoje-investidores-fogem-do-brasil-corrida-para-implementar-o-5g\/","title":{"rendered":"5 fatos para hoje: investidores fogem do Brasil; corrida para implementar o 5G"},"content":{"rendered":"\n<h2 class=\"wp-block-heading\">1- <strong>Investidor estrangeiro &#8216;foge&#8217; do Brasil<\/strong><\/h2>\n\n\n\n<p>A participa\u00e7\u00e3o do Brasil nas carteiras de\ninvestidores estrangeiros chegou \u00e0 <strong>m\u00ednima hist\u00f3rica<\/strong> por conta de uma\ncombina\u00e7\u00e3o de maior avers\u00e3o aos riscos, com a expectativa de subida de juros\nnos EUA (que deve drenar recursos dos pa\u00edses emergentes) e preocupa\u00e7\u00f5es com a\ncrise fiscal no Brasil, agravada com a tentativa de &#8220;furar&#8221; o teto\ndos gastos. <\/p>\n\n\n\n<p>Considerando os <strong>fundos dedicados aos mercados\nemergentes<\/strong>, o pa\u00eds tem hoje uma fatia de <strong>5,1%<\/strong> &#8211; no auge, em 2011,\nessa participa\u00e7\u00e3o era de 16,4%.<\/p>\n\n\n\n<p>J\u00e1 nos <strong>fundos globais<\/strong>, que compram a\u00e7\u00f5es em todo o\nmundo, a fatia do Brasil \u00e9 de <strong>0,23%<\/strong>, ante participa\u00e7\u00e3o que chegou a\n1,94% no fim de 2009, conforme relat\u00f3rio do BTG Pactual. <\/p>\n\n\n\n<p>Nos <strong>fundos dedicados \u00e0 Am\u00e9rica Latina<\/strong>,\no Brasil n\u00e3o est\u00e1 com a pior exposi\u00e7\u00e3o hist\u00f3rica. Hoje, est\u00e1 em <strong>60,36%<\/strong>,\nmenor n\u00edvel desde 2019, mas acima do piso de 2015 (43,1%).<\/p>\n\n\n\n<p>&#8220;Isso \u00e9 explicado por uma conflu\u00eancia de fatores\ndom\u00e9sticos e um internacional, diante de um movimento de aumento de taxas de\njuros&#8221;, diz a chefe de economia da corretora Rico, Rachel de S\u00e1. Ela\nlembra que \u00e9 comum, em \u00e9pocas de juros muito baixos, a amplia\u00e7\u00e3o de\ninvestimentos de maior risco. Esse cen\u00e1rio agora mudou. &#8220;Com isso, come\u00e7a\na ter um redirecionamento.&#8221;<\/p>\n\n\n\n<p>Para a analista da Toro Investimentos Paloma Brum, o cen\u00e1rio interno tem ajudado a afastar investidores. &#8220;A quebra da regra do teto dos gastos n\u00e3o foi bem avaliada. Uma das leituras \u00e9 de que se (o governo) quebra uma regra, isso pode ocorrer com outras.&#8221;<\/p>\n\n\n\n<h2 class=\"wp-block-heading\"><strong>2- Vencedoras do leil\u00e3o 5G\ncorrem para colocar o 5G na rua<\/strong><\/h2>\n\n\n\n<p>Com o fim da disputa por frequ\u00eancias no <a href=\"https:\/\/investnews.com.br\/negocios\/leilao-do-5g-acompanhe-os-vencedores-da-disputa\/\">leil\u00e3o\ndo 5G<\/a>, as empresas de telecomunica\u00e7\u00f5es entram agora numa nova corrida: quem\nser\u00e1 a primeira a oferecer a nova tecnologia. Pelo edital, o prazo para ofertar\no sinal nas 27 capitais \u00e9 31 de julho de 2022, mas elas podem se antecipar a\nessa data.<\/p>\n\n\n\n<p>O presidente da <strong>Algar Telecom<\/strong>, Jean\nCarlos Borges, disse que quer oferecer a nova tecnologia o mais r\u00e1pido\nposs\u00edvel. A empresa, com forte presen\u00e7a no tri\u00e2ngulo mineiro, arrematou sete\nblocos em tr\u00eas frequ\u00eancias. &#8220;Faremos de tudo para que isso ocorra ainda\nneste ano.&#8221;<\/p>\n\n\n\n<p>Respons\u00e1vel por alguns dos lances mais\nagressivos do leil\u00e3o, a <strong>Claro<\/strong> tamb\u00e9m quer liderar a corrida do 5G.\n&#8220;J\u00e1 temos algo engatilhado&#8221;, afirmou o presidente da Claro, Jos\u00e9\nF\u00e9lix. Assim como a Algar, a Claro v\u00ea na faixa de 2,3 GHz a chance de se\nantecipar aos concorrentes.<\/p>\n\n\n\n<p>A <strong>TIM<\/strong> (<a href=\"https:\/\/investnews.com.br\/cotacao\/timp3-tim-part\/\" target=\"_blank\" rel=\"noreferrer noopener\">TIMP3<\/a>) aposta na faixa de 3,5 GHz para lan\u00e7ar o 5G,\ne diz aguardar a conclus\u00e3o da limpeza da faixa para oferecer o servi\u00e7o.\n&#8220;Uma vez que a faixa estiver liberada, o 5G estar\u00e1 no ar. Do ponto de\nvista industrial, est\u00e1 tudo pronto&#8221;, disse o vice-presidente Assuntos\nRegulat\u00f3rios e Institucionais da TIM, Mario Girassole.<\/p>\n\n\n\n<p>A <strong>Vivo<\/strong> (<a href=\"https:\/\/investnews.com.br\/cotacao\/vivt3-vivt4-telefonica-brasil\/\" target=\"_blank\" rel=\"noreferrer noopener\">VIVT3<\/a>), que comprou quatro blocos na faixa de 2,3\nGHz e dois na de 3,5 GHz, concentrou seu interesse na amplia\u00e7\u00e3o da oferta de\nservi\u00e7os no Norte, Centro-Oeste e Sudeste. Em nota, tamb\u00e9m fala em acelerar o\nservi\u00e7o.<\/p>\n\n\n\n<p>O presidente executivo da <strong>Conexis<\/strong>, Marcos Ferrari,\ndisse que os consumidores ainda v\u00e3o conviver por muitos anos com o 4G. Pelo\ncronograma do edital, algumas localidades ter\u00e3o a nova tecnologia apenas em 2029.<\/p>\n\n\n\n<h2 class=\"wp-block-heading\"><strong>3-<\/strong> <strong>Especialistas contestam crit\u00e9rios para defini\u00e7\u00e3o de pobreza<\/strong><\/h2>\n\n\n\n<p>A atualiza\u00e7\u00e3o dos crit\u00e9rios para defini\u00e7\u00e3o de\npobreza que v\u00e3o definir quem ter\u00e1 direito ao <strong>Aux\u00edlio Brasil<\/strong>, substituto\ndo Bolsa Fam\u00edlia, n\u00e3o afastou as d\u00favidas sobre a capacidade de o novo programa\nde transfer\u00eancia de renda reduzir a desigualdade no pa\u00eds e acabar com as filas\nde pedidos para receber os benef\u00edcios.<\/p>\n\n\n\n<p>Para especialistas, as faixas de renda ainda ficaram aqu\u00e9m\ndo necess\u00e1rio, e deveriam ter subido, no m\u00ednimo, para cerca de R$ 107 (extrema\npobreza) e R$ 215 (pobreza), considerando a <a href=\"https:\/\/investnews.com.br\/investnews-explica\/o-que-e-inflacao-e-como-ela-afeta-o-seu-bolso\/\">infla\u00e7\u00e3o<\/a>\nacumulada desde a \u00faltima corre\u00e7\u00e3o.<\/p>\n\n\n\n<p>O Bolsa Fam\u00edlia considerava como fam\u00edlias em situa\u00e7\u00e3o de\nextrema pobreza aquelas com renda mensal de at\u00e9 R$ 89 por pessoa. Esse <strong>valor\nfoi reajustado para R$ 100<\/strong>, de acordo com o decreto publicado na noite de\nsexta-feira pelo governo.<\/p>\n\n\n\n<p>J\u00e1 a situa\u00e7\u00e3o de pobreza, definida antes por renda de at\u00e9\nR$ 178 por pessoa, <strong>subir\u00e1 para R$ 200<\/strong>. \u00c9 uma amplia\u00e7\u00e3o que nem sequer\natualiza as linhas pela infla\u00e7\u00e3o, afirma a soci\u00f3loga Leticia Bartholo,\npesquisadora refer\u00eancia no tema no Brasil, ex-gestora do Bolsa Fam\u00edlia e que\natua hoje como assessora parlamentar.<\/p>\n\n\n\n<p>&#8220;N\u00e3o resolve nem a fila existente. Qual ser\u00e1 o\nimpacto sobre a pobreza? O governo n\u00e3o apresentou&#8221;, critica. Segundo ela,\na nota do governo j\u00e1 deixa claro que o reajuste de agora e o aux\u00edlio de\nnovembro n\u00e3o contemplam a fila de espera, dependendo ainda da aprova\u00e7\u00e3o da\nProposta de Emenda \u00e0 Constitui\u00e7\u00e3o (PEC) dos precat\u00f3rios &#8211; aprovada em primeiro\nturno na C\u00e2mara com folga de apenas 4 votos.<\/p>\n\n\n\n<h2 class=\"wp-block-heading\"><strong>4- Seguidores de Musk dizem &#8216;sim&#8217; para sua proposta de vender 10% das a\u00e7\u00f5es na Tesla<\/strong><\/h2>\n\n\n\n<p>O presidente da <strong>Tesla<\/strong> (<a href=\"https:\/\/investnews.com.br\/cotacao\/tsla34-tesla\/\">TSLA34<\/a>), Elon Musk,\ndeveria <strong>vender cerca de 10% de suas a\u00e7\u00f5es na companhia<\/strong>, de acordo com\n57,9% das pessoas que votaram em uma enquete no Twitter, ap\u00f3s o bilion\u00e1rio\nperguntar se ele deveria faz\u00ea-lo.<\/p>\n\n\n\n<p>&#8220;Eu\nestava preparado para aceitar qualquer um dos resultados&#8221;, disse Musk,\nap\u00f3s o t\u00e9rmino da vota\u00e7\u00e3o. A pessoa mais rica do mundo tuitou no s\u00e1bado dizendo\nque poderia se desfazer de 10% de suas a\u00e7\u00f5es se os seguidores aprovassem a\nproposta.<\/p>\n\n\n\n<p>Musk havia dito anteriormente que teria que exercer um grande\nn\u00famero de op\u00e7\u00f5es de a\u00e7\u00f5es nos pr\u00f3ximos tr\u00eas meses, o que criaria uma <strong>grande\ncobran\u00e7a de impostos<\/strong>. Vender algumas de suas a\u00e7\u00f5es poderia liberar fundos\npara pagar os tributos.<\/p>\n\n\n\n<p>A\npesquisa obteve mais de 3,5 milh\u00f5es de votos.<\/p>\n\n\n\n<p>&#8220;Muito\nse fala ultimamente sobre os lucros n\u00e3o realizados serem um meio de <strong>evas\u00e3o\nfiscal<\/strong>, ent\u00e3o proponho vender 10% das minhas a\u00e7\u00f5es da Tesla&#8221;, disse\nele, referindo-se ao &#8220;imposto sobre bilion\u00e1rios&#8221; proposto pelos\nDemocratas.<\/p>\n\n\n\n<p>Musk\ncriticou a proposta, que afetaria 700 bilion\u00e1rios e representaria taxa\u00e7\u00e3o sobre\nganhos de capital de longo prazo sobre ativos negoci\u00e1veis, tenham eles sido\nvendidos ou n\u00e3o.<\/p>\n\n\n\n<h2 class=\"wp-block-heading\"><strong>5-<\/strong> <strong>ONS indica que atendimento energ\u00e9tico est\u00e1 longe de &#8216;normalidade&#8217;<\/strong><\/h2>\n\n\n\n<p>Apesar do in\u00edcio das chuvas e de melhora nas condi\u00e7\u00f5es de\natendimento do setor el\u00e9trico para este ano e 2022, a situa\u00e7\u00e3o atual est\u00e1 longe\nda &#8220;normalidade operativa&#8221;, segundo o Operador Nacional do Nacional do\nSistema El\u00e9trico (ONS). Com isso, o \u00f3rg\u00e3o indicou a <strong>necessidade de aten\u00e7\u00e3o e\nmonitoramento constante<\/strong> dos n\u00edveis dos reservat\u00f3rios e das medidas\nemergenciais determinadas pelo governo.<\/p>\n\n\n\n<p>Segundo o ONS, a medida \u00e9 fundamental para garantir a\nseguran\u00e7a no atendimento e fornecimento de energia, principalmente no pr\u00f3ximo\nano.<\/p>\n\n\n\n<p>&#8220;O ONS ponderou que, a despeito da melhoria nas\ncondi\u00e7\u00f5es de atendimento eletroenerg\u00e9tico tanto para 2021 quanto para 2022, a\nsitua\u00e7\u00e3o est\u00e1 longe de caracterizar uma normalidade operativa. Permanece,\nportanto, a situa\u00e7\u00e3o de aten\u00e7\u00e3o e o monitoramento continuar\u00e1 a ser respaldado\npelos estudos prospectivos elaborados pelo ONS e pelo acompanhamento das demais\nmedidas excepcionais em curso, fundamentais para a garantia da seguran\u00e7a do\natendimento, especialmente para 2022&#8221;, informou o Minist\u00e9rio de Minas e\nEnergia (MME) em nota.<\/p>\n\n\n\n<p>Os dados apresentados pelo ONS indicam que as condi\u00e7\u00f5es de atendimento e as perspectivas para os pr\u00f3ximos meses s\u00e3o positivas, com destaque para a<strong> melhoria do atendimento eletroenerg\u00e9tico<\/strong>, por conta do per\u00edodo de chuvas e da possibilidade de aumento no armazenamento dos reservat\u00f3rios das usinas hidrel\u00e9tricas. Dessa forma, as proje\u00e7\u00f5es indicam que, nos cen\u00e1rios avaliados, n\u00e3o ser\u00e1 necess\u00e1rio o uso da &#8220;reserva operativa&#8221;, ou seja, das usinas que ficam adicionais, mas sem injetar energia na rede.<\/p>\n\n\n\n<h4 class=\"wp-block-heading\">Veja tamb\u00e9m<\/h4>\n\n\n\n<ul class=\"wp-block-list\"><li><a href=\"https:\/\/investnews.com.br\/cafeina\/galpoes-logisticos-em-alta-vacancia-em-queda-3-fiis-do-setor-para-ter-no-radar\/\" class=\"rank-math-link\">Galp\u00f5es log\u00edsticos<\/a> em alta, vac\u00e2ncia em queda: 3 <a href=\"https:\/\/investnews.com.br\/guias\/fundos-imobiliarios\/\">FIIs<\/a> do setor para ter no radar<\/li><li><a href=\"https:\/\/investnews.com.br\/economia\/pec-dos-precatorios-mercado\/\" class=\"rank-math-link\">PEC dos precat\u00f3rios<\/a> n\u00e3o alivia descren\u00e7a do mercado, dizem especialistas<\/li><li>\u2018Queda de pre\u00e7os dos <a href=\"https:\/\/investnews.com.br\/analistas-em-acao\/queda-de-precos-dos-fiis-mantem-dividendos-mais-atrativos-diz-analista\/\" class=\"rank-math-link\">FIIs<\/a> mant\u00e9m <a href=\"https:\/\/investnews.com.br\/guias\/dividendos-o-que-sao-como-funcionam\/\">dividendos<\/a> mais atrativos\u2019, diz analista<\/li><li><a href=\"https:\/\/investnews.com.br\/investnews-explica\/porcentagem-como-calcular-os-ganhos-nos-investimentos\/\" class=\"rank-math-link\">Como calcular os ganhos nos investimentos<\/a>?<\/li><li>Qual a melhor op\u00e7\u00e3o: <a href=\"https:\/\/investnews.com.br\/colunistas\/sos-financas\/bdr-ou-acoes-no-exterior\/\" class=\"rank-math-link\">investir em BDR<\/a> ou comprar a\u00e7\u00f5es direto no exterior?<\/li><li><a href=\"https:\/\/investnews.com.br\/geral\/5g-quais-paises-estao-inovando-com-a-tecnologia\/\" class=\"rank-math-link\">5G<\/a> pelo mundo: quais pa\u00edses est\u00e3o inovando com a tecnologia?<\/li><\/ul>\n","protected":false},"excerpt":{"rendered":"<p>A participa\u00e7\u00e3o do Brasil nas carteiras de investidores estrangeiros chegou \u00e0 m\u00ednima hist\u00f3rica.<\/p>\n","protected":false},"author":7,"featured_media":270016,"comment_status":"closed","ping_status":"open","sticky":false,"template":"","format":"standard","meta":{"_acf_changed":false,"inline_featured_image":false,"footnotes":""},"categories":[5],"tags":[1435,824],"autor-wsj":[],"coauthors":[1494],"class_list":["post-286537","post","type-post","status-publish","format-standard","has-post-thumbnail","hentry","category-economia","tag-5g","tag-energia"],"acf":[],"amp_enabled":true,"_links":{"self":[{"href":"https:\/\/investnews.com.br\/inv-api\/wp\/v2\/posts\/286537","targetHints":{"allow":["GET"]}}],"collection":[{"href":"https:\/\/investnews.com.br\/inv-api\/wp\/v2\/posts"}],"about":[{"href":"https:\/\/investnews.com.br\/inv-api\/wp\/v2\/types\/post"}],"author":[{"embeddable":true,"href":"https:\/\/investnews.com.br\/inv-api\/wp\/v2\/users\/7"}],"replies":[{"embeddable":true,"href":"https:\/\/investnews.com.br\/inv-api\/wp\/v2\/comments?post=286537"}],"version-history":[{"count":4,"href":"https:\/\/investnews.com.br\/inv-api\/wp\/v2\/posts\/286537\/revisions"}],"predecessor-version":[{"id":286541,"href":"https:\/\/investnews.com.br\/inv-api\/wp\/v2\/posts\/286537\/revisions\/286541"}],"wp:featuredmedia":[{"embeddable":true,"href":"https:\/\/investnews.com.br\/inv-api\/wp\/v2\/media\/270016"}],"wp:attachment":[{"href":"https:\/\/investnews.com.br\/inv-api\/wp\/v2\/media?parent=286537"}],"wp:term":[{"taxonomy":"category","embeddable":true,"href":"https:\/\/investnews.com.br\/inv-api\/wp\/v2\/categories?post=286537"},{"taxonomy":"post_tag","embeddable":true,"href":"https:\/\/investnews.com.br\/inv-api\/wp\/v2\/tags?post=286537"},{"taxonomy":"autor-wsj","embeddable":true,"href":"https:\/\/investnews.com.br\/inv-api\/wp\/v2\/autor-wsj?post=286537"},{"taxonomy":"author","embeddable":true,"href":"https:\/\/investnews.com.br\/inv-api\/wp\/v2\/coauthors?post=286537"}],"curies":[{"name":"wp","href":"https:\/\/api.w.org\/{rel}","templated":true}]}}