{"id":286620,"date":"2021-11-08T12:23:21","date_gmt":"2021-11-08T15:23:21","guid":{"rendered":"https:\/\/investnews.com.br\/?p=286620"},"modified":"2025-11-18T16:59:04","modified_gmt":"2025-11-18T19:59:04","slug":"bolsonaro-fala-em-fatiar-petrobras-para-privatizar","status":"publish","type":"post","link":"https:\/\/investnews.com.br\/negocios\/bolsonaro-fala-em-fatiar-petrobras-para-privatizar\/","title":{"rendered":"Bolsonaro fala em fatiar Petrobras para privatizar"},"content":{"rendered":"\n<p>O presidente<strong> Jair Bolsonaro<\/strong> defendeu nesta segunda-feira fatiar a <strong>Petrobras <\/strong>(<a href=\"https:\/\/investnews.com.br\/cotacao\/petr3-petr4-petrobras\/\" class=\"rank-math-link\">PETR3<\/a>; <a href=\"https:\/\/investnews.com.br\/cotacao\/petr3-petr4-petrobras\/\" class=\"rank-math-link\">PETR4<\/a>) para ent\u00e3o privatizar a empresa e classificou de &#8220;absurdo&#8221; os valores pagos pela companhia a t\u00edtulo de dividendo aos seus acionistas, inclusive \u00e0 Uni\u00e3o, que \u00e9 a maior detentora de a\u00e7\u00f5es da petroleira.<\/p>\n\n\n\n<p>Em entrevista \u00e0 Jovem Pan Curitiba, Bolsonaro voltou a responsabilizar o <a href=\"https:\/\/investnews.com.br\/guias\/o-que-e-icms\/\">ICMS<\/a> cobrado pelos Estados pela <strong>alta dos pre\u00e7os dos combust\u00edvel<\/strong>, mas reconheceu que o pre\u00e7o cobrado pela Petrobras nas refinarias, que tem sido alvo de constantes reajustes, tamb\u00e9m desempenha um papel na eleva\u00e7\u00e3o.<\/p>\n\n\n\n<p>&#8220;ICMS n\u00e3o incide sobre o pre\u00e7o da gasolina na refinaria, incide sobre o pre\u00e7o final na bomba, isso est\u00e1 errado. Pode diminuir na Petrobras? Pode, at\u00e9 porque os <a href=\"https:\/\/investnews.com.br\/guias\/dividendos-o-que-sao-como-funcionam\/\">dividendos<\/a> s\u00e3o, no meu entender, absurdos, 31 bilh\u00f5es (de reais) em tr\u00eas meses&#8221;, afirmou o presidente.<\/p>\n\n\n\n<p>&#8220;Eu n\u00e3o quero a parte da Uni\u00e3o nesse lucro fant\u00e1stico. Vai pouco ou quase nada para o social, a melhor coisa que pode fazer para o social \u00e9 baratear o pre\u00e7o do combust\u00edvel.&#8221;<\/p>\n\n\n\n<p>Bolsonaro tamb\u00e9m voltou a falar na possibilidade de <a href=\"https:\/\/investnews.com.br\/negocios\/governo-diz-a-petrobras-que-nao-ha-estudos-para-privatizacao\/\" class=\"rank-math-link\">privatizar a Petrobras<\/a>, e dessa vez disse que o ideal seria fatiar a petroleira para ent\u00e3o vend\u00ea-la a v\u00e1rias empresas privadas.<\/p>\n\n\n\n<p>&#8220;Para mim, o ideal \u00e9 voc\u00ea ficar livre da Petrobras, logicamente privatiz\u00e1-la para muitos empresas, n\u00e3o tirar de um monop\u00f3lio estatal para um monop\u00f3lio privado. Fatiar isso da\u00ed&#8221;, disse ele na entrevista.<\/p>\n\n\n\n<p>Na semana passada, a Petrobras informou em fato relevante ao mercado que questionou o Minist\u00e9rio de Minas e Energia e o Minist\u00e9rio da Economia e que foi informada por ambas as pastas que <strong>n\u00e3o existem estudos em andamento que visem a privatiza\u00e7\u00e3o da petroleir<\/strong>a, apesar das constantes declara\u00e7\u00f5es recentes de Bolsonaro neste sentido.<\/p>\n\n\n\n<p>O presidente chegou at\u00e9 mesmo a afirmar que havia pedido ao ministro da Economia, Paulo Guedes, que colocasse a privatiza\u00e7\u00e3o da petroleira &#8220;no radar&#8221;.<\/p>\n\n\n\n<p><strong>Veja tamb\u00e9m<\/strong><\/p>\n\n\n\n<ul class=\"wp-block-list\">\n<li><a href=\"https:\/\/investnews.com.br\/cafeina\/galpoes-logisticos-em-alta-vacancia-em-queda-3-fiis-do-setor-para-ter-no-radar\/\" target=\"_blank\" rel=\"noreferrer noopener\">Galp\u00f5es log\u00edsticos<\/a>\u00a0em alta, vac\u00e2ncia em queda: 3 <a href=\"https:\/\/investnews.com.br\/guias\/fundos-imobiliarios\/\">FIIs<\/a> do setor para ter no radar<\/li>\n\n\n\n<li><a href=\"https:\/\/investnews.com.br\/economia\/pec-dos-precatorios-mercado\/\" target=\"_blank\" rel=\"noreferrer noopener\">PEC dos precat\u00f3rios<\/a>\u00a0n\u00e3o alivia descren\u00e7a do mercado, dizem especialistas<\/li>\n\n\n\n<li>\u2018Queda de pre\u00e7os dos\u00a0<a href=\"https:\/\/investnews.com.br\/analistas-em-acao\/queda-de-precos-dos-fiis-mantem-dividendos-mais-atrativos-diz-analista\/\" target=\"_blank\" rel=\"noreferrer noopener\">FIIs<\/a>\u00a0mant\u00e9m dividendos mais atrativos\u2019, diz analista<\/li>\n\n\n\n<li><a href=\"https:\/\/investnews.com.br\/investnews-explica\/porcentagem-como-calcular-os-ganhos-nos-investimentos\/\" target=\"_blank\" rel=\"noreferrer noopener\">Como calcular os ganhos nos investimentos<\/a>?<\/li>\n<\/ul>\n","protected":false},"excerpt":{"rendered":"<p>Presidente tamb\u00e9m disse que companhia paga dividendos &#8220;absurdos&#8221; aos acionistas.<\/p>\n","protected":false},"author":61,"featured_media":228831,"comment_status":"closed","ping_status":"open","sticky":false,"template":"","format":"standard","meta":{"_acf_changed":false,"inline_featured_image":false,"footnotes":""},"categories":[6],"tags":[21],"autor-wsj":[],"coauthors":[2494],"class_list":["post-286620","post","type-post","status-publish","format-standard","has-post-thumbnail","hentry","category-negocios","tag-petrobras"],"acf":[],"amp_enabled":true,"_links":{"self":[{"href":"https:\/\/investnews.com.br\/inv-api\/wp\/v2\/posts\/286620","targetHints":{"allow":["GET"]}}],"collection":[{"href":"https:\/\/investnews.com.br\/inv-api\/wp\/v2\/posts"}],"about":[{"href":"https:\/\/investnews.com.br\/inv-api\/wp\/v2\/types\/post"}],"author":[{"embeddable":true,"href":"https:\/\/investnews.com.br\/inv-api\/wp\/v2\/users\/61"}],"replies":[{"embeddable":true,"href":"https:\/\/investnews.com.br\/inv-api\/wp\/v2\/comments?post=286620"}],"version-history":[{"count":2,"href":"https:\/\/investnews.com.br\/inv-api\/wp\/v2\/posts\/286620\/revisions"}],"predecessor-version":[{"id":735867,"href":"https:\/\/investnews.com.br\/inv-api\/wp\/v2\/posts\/286620\/revisions\/735867"}],"wp:featuredmedia":[{"embeddable":true,"href":"https:\/\/investnews.com.br\/inv-api\/wp\/v2\/media\/228831"}],"wp:attachment":[{"href":"https:\/\/investnews.com.br\/inv-api\/wp\/v2\/media?parent=286620"}],"wp:term":[{"taxonomy":"category","embeddable":true,"href":"https:\/\/investnews.com.br\/inv-api\/wp\/v2\/categories?post=286620"},{"taxonomy":"post_tag","embeddable":true,"href":"https:\/\/investnews.com.br\/inv-api\/wp\/v2\/tags?post=286620"},{"taxonomy":"autor-wsj","embeddable":true,"href":"https:\/\/investnews.com.br\/inv-api\/wp\/v2\/autor-wsj?post=286620"},{"taxonomy":"author","embeddable":true,"href":"https:\/\/investnews.com.br\/inv-api\/wp\/v2\/coauthors?post=286620"}],"curies":[{"name":"wp","href":"https:\/\/api.w.org\/{rel}","templated":true}]}}