{"id":287334,"date":"2021-11-10T17:24:16","date_gmt":"2021-11-10T20:24:16","guid":{"rendered":"https:\/\/investnews.com.br\/?p=287334"},"modified":"2024-06-26T11:54:22","modified_gmt":"2024-06-26T14:54:22","slug":"cuba-alega-que-facebook-apoia-movimento-dissidente-e-ameaca-processo","status":"publish","type":"post","link":"https:\/\/investnews.com.br\/economia\/cuba-alega-que-facebook-apoia-movimento-dissidente-e-ameaca-processo\/","title":{"rendered":"Cuba alega que Facebook apoia movimento dissidente e amea\u00e7a processo"},"content":{"rendered":"\n<p>O ministro das Rela\u00e7\u00f5es Exteriores de Cuba, Bruno Rodriguez, amea\u00e7ou nesta quarta-feira (10) abrir um processo contra o<strong> Facebook<\/strong> (<a href=\"https:\/\/investnews.com.br\/cotacao\/fbok34-facebook-inc\/\" class=\"rank-math-link\">FBOK34<\/a>), alegando que a plataforma de m\u00eddia social ajudou o movimento dissidente no pa\u00eds comunista mudando algoritmos e a localiza\u00e7\u00e3o geogr\u00e1fica de postagens antes de protestos planejados para 15 de novembro.<\/p>\n\n\n\n<p>Os dissidentes pediram permiss\u00e3o em setembro para conduzir uma &#8220;marcha c\u00edvica pela mudan\u00e7a&#8221; em meados de novembro, ap\u00f3s protestos generalizados na ilha em julho. As autoridades cubanas negaram o pedido no m\u00eas passado, alegando que os manifestantes buscavam a derrubada violenta do governo.<\/p>\n\n\n\n<p>Os manifestantes dizem que planejam prosseguir com a marcha de qualquer maneira.<\/p>\n\n\n\n<p><strong>Veja tamb\u00e9m<\/strong><\/p>\n\n\n\n<ul class=\"wp-block-list\"><li><a rel=\"noreferrer noopener\" target=\"_blank\" href=\"https:\/\/investnews.com.br\/cafeina\/como-proteger-a-carteira-de-investimentos-em-ano-eleitoral\/\">Como proteger a carteira de investimentos<\/a>\u00a0em ano eleitoral?<\/li><li><a href=\"https:\/\/investnews.com.br\/geral\/metaverso-e-o-futuro-da-tecnologia-entenda-a-nova-aposta-do-facebook\/\">Metaverso<\/a> \u00e9 o futuro da tecnologia? Entenda a nova aposta do Facebook<\/li><li>B3 vai oferecer aluguel de\u00a0<a rel=\"noreferrer noopener\" target=\"_blank\" href=\"https:\/\/investnews.com.br\/financas\/b3-aluguel-etfs-renda-fixa-saiba-mais\/\">ETFs de renda fixa<\/a>; saiba mais<\/li><\/ul>\n","protected":false},"excerpt":{"rendered":"<p>Dissidentes pediram permiss\u00e3o em setembro para conduzir uma &#8220;marcha c\u00edvica pela mudan\u00e7a&#8221; em meados de novembro.<\/p>\n","protected":false},"author":61,"featured_media":287337,"comment_status":"closed","ping_status":"open","sticky":false,"template":"","format":"standard","meta":{"_acf_changed":false,"inline_featured_image":false,"footnotes":""},"categories":[5],"tags":[],"autor-wsj":[],"coauthors":[2494],"class_list":["post-287334","post","type-post","status-publish","format-standard","has-post-thumbnail","hentry","category-economia"],"acf":[],"amp_enabled":true,"_links":{"self":[{"href":"https:\/\/investnews.com.br\/inv-api\/wp\/v2\/posts\/287334","targetHints":{"allow":["GET"]}}],"collection":[{"href":"https:\/\/investnews.com.br\/inv-api\/wp\/v2\/posts"}],"about":[{"href":"https:\/\/investnews.com.br\/inv-api\/wp\/v2\/types\/post"}],"author":[{"embeddable":true,"href":"https:\/\/investnews.com.br\/inv-api\/wp\/v2\/users\/61"}],"replies":[{"embeddable":true,"href":"https:\/\/investnews.com.br\/inv-api\/wp\/v2\/comments?post=287334"}],"version-history":[{"count":4,"href":"https:\/\/investnews.com.br\/inv-api\/wp\/v2\/posts\/287334\/revisions"}],"predecessor-version":[{"id":288304,"href":"https:\/\/investnews.com.br\/inv-api\/wp\/v2\/posts\/287334\/revisions\/288304"}],"wp:featuredmedia":[{"embeddable":true,"href":"https:\/\/investnews.com.br\/inv-api\/wp\/v2\/media\/287337"}],"wp:attachment":[{"href":"https:\/\/investnews.com.br\/inv-api\/wp\/v2\/media?parent=287334"}],"wp:term":[{"taxonomy":"category","embeddable":true,"href":"https:\/\/investnews.com.br\/inv-api\/wp\/v2\/categories?post=287334"},{"taxonomy":"post_tag","embeddable":true,"href":"https:\/\/investnews.com.br\/inv-api\/wp\/v2\/tags?post=287334"},{"taxonomy":"autor-wsj","embeddable":true,"href":"https:\/\/investnews.com.br\/inv-api\/wp\/v2\/autor-wsj?post=287334"},{"taxonomy":"author","embeddable":true,"href":"https:\/\/investnews.com.br\/inv-api\/wp\/v2\/coauthors?post=287334"}],"curies":[{"name":"wp","href":"https:\/\/api.w.org\/{rel}","templated":true}]}}