{"id":287502,"date":"2021-11-11T11:41:02","date_gmt":"2021-11-11T14:41:02","guid":{"rendered":"https:\/\/investnews.com.br\/?p=287502"},"modified":"2021-11-11T11:41:03","modified_gmt":"2021-11-11T14:41:03","slug":"espaco-fiscal-de-r-916-bi-precatorios","status":"publish","type":"post","link":"https:\/\/investnews.com.br\/economia\/espaco-fiscal-de-r-916-bi-precatorios\/","title":{"rendered":"Espa\u00e7o fiscal de R$ 91,6 bi \u00e9 necess\u00e1rio para PEC dos precat\u00f3rios, diz Bezerra"},"content":{"rendered":"\n<p>Designado como relator da PEC dos Precat\u00f3rios, o l\u00edder do governo no Senado, Fernando Bezerra (MDB-PE), disse nesta quinta-feira que j\u00e1 iniciou as negocia\u00e7\u00f5es para convencer os demais senadores da necessidade de abertura do espa\u00e7o fiscal de R$ 91,6 bilh\u00f5es no or\u00e7amento do pr\u00f3ximo ano, mas admitiu que parte dos parlamentares argumenta que a necessidade real seria de cerca de R$ 80 bilh\u00f5es.<\/p>\n\n\n\n<p>&#8220;O espa\u00e7o fiscal que est\u00e1 sendo aberto (de R$ 91,6 bilh\u00f5es) \u00e9 o espa\u00e7o necess\u00e1rio. N\u00e3o se discute mais sobre o subteto para o pagamento de precat\u00f3rios, que chegariam a R$ 130 bilh\u00f5es em 2023 sem a PEC. O que se discute no Senado \u00e9 a mudan\u00e7a na f\u00f3rmula de corre\u00e7\u00e3o do teto de gastos&#8221;, afirmou, em entrevista \u00e0 GloboNews.<\/p>\n\n\n\n<p>Bezerra adiantou que far\u00e1 uma reuni\u00e3o na pr\u00f3xima ter\u00e7a-feira (16), \u00e0s 10h, no gabinete do senador Jos\u00e9 An\u00edbal (PSDB-SP) para explicar o <a href=\"https:\/\/investnews.com.br\/geral\/5-fatos-para-hoje-pec-dos-precatorios-aprovada-arrecadacao-do-5g\/\" class=\"rank-math-link\">texto aprovado na C\u00e2mara dos Deputados<\/a> essa semana.<\/p>\n\n\n\n<p>&#8220;Alguns senadores sugerem que o espa\u00e7o fiscal ideal ficaria entre R$ 75 bilh\u00f5es e R$ 80 bilh\u00f5es. Vamos debater, porque R$ 50 bilh\u00f5es ser\u00e3o consumidos pelo novo Aux\u00edlio Brasil. A corre\u00e7\u00e3o dos benef\u00edcios previdenci\u00e1rios consumir\u00e3o outros R$ 24 bilh\u00f5es. E a corre\u00e7\u00e3o das despesas de outros poderes e dos m\u00ednimos constitucionais de Educa\u00e7\u00e3o e Sa\u00fade levam R$ 6 bilh\u00f5es. \u00c9 uma matem\u00e1tica, o espa\u00e7o necess\u00e1rio nunca ser\u00e1 inferior a R$ 80 bilh\u00f5es&#8221;, argumentou.<\/p>\n\n\n\n<p>O l\u00edder do governo enfatizou que o que os senadores t\u00eam questionado \u00e9 sobre a necessidade desses R$ 11,6 bilh\u00f5es adicionais para al\u00e9m dos R$ 80 bilh\u00f5es &#8220;j\u00e1 contratados&#8221; em despesas para 2022. &#8220;Mas \u00e9 preciso lembrar que as despesas de investimentos foram sacrificadas no or\u00e7amento. A constru\u00e7\u00e3o de casas, estradas e as obras h\u00eddricas ser\u00e3o paralisadas?&#8221;, questionou.<\/p>\n\n\n\n<p>Bezerra acrescentou que o governo est\u00e1 aberto para discutir e checar os n\u00fameros, e quer mostrar que o espa\u00e7o fiscal aberto \u00e9 &#8220;justo, adequado e necess\u00e1rio&#8221;. &#8220;O governo vive arrecada\u00e7\u00e3o recorde e vai entregar um d\u00e9ficit prim\u00e1rio pr\u00f3ximo de zero em 2022. Por isso, interessa ao governo o debate para que a <a href=\"https:\/\/investnews.com.br\/web-stories\/entenda-a-pec-dos-precatorios\/\" class=\"rank-math-link\">PEC dos Precat\u00f3rios<\/a> seja aprovada com responsabilidade. O governo quer espa\u00e7o fiscal adequado, sem excessos&#8221;, alegou.<\/p>\n\n\n\n<p>Questionado sobre a mudan\u00e7a no c\u00e1lculo do teto de gastos, com a sincroniza\u00e7\u00e3o pela infla\u00e7\u00e3o de janeiro a dezembro, e n\u00e3o mais de julho de um ano a junho do outro, o senador respondeu que essa mudan\u00e7a \u00e9 tecnicamente leg\u00edtima e evitar\u00e1 uma revis\u00e3o da regra em 2026. &#8220;N\u00e3o \u00e9 nenhum arrumadinho&#8221;, enfatizou. &#8220;N\u00e3o houve essa sincroniza\u00e7\u00e3o do teto antes, porque a infla\u00e7\u00e3o era descendente, e no fim do ano se chegava com um teto melhor. Agora \u00e9 o contr\u00e1rio&#8221;, argumentou.<\/p>\n\n\n\n<p>Apesar do seu partido, o MDB, ter proposto a manuten\u00e7\u00e3o da regra atual do teto de gastos na C\u00e2mara, Bezerra argumentou que o MDB do Senado tem compreens\u00e3o da necessidade da PEC. Ele admitiu, por\u00e9m, que o l\u00edder do partido na Casa, Eduardo Braga (AM) quer aprofundar a discuss\u00e3o sobre a necessidade de R$ 91,6 bilh\u00f5es ou R$ 80 bilh\u00f5es de espa\u00e7o fiscal aberto pela proposta. &#8220;Vamos mostrar nos pr\u00f3ximos dias como ser\u00e1 usado o espa\u00e7o fiscal que est\u00e1 sendo aberto&#8221;, disse.<\/p>\n\n\n\n<p>A previs\u00e3o \u00e9 a de que a vota\u00e7\u00e3o do texto ocorra entre os dias 23 e 24 pr\u00f3ximos na Comiss\u00e3o de Constitui\u00e7\u00e3o e Justi\u00e7a (CCJ). A ideia \u00e9 que a aprecia\u00e7\u00e3o no plen\u00e1rio se d\u00ea na mesma semana, mas, caso n\u00e3o seja poss\u00edvel, essa etapa poderia ficar para a semana do &#8220;esfor\u00e7o concentrado&#8221;, entre 29 de novembro e 2 de dezembro.<\/p>\n\n\n\n<h2 class=\"wp-block-heading\">Aux\u00edlio Emergencial<\/h2>\n\n\n\n<p>Fernando Bezerra admitiu que, com o fim do aux\u00edlio emergencial, cerca de 20 milh\u00f5es de brasileiros ficar\u00e3o de fora do novo <a href=\"https:\/\/investnews.com.br\/geral\/auxilio-brasil-8-perguntas-para-entender-como-funciona\/\" class=\"rank-math-link\">Aux\u00edlio Brasil<\/a>. Segundo ele, o governo confia na retomada da economia e do emprego informal para que essas pessoas possam voltar a ter alguma renda.<\/p>\n\n\n\n<p>&#8220;De fato, 20 milh\u00f5es de brasileiros deixar\u00e3o de receber o aux\u00edlio emergencial, porque o governo acredita que a economia est\u00e1 voltando, sobretudo no setor de servi\u00e7os com o avan\u00e7o da vacina\u00e7\u00e3o. Vai voltar o emprego informal, que \u00e9 muito forte na nossa economia&#8221;, afirmou, na entrevista.<\/p>\n\n\n\n<p>A PEC dos Precat\u00f3rios libera R$ 91,6 bilh\u00f5es de espa\u00e7o no Or\u00e7amento de 2022 e \u00e9 essencial para o governo conseguir tirar do papel o Aux\u00edlio Brasil de R$ 400 para 17 milh\u00f5es de pessoas, como quer o presidente Jair Bolsonaro. Na formata\u00e7\u00e3o deste ano, mais de 40 milh\u00f5es de brasileiros receberam o <a href=\"https:\/\/investnews.com.br\/geral\/auxilio-emergencial-saque-da-7a-parcela-comeca-nesta-segunda-feira-veja-datas\/\" class=\"rank-math-link\">aux\u00edlio emergencial<\/a> at\u00e9 outubro em parcelas que variavam de R$ 150 a R$ 375.<\/p>\n\n\n\n<p>&#8220;Para manter o aux\u00edlio emergencial em 2022, o governo gastaria R$ 140 bilh\u00f5es. Se este governo pensasse na elei\u00e7\u00e3o, n\u00e3o tiraria 20 milh\u00f5es de pessoas do aux\u00edlio. Mas o governo busca atender de fato os que est\u00e3o passando fome, com cautela e prud\u00eancia. Enfrentamos uma crise alimentar in\u00e9dita no Pa\u00eds, e \u00e9 preciso focar nessas pessoas, temos que ter prioridades&#8221;, argumentou.<\/p>\n\n\n\n<p>O l\u00edder do governo alegou ainda que o valor de R$ 400 para o Aux\u00edlio Brasil valer\u00e1 apenas at\u00e9 dezembro de 2022 porque seria necess\u00e1rio aguardar a performance da economia ao longo do pr\u00f3ximo ano. Ele lembrou que, a despeito de parte do mercado j\u00e1 apostar em uma nova recess\u00e3o em 2022, a equipe econ\u00f4mica ainda trabalha com a proje\u00e7\u00e3o de crescimento do Produto Interno Bruto (PIB) entre 1,5% e 2,0% no pr\u00f3ximo ano.<\/p>\n\n\n\n<p>&#8220;De qualquer forma, o or\u00e7amento de 2023 s\u00f3 ser\u00e1 votado ap\u00f3s as elei\u00e7\u00f5es. O presidente eleito, seja qual for, poder\u00e1 transformar o Aux\u00edlio Brasil em permanente se quiser&#8221;, completou.<\/p>\n\n\n\n<p>Bezerra ainda voltou a recha\u00e7ar as acusa\u00e7\u00f5es de que a PEC dos Precat\u00f3rios significaria um calote do governo nessas senten\u00e7as judiciais. &#8220;O governo tem muita confian\u00e7a de que n\u00e3o vai restar fila de precat\u00f3rios, porque h\u00e1 muitas possibilidades de operacionaliza\u00e7\u00e3o fora do teto, com acerto de contas e uso para compra de ativos&#8221;, concluiu.<\/p>\n\n\n\n<h4 class=\"wp-block-heading\"><strong>Veja tamb\u00e9m<\/strong><\/h4>\n\n\n\n<ul class=\"wp-block-list\"><li>Como a&nbsp;<a target=\"_blank\" href=\"https:\/\/investnews.com.br\/cafeina\/como-a-marcacao-a-mercado-influencia-o-tesouro-direto\/\" rel=\"noreferrer noopener\">marca\u00e7\u00e3o a mercado<\/a>&nbsp;influencia o <a href=\"https:\/\/investnews.com.br\/guias\/como-funciona-o-tesouro-direto\/\">Tesouro Direto<\/a>?<\/li><li><a target=\"_blank\" href=\"https:\/\/investnews.com.br\/financas\/investir-em-bolsa-so-que-de-grife-pode-gerar-altos-retornos\/\" rel=\"noreferrer noopener\">Investir em bolsa<\/a>&nbsp;(s\u00f3 que de grife) pode gerar altos retornos<\/li><li>O que acontece quando o&nbsp;<a target=\"_blank\" href=\"https:\/\/investnews.com.br\/colunistas\/invista-melhor\/o-que-acontece-quando-a-probabilidade-e-negligenciada\/\" rel=\"noreferrer noopener\">investidor<\/a>&nbsp;ignora a probabilidade nas suas decis\u00f5es?<\/li><li><a target=\"_blank\" href=\"https:\/\/investnews.com.br\/boletim-investnews\/aura-minerals-csu-cardsystem-e-aeris-o-que-esperar-apos-balancos\/\" rel=\"noreferrer noopener\">Aura Minerals<\/a>, CSU CardSystem e Aeris: o que esperar ap\u00f3s balan\u00e7os?<\/li><li>Por que a a\u00e7\u00e3o da&nbsp;<a target=\"_blank\" href=\"https:\/\/investnews.com.br\/financas\/c-braskem-despenca-7\/\" rel=\"noreferrer noopener\">Braskem<\/a>&nbsp;caiu quase 12% ap\u00f3s o balan\u00e7o do 3\u00ba trimestre?<\/li><\/ul>\n","protected":false},"excerpt":{"rendered":"<p>Alguns senadores sugerem que o espa\u00e7o fiscal ideal ficaria entre R$ 75 bilh\u00f5es e R$ 80 bilh\u00f5es.<\/p>\n","protected":false},"author":62,"featured_media":287515,"comment_status":"closed","ping_status":"open","sticky":false,"template":"","format":"standard","meta":{"_acf_changed":false,"inline_featured_image":false,"footnotes":""},"categories":[5],"tags":[1719],"autor-wsj":[],"coauthors":[2499],"class_list":["post-287502","post","type-post","status-publish","format-standard","has-post-thumbnail","hentry","category-economia","tag-teto-de-gastos"],"acf":[],"amp_enabled":true,"_links":{"self":[{"href":"https:\/\/investnews.com.br\/inv-api\/wp\/v2\/posts\/287502","targetHints":{"allow":["GET"]}}],"collection":[{"href":"https:\/\/investnews.com.br\/inv-api\/wp\/v2\/posts"}],"about":[{"href":"https:\/\/investnews.com.br\/inv-api\/wp\/v2\/types\/post"}],"author":[{"embeddable":true,"href":"https:\/\/investnews.com.br\/inv-api\/wp\/v2\/users\/62"}],"replies":[{"embeddable":true,"href":"https:\/\/investnews.com.br\/inv-api\/wp\/v2\/comments?post=287502"}],"version-history":[{"count":1,"href":"https:\/\/investnews.com.br\/inv-api\/wp\/v2\/posts\/287502\/revisions"}],"predecessor-version":[{"id":287516,"href":"https:\/\/investnews.com.br\/inv-api\/wp\/v2\/posts\/287502\/revisions\/287516"}],"wp:featuredmedia":[{"embeddable":true,"href":"https:\/\/investnews.com.br\/inv-api\/wp\/v2\/media\/287515"}],"wp:attachment":[{"href":"https:\/\/investnews.com.br\/inv-api\/wp\/v2\/media?parent=287502"}],"wp:term":[{"taxonomy":"category","embeddable":true,"href":"https:\/\/investnews.com.br\/inv-api\/wp\/v2\/categories?post=287502"},{"taxonomy":"post_tag","embeddable":true,"href":"https:\/\/investnews.com.br\/inv-api\/wp\/v2\/tags?post=287502"},{"taxonomy":"autor-wsj","embeddable":true,"href":"https:\/\/investnews.com.br\/inv-api\/wp\/v2\/autor-wsj?post=287502"},{"taxonomy":"author","embeddable":true,"href":"https:\/\/investnews.com.br\/inv-api\/wp\/v2\/coauthors?post=287502"}],"curies":[{"name":"wp","href":"https:\/\/api.w.org\/{rel}","templated":true}]}}