{"id":287648,"date":"2021-11-11T17:50:22","date_gmt":"2021-11-11T20:50:22","guid":{"rendered":"https:\/\/investnews.com.br\/?p=287648"},"modified":"2021-11-11T17:50:23","modified_gmt":"2021-11-11T20:50:23","slug":"a-pec-dos-precatorios-aprovada-na-camara-acalmou-o-mercado","status":"publish","type":"post","link":"https:\/\/investnews.com.br\/economia\/a-pec-dos-precatorios-aprovada-na-camara-acalmou-o-mercado\/","title":{"rendered":"A PEC dos precat\u00f3rios aprovada na C\u00e2mara acalmou o mercado?"},"content":{"rendered":"\n<p>N\u00e3o chega a ser cen\u00e1rio de euforia, mas o <a href=\"https:\/\/investnews.com.br\/guias\/como-funciona-o-mercado-financeiro\/\">mercado financeiro<\/a> abandonou a espiral negativa que embarcou depois que governo e Centr\u00e3o decidiram furar o teto de gastos na <strong>Proposta de Emenda \u00e0 Constitui\u00e7\u00e3o <a href=\"https:\/\/investnews.com.br\/web-stories\/entenda-a-pec-dos-precatorios\/\" class=\"rank-math-link\">(PEC) dos precat\u00f3rios<\/a><\/strong> com a justificativa de bancar o novo programa social de R$ 400.<\/p>\n\n\n\n<p>No rastro da mudan\u00e7a de humor dos investidores, o novo secret\u00e1rio Especial de Tesouro e Or\u00e7amento, Esteves Colnago, faz uma peregrina\u00e7\u00e3o pelo mercado financeiro para defender a PEC como melhor solu\u00e7\u00e3o para viabilizar o <strong><a href=\"https:\/\/investnews.com.br\/geral\/auxilio-brasil-8-perguntas-para-entender-como-funciona\/#:~:text=Segundo%20o%20decreto%20que%20regulamenta,turno%20integral%20receber%C3%A3o%20R%24%20300.&amp;text=Segundo%20o%20decreto%2C%20o%20benef%C3%ADcio,parcelas%20mensais%20de%20R%24%20200.\" class=\"rank-math-link\">Aux\u00edlio Brasil<\/a><\/strong>, em vez de uma <a href=\"https:\/\/investnews.com.br\/geral\/o-auxilio-emergencial-sera-prorrogado-o-que-se-sabe-ate-agora\/\" class=\"rank-math-link\">prorroga\u00e7\u00e3o do aux\u00edlio emergencial<\/a> com o novo decreto de calamidade, instrumento considerado fr\u00e1gil juridicamente pela sua equipe e com riscos maiores para 2022.<\/p>\n\n\n\n<h2 class=\"wp-block-heading\">Vota\u00e7\u00e3o da PEC trouxe <strong>al\u00edvio<\/strong><\/h2>\n\n\n\n<p>A descompress\u00e3o do mercado veio ap\u00f3s a <a href=\"https:\/\/investnews.com.br\/economia\/pec-dos-precatorios-votacao-segundo-turno\/\" class=\"rank-math-link\">aprova\u00e7\u00e3o em segundo turno<\/a> da PEC pela C\u00e2mara, que viu na vota\u00e7\u00e3o uma redu\u00e7\u00e3o das incertezas do risco fiscal, mesmo diante da sinaliza\u00e7\u00e3o de que na tramita\u00e7\u00e3o no Senado a proposta ser\u00e1 alterada.<\/p>\n\n\n\n<p>O ponto central para a mudan\u00e7a de humor com a PEC foi que a proposta aprovada <strong>n\u00e3o ampliou ainda mais o espa\u00e7o para gastos<\/strong> nem aumentou o valor do Aux\u00edlio Brasil &#8211; novo programa social, substituto do Bolsa Fam\u00edlia &#8211; para R$ 500, R$ 600 como a ala pol\u00edtica queria.<\/p>\n\n\n\n<p>Contribuiu para dissipar as d\u00favidas a apresenta\u00e7\u00e3o feita por Esteves e o novo secret\u00e1rio do Tesouro, Paulo Valle, com dados mostrando que a PEC abrir\u00e1 um espa\u00e7o de R$ 91, 6 bilh\u00f5es para novos gastos em 2022. O rombo foi dimensionado, e o mercado gosta de previsibilidade, mesmo que as despesas tenham aumentado, relataram interlocutores que participaram dessas conversas e de confer\u00eancias virtuais.<\/p>\n\n\n\n<h2 class=\"wp-block-heading\"><strong>Encontros<\/strong><\/h2>\n\n\n\n<p>Nesses encontros, Colnago, que assumiu o cargo depois da crise que provocou uma nova <a href=\"https:\/\/investnews.com.br\/flash\/debandada-na-equipe-de-guedes-derruba-os-mercados-e-agora\/\" class=\"rank-math-link\">debandada na equipe do ministro da Economia<\/a>, Paulo Guedes, tem se mostrado firme na posi\u00e7\u00e3o de que a PEC \u00e9 a sa\u00edda para o impasse or\u00e7ament\u00e1rio, segundo relato de participantes obtidos pelo\u00a0&#8220;Estad\u00e3o&#8221;. Nesta sexta-feira (12), ele e Paulo Valle ter\u00e3o novos encontros em S\u00e3o Paulo na XP Investimentos e no BTG.<\/p>\n\n\n\n<p>Al\u00e9m dos dois secret\u00e1rios, o presidente do Banco Central, Roberto Campos Neto, tem conversado com parlamentares, embora a investida dele no mundo pol\u00edtico seja vista com restri\u00e7\u00f5es por integrantes do mercado. Na noite da vota\u00e7\u00e3o da PEC, Campos Neto jantou com congressistas. A agenda oficial constou que ele tratou de assuntos legislativos.<\/p>\n\n\n\n<p>No mercado, a avalia\u00e7\u00e3o agora \u00e9 de que houve um estresse exagerado. Um experiente executivo gestor de um <a href=\"https:\/\/investnews.com.br\/guias\/fundos-de-investimento\/\">fundo de investimento<\/a>, que falou na condi\u00e7\u00e3o de anonimato, avaliou que, se o cen\u00e1rio ficar um pouco mais tranquilo, com a pandemia controlada, e o risco de apag\u00e3o reduzido, os investidores t\u00eam mais a perder ficando vendidos na aposta de uma deteriora\u00e7\u00e3o maior.<\/p>\n\n\n\n<h2 class=\"wp-block-heading\">PEC dos precat\u00f3rios no <strong>Senado<\/strong><\/h2>\n\n\n\n<p>No Senado, a movimenta\u00e7\u00e3o \u00e9 para <strong>cortar o espa\u00e7o de gastos<\/strong>. &#8220;O mercado est\u00e1 entendendo que \u00e9 melhor aprovar o texto da PEC do que n\u00e3o deixar ela passar e vir uma coisa pior, que \u00e9 um cr\u00e9dito extraordin\u00e1rio com uma MP que vai colocar sei l\u00e1 quantas coisas&#8221;, disse o l\u00edder do MDB no Senado, Eduardo Braga (AM).<\/p>\n\n\n\n<p>Para a senadora Simone Tebet, a tramita\u00e7\u00e3o na CCJ vai permitir que a proposta seja analisada. &#8220;L\u00e1, encontraremos sa\u00edda jur\u00eddica e constitucional&#8221;, disse.<\/p>\n\n\n\n<p><strong>Veja tamb\u00e9m<\/strong><\/p>\n\n\n\n<ul class=\"wp-block-list\"><li><a href=\"https:\/\/investnews.com.br\/economia\/pec-dos-precatorios-mercado\/\" class=\"rank-math-link\">PEC dos precat\u00f3rios n\u00e3o alivia descren\u00e7a<\/a> do mercado, dizem especialistas<\/li><\/ul>\n","protected":false},"excerpt":{"rendered":"<p>N\u00e3o chega a ser cen\u00e1rio de euforia, mas o mercado financeiro abandonou a espiral negativa ap\u00f3s a vota\u00e7\u00e3o.<\/p>\n","protected":false},"author":62,"featured_media":273665,"comment_status":"closed","ping_status":"open","sticky":false,"template":"","format":"standard","meta":{"_acf_changed":false,"inline_featured_image":false,"footnotes":""},"categories":[5],"tags":[1019,2495,1719],"autor-wsj":[],"coauthors":[2499],"class_list":["post-287648","post","type-post","status-publish","format-standard","has-post-thumbnail","hentry","category-economia","tag-ajuste-fiscal","tag-auxilio-brasil","tag-teto-de-gastos"],"acf":[],"amp_enabled":true,"_links":{"self":[{"href":"https:\/\/investnews.com.br\/inv-api\/wp\/v2\/posts\/287648","targetHints":{"allow":["GET"]}}],"collection":[{"href":"https:\/\/investnews.com.br\/inv-api\/wp\/v2\/posts"}],"about":[{"href":"https:\/\/investnews.com.br\/inv-api\/wp\/v2\/types\/post"}],"author":[{"embeddable":true,"href":"https:\/\/investnews.com.br\/inv-api\/wp\/v2\/users\/62"}],"replies":[{"embeddable":true,"href":"https:\/\/investnews.com.br\/inv-api\/wp\/v2\/comments?post=287648"}],"version-history":[{"count":2,"href":"https:\/\/investnews.com.br\/inv-api\/wp\/v2\/posts\/287648\/revisions"}],"predecessor-version":[{"id":287651,"href":"https:\/\/investnews.com.br\/inv-api\/wp\/v2\/posts\/287648\/revisions\/287651"}],"wp:featuredmedia":[{"embeddable":true,"href":"https:\/\/investnews.com.br\/inv-api\/wp\/v2\/media\/273665"}],"wp:attachment":[{"href":"https:\/\/investnews.com.br\/inv-api\/wp\/v2\/media?parent=287648"}],"wp:term":[{"taxonomy":"category","embeddable":true,"href":"https:\/\/investnews.com.br\/inv-api\/wp\/v2\/categories?post=287648"},{"taxonomy":"post_tag","embeddable":true,"href":"https:\/\/investnews.com.br\/inv-api\/wp\/v2\/tags?post=287648"},{"taxonomy":"autor-wsj","embeddable":true,"href":"https:\/\/investnews.com.br\/inv-api\/wp\/v2\/autor-wsj?post=287648"},{"taxonomy":"author","embeddable":true,"href":"https:\/\/investnews.com.br\/inv-api\/wp\/v2\/coauthors?post=287648"}],"curies":[{"name":"wp","href":"https:\/\/api.w.org\/{rel}","templated":true}]}}