{"id":288581,"date":"2021-11-17T11:40:00","date_gmt":"2021-11-17T14:40:00","guid":{"rendered":"https:\/\/investnews.com.br\/?p=288581"},"modified":"2021-11-18T11:54:52","modified_gmt":"2021-11-18T14:54:52","slug":"ibovespa-dolar-cotacao-17-11-2021","status":"publish","type":"post","link":"https:\/\/investnews.com.br\/financas\/ibovespa-dolar-cotacao-17-11-2021\/","title":{"rendered":"Ibovespa cai mais de 1% e fecha abaixo de 103 mil pontos; d\u00f3lar vai a R$ 5,52"},"content":{"rendered":"\n<p>O <strong>Ibovespa<\/strong>, principal indicador da bolsa brasileira, a B3, fechou em forte queda nesta quarta-feira (17), enquanto o<strong> d\u00f3lar<\/strong> avan\u00e7ou, em meio a crescentes apostas de aperto monet\u00e1rio mais cedo do que o esperado nos Estados Unidos e a incertezas sobre a sa\u00fade fiscal do Brasil. <\/p>\n\n\n\n<p>O Ibovespa caiu 1,39%, aos <strong>102.948 pontos<\/strong>. Na m\u00ednima do dia, o \u00edndice tocou 102.551 pontos (menor valor intradia desde novembro de 2020), ap\u00f3s subir a 105.535. Com tal desempenho, passou a mostrar decl\u00ednio de 0,53% no m\u00eas.&nbsp; <\/p>\n\n\n\n<p>J\u00e1 o d\u00f3lar subiu 0,46% no dia, negociado a<strong> R$ 5,5246<\/strong>.<\/p>\n\n\n\n<ul class=\"wp-block-list\"><li><a rel=\"noreferrer noopener\" href=\"https:\/\/investnews.com.br\/cotacao\/\" target=\"_blank\">Cota\u00e7\u00e3o do Ibovespa<\/a><\/li><li><a rel=\"noreferrer noopener\" href=\"https:\/\/investnews.com.br\/cotacao\/cambio\/\" target=\"_blank\">Cota\u00e7\u00e3o do d\u00f3lar<\/a><\/li><li><a rel=\"noreferrer noopener\" href=\"https:\/\/investnews.com.br\/cotacao\/criptomoedas\/\" target=\"_blank\" class=\"rank-math-link\">Cota\u00e7\u00e3o de criptomoedas<\/a><\/li><\/ul>\n\n\n\n<p>Alexandre Almeida, economista da CM Capital Markets, apontou mais cedo \u00e0 Reuters um cen\u00e1rio cada vez mais desafiador para o <a href=\"https:\/\/investnews.com.br\/guias\/como-funciona-o-mercado-financeiro\/\">mercado de c\u00e2mbio<\/a> local, tanto por fatores internacionais quanto por ru\u00eddos dom\u00e9sticos.<\/p>\n\n\n\n<p>De um lado, ele citou dados fortes de vendas no varejo dos Estados Unidos divulgados na ter\u00e7a-feira (16), que alimentaram expectativas de <strong>alta dos juros<\/strong> pelo Federal Reserve (Fed, o banco central dos EUA) j\u00e1 em 2022, principalmente diante da<strong> infla\u00e7\u00e3o elevada<\/strong>, o que tenderia a impulsionar o d\u00f3lar globalmente.<\/p>\n\n\n\n<p>Enquanto isso, no Brasil investidores t\u00eam mostrado <a href=\"https:\/\/investnews.com.br\/economia\/pec-dos-precatorios-mercado\/\" class=\"rank-math-link\">preocupa\u00e7\u00e3o cada vez maior com a sa\u00fade das contas p\u00fablicas<\/a> em meio \u00e0 tramita\u00e7\u00e3o da<strong> PEC dos Precat\u00f3rios <\/strong>no Congresso. Almeida explicou que, embora muitos participantes do mercado enxerguem a proposta como poss\u00edvel al\u00edvio para a incerteza fiscal dom\u00e9stica, &#8220;o fato \u00e9 que a quest\u00e3o fica mais sens\u00edvel com (a inclus\u00e3o dos) servidores na conta pelo presidente Jair Bolsonaro&#8221;.<\/p>\n\n\n\n<p>Bolsonaro disse na ter\u00e7a-feira que a aprova\u00e7\u00e3o da PEC dos Precat\u00f3rios abriria espa\u00e7o para se conceder <strong>reajuste aos servidores p\u00fablicos federais<\/strong>, justificando eventual aumento como resposta a um congelamento dos sal\u00e1rios e \u00e0 <a href=\"https:\/\/investnews.com.br\/economia\/estagflacao-brasil-entenda\/\" class=\"rank-math-link\">infla\u00e7\u00e3o<\/a>.<\/p>\n\n\n\n<p>A PEC dos Precat\u00f3rios modifica a regra de pagamento dessas d\u00edvidas judiciais do governo e altera o prazo de corre\u00e7\u00e3o do teto de gastos pelo \u00cdndice de Pre\u00e7os ao Consumidor Amplo (<a href=\"https:\/\/investnews.com.br\/guias\/o-que-e-ipca\/\" class=\"rank-math-link\">IPCA<\/a>), abrindo <a href=\"https:\/\/investnews.com.br\/economia\/bolsa-familia-e-precatorios-entenda\/\" class=\"rank-math-link\">espa\u00e7o para o pagamento de aux\u00edlio <\/a>\u00e0 popula\u00e7\u00e3o de pelo menos R$ 400 por fam\u00edlia em 2022, ano eleitoral.<\/p>\n\n\n\n<p>Em nota a clientes, o Citi disse nesta quarta-feira que enxerga incertezas \u00e0 frente para a aprova\u00e7\u00e3o da proposta pelo Congresso, o que est\u00e1 &#8220;mantendo investidores distantes e impedindo o mercado de adicionar risco significativo ao Brasil neste est\u00e1gio&#8221;.<\/p>\n\n\n\n<p>O Citi disse acreditar que a aprova\u00e7\u00e3o da PEC em sua forma atual poderia ser suficiente para melhorar o desempenho dos pre\u00e7os dos ativos dom\u00e9sticos.<\/p>\n\n\n\n<p>Al\u00e9m de ru\u00eddos fiscais, Almeida, da CM Capital, citou a aproxima\u00e7\u00e3o de elei\u00e7\u00f5es provavelmente polarizadas, sinais crescentes de desacelera\u00e7\u00e3o econ\u00f4mica no Brasil e uma infla\u00e7\u00e3o pressionada como empecilhos para o desempenho do real.<\/p>\n\n\n\n<figure class=\"wp-block-embed-youtube wp-block-embed is-type-video is-provider-youtube wp-embed-aspect-16-9 wp-has-aspect-ratio\"><div class=\"wp-block-embed__wrapper\">\n<iframe loading=\"lazy\" title=\"Quais a\u00e7\u00f5es podem subir mesmo com a piora no cen\u00e1rio da economia?\" width=\"500\" height=\"281\" src=\"https:\/\/www.youtube.com\/embed\/xyIRLH4wUgg?feature=oembed\" frameborder=\"0\" allow=\"accelerometer; autoplay; clipboard-write; encrypted-media; gyroscope; picture-in-picture; web-share\" referrerpolicy=\"strict-origin-when-cross-origin\" allowfullscreen><\/iframe>\n<\/div><\/figure>\n\n\n\n<h2 class=\"wp-block-heading\">Destaques da bolsa<\/h2>\n\n\n\n<p>Pela tarde, os pap\u00e9is da&nbsp;<strong>Eletrobras<\/strong> ( <a rel=\"noreferrer noopener\" href=\"https:\/\/investnews.com.br\/cotacao\/elet3-elet6-eletrobras-centrais-eletricas-brasileiras\/\" target=\"_blank\" class=\"rank-math-link\">ELET3 e ELET6<\/a>) recuaram ap\u00f3s a empresa reportar seu balan\u00e7o referente ao terceiro trimestre. J\u00e1 o papel&nbsp;da&nbsp;<strong>M\u00e9liuz<\/strong> <a rel=\"noreferrer noopener\" href=\"https:\/\/investnews.com.br\/cotacao\/cash3-meliuz\/\" target=\"_blank\">(CASH3)<\/a>, que seguia com vi\u00e9s negativo em meio \u00e0 divulga\u00e7\u00e3o dos resultados financeiros, virou e liderou as altas do Ibovespa. <a href=\"https:\/\/investnews.com.br\/financas\/apos-balancos-meliuz-vira-para-alta-eletrobras-cai-5-e-desktop-despenca-11\/\" class=\"rank-math-link\"><em>Veja mais destaques da bolsa de valores<\/em><\/a>.<\/p>\n\n\n\n<h2 class=\"wp-block-heading\">Bolsas Mundiais<\/h2>\n\n\n\n<h4 class=\"wp-block-heading\">Wall Street<\/h4>\n\n\n\n<p>Os \u00edndices de refer\u00eancia de Wall Street terminaram esta quarta-feira em baixa, devido a temores da infla\u00e7\u00e3o e a preocupa\u00e7\u00f5es com a cadeia de suprimentos infladas pelos lucros de varejistas, com investidores apostando que o banco central norte-americano aumentar\u00e1 as taxas de juros mais cedo do que o esperado para controlar a alta dos pre\u00e7os. <\/p>\n\n\n\n<p>O \u00edndice Dow Jones caiu 0,58%, a 35.931 pontos, enquanto o S&amp;P 500 perdeu 0,260163%, a 4.689 pontos. O \u00edndice de tecnologia Nasdaq recuou 0,33%, a 15.922 pontos. <\/p>\n\n\n\n<h4 class=\"wp-block-heading\">Europa<\/h4>\n\n\n\n<p>As a\u00e7\u00f5es europeias fecharam em m\u00e1xima recorde nesta quarta-feira, subindo pela sexta sess\u00e3o seguida, uma vez que alguns balan\u00e7os corporativos positivos ajudaram a ofuscar as preocupa\u00e7\u00f5es de que o salto nos pre\u00e7os do g\u00e1s natural est\u00e1 alimentando as press\u00f5es inflacion\u00e1rias. <\/p>\n\n\n\n<ul class=\"wp-block-list\"><li>Em LONDRES, o \u00edndice Financial Times recuou 0,49%, a 7.291 pontos.<\/li><li>Em FRANKFURT, o \u00edndice DAX subiu 0,02%, a 16.251 pontos.<\/li><li>Em PARIS, o \u00edndice CAC-40 ganhou 0,06%, a 7.156 pontos.<\/li><li>Em MIL\u00c3O, o \u00edndice Ftse\/Mib teve valoriza\u00e7\u00e3o de 0,07%, a 27.824 pontos.<\/li><li>Em MADRI, o \u00edndice Ibex-35 registrou baixa de 0,52%, a 8.993 pontos.<\/li><li>Em LISBOA, o \u00edndice PSI20 valorizou-se 0,38%, a 5.675 pontos.<\/li><\/ul>\n\n\n\n<h4 class=\"wp-block-heading\">\u00c1sia e Pac\u00edfico<\/h4>\n\n\n\n<p>O mercado acion\u00e1rio da China fechou em alta nesta quarta-feira, liderado pelas a\u00e7\u00f5es de metais n\u00e3o ferrosos e de nova energia. Um juiz dos Estados Unidos que analisa quest\u00f5es comerciais derrubou na ter\u00e7a-feira uma decis\u00e3o do ent\u00e3o presidente Donald Trump de permitir a reimposi\u00e7\u00e3o de tarifas sobre alguns pain\u00e9is solares importados.<\/p>\n\n\n\n<ul class=\"wp-block-list\"><li>Em T\u00d3QUIO, o \u00edndice Nikkei recuou 0,40%, a 29.688 pontos.<\/li><li>Em HONG KONG, o \u00edndice HANG SENG caiu 0,25%, a 25.650 pontos.<\/li><li>Em XANGAI, o \u00edndice SSEC ganhou 0,44%, a 3.537 pontos.<\/li><li>O \u00edndice CSI300, que re\u00fane as maiores companhias listadas em XANGAI e SHENZHEN, avan\u00e7ou 0,05%, a 4.885 pontos.<\/li><li>Em SEUL, o \u00edndice KOSPI teve desvaloriza\u00e7\u00e3o de 1,16%, a 2.962 pontos.<\/li><li>Em TAIWAN, o \u00edndice TAIEX registrou alta de 0,40%, a 17.764 pontos.<\/li><li>Em CINGAPURA, o \u00edndice STRAITS TIMES desvalorizou-se 0,19%, a 3.232 pontos.<\/li><li>Em SYDNEY o \u00edndice S&amp;P\/ASX 200 recuou 0,68%, a 7.369 pontos.<\/li><\/ul>\n\n\n\n<p><em>(* Com informa\u00e7\u00f5es da Reuters)<\/em><\/p>\n\n\n\n<p><strong>Veja tamb\u00e9m<\/strong><\/p>\n\n\n\n<ul class=\"wp-block-list\"><li><a target=\"_blank\" href=\"https:\/\/investnews.com.br\/colunistas\/primeira-marcha\/carro-eletrico-pode-dar-primeiro-passo-para-virar-popular-no-brasil\/\" rel=\"noreferrer noopener\">Carro el\u00e9trico<\/a>&nbsp;pode dar primeiro passo para virar \u2018popular\u2019 no Brasil<\/li><li>A&nbsp;<a target=\"_blank\" href=\"https:\/\/investnews.com.br\/cafeina\/a-selic-em-alta-afeta-a-curva-de-juros\/\" rel=\"noreferrer noopener\">Selic<\/a>&nbsp;em alta afeta a curva de juros?<\/li><li><a target=\"_blank\" href=\"https:\/\/investnews.com.br\/negocios\/acoes-de-varejistas-perspectivas\/\" rel=\"noreferrer noopener\">A\u00e7\u00f5es de varejistas<\/a>: analistas enxergam cen\u00e1rio dif\u00edcil para as empresas<\/li><li>Por que&nbsp;<a target=\"_blank\" href=\"https:\/\/investnews.com.br\/boletim-investnews\/por-que-magalu-nao-para-de-cair-e-mais-os-memes-do-touro-de-ouro-da-b3\/\" rel=\"noreferrer noopener\">Magalu<\/a>&nbsp;n\u00e3o para de cair?<\/li><\/ul>\n","protected":false},"excerpt":{"rendered":"<p>\u00cdndice passa a acumular baixa no m\u00eas de novembro.<\/p>\n","protected":false},"author":7,"featured_media":288738,"comment_status":"closed","ping_status":"open","sticky":false,"template":"","format":"standard","meta":{"_acf_changed":false,"inline_featured_image":false,"footnotes":""},"categories":[4],"tags":[],"autor-wsj":[],"coauthors":[1494],"class_list":["post-288581","post","type-post","status-publish","format-standard","has-post-thumbnail","hentry","category-financas"],"acf":[],"amp_enabled":true,"_links":{"self":[{"href":"https:\/\/investnews.com.br\/inv-api\/wp\/v2\/posts\/288581","targetHints":{"allow":["GET"]}}],"collection":[{"href":"https:\/\/investnews.com.br\/inv-api\/wp\/v2\/posts"}],"about":[{"href":"https:\/\/investnews.com.br\/inv-api\/wp\/v2\/types\/post"}],"author":[{"embeddable":true,"href":"https:\/\/investnews.com.br\/inv-api\/wp\/v2\/users\/7"}],"replies":[{"embeddable":true,"href":"https:\/\/investnews.com.br\/inv-api\/wp\/v2\/comments?post=288581"}],"version-history":[{"count":27,"href":"https:\/\/investnews.com.br\/inv-api\/wp\/v2\/posts\/288581\/revisions"}],"predecessor-version":[{"id":288771,"href":"https:\/\/investnews.com.br\/inv-api\/wp\/v2\/posts\/288581\/revisions\/288771"}],"wp:featuredmedia":[{"embeddable":true,"href":"https:\/\/investnews.com.br\/inv-api\/wp\/v2\/media\/288738"}],"wp:attachment":[{"href":"https:\/\/investnews.com.br\/inv-api\/wp\/v2\/media?parent=288581"}],"wp:term":[{"taxonomy":"category","embeddable":true,"href":"https:\/\/investnews.com.br\/inv-api\/wp\/v2\/categories?post=288581"},{"taxonomy":"post_tag","embeddable":true,"href":"https:\/\/investnews.com.br\/inv-api\/wp\/v2\/tags?post=288581"},{"taxonomy":"autor-wsj","embeddable":true,"href":"https:\/\/investnews.com.br\/inv-api\/wp\/v2\/autor-wsj?post=288581"},{"taxonomy":"author","embeddable":true,"href":"https:\/\/investnews.com.br\/inv-api\/wp\/v2\/coauthors?post=288581"}],"curies":[{"name":"wp","href":"https:\/\/api.w.org\/{rel}","templated":true}]}}