{"id":28888,"date":"2020-12-23T20:00:00","date_gmt":"2020-12-23T23:00:00","guid":{"rendered":"https:\/\/investnews.com.br\/?p=28888"},"modified":"2025-09-05T15:13:37","modified_gmt":"2025-09-05T18:13:37","slug":"ficou-sabendo-a-volta-da-samarco-treta-de-musk-e-boom-imobiliario-da-poupanca","status":"publish","type":"post","link":"https:\/\/investnews.com.br\/economia\/ficou-sabendo-a-volta-da-samarco-treta-de-musk-e-boom-imobiliario-da-poupanca\/","title":{"rendered":"Ficou sabendo? Volta da Samarco, treta de Musk e boom imobili\u00e1rio"},"content":{"rendered":"\n<h3 class=\"wp-block-heading\">Samarco retoma atividades ap\u00f3s 5 anos da trag\u00e9dia<\/h3>\n\n\n\n<p>A mineradora Samarco come\u00e7ou nesta quarta-feira (23) a retomar gradualmente suas opera\u00e7\u00f5es, com atividades nos complexos de Germano, localizado em Mariana (MG), e Ubu, em Anchieta (ES), informou a Vale, uma das s\u00f3cias na joint venture em parceria com a BHP.<\/p>\n\n\n\n<p>A Samarco j\u00e1 havia informado que retomaria as atividades em dezembro, ap\u00f3s extensos testes de comissionamento, &#8220;garantindo uma retomada segura ap\u00f3s cinco anos&#8221; desde o rompimento de uma barragem de rejeitos de minera\u00e7\u00e3o, que matou 19 pessoas e foi considerado o pior desastre socioambiental do Brasil.<\/p>\n\n\n\n<p>As opera\u00e7\u00f5es da Samarco reiniciaram com capacidade de produ\u00e7\u00e3o de 7-8 milh\u00f5es de toneladas ao ano, com a utiliza\u00e7\u00e3o de um de seus tr\u00eas concentradores para beneficiamento de min\u00e9rio de ferro no Complexo de Germano e uma das quatro usinas de pelotiza\u00e7\u00e3o do Complexo de Ubu, representando 26% da capacidade produtiva da Samarco.<\/p>\n\n\n\n<p><a href=\"https:\/\/investnews.com.br\/cafeina\/vale-mais-dividendos-e-menor-producao-como-a-mineradora-planeja-2021\/\" target=\"_blank\" aria-label=\"A Vale disse que a Samarco utilizar\u00e1 novos processos de disposi\u00e7\u00e3o de rejeitos, &quot;refletindo seu compromisso com a retomada sustent\u00e1vel e a seguran\u00e7a operacional&quot;. (opens in a new tab)\" rel=\"noreferrer noopener\" class=\"rank-math-link\">A Vale disse que a Samarco utilizar\u00e1 novos processos de disposi\u00e7\u00e3o de rejeitos, &#8220;refletindo seu compromisso com a retomada sustent\u00e1vel e a seguran\u00e7a operacional&#8221;.<\/a><\/p>\n\n\n\n<p>A Funda\u00e7\u00e3o Renova, respons\u00e1vel pela execu\u00e7\u00e3o dos programas de repara\u00e7\u00e3o dos impactos socioambientais e socioecon\u00f4micos, pagou indeniza\u00e7\u00f5es e aux\u00edlios emergenciais para mais de 321 mil pessoas, acrescentou a companhia.<\/p>\n\n\n\n<h3 class=\"wp-block-heading\"> CEO da Tesla, Elon Musk exp\u00f5e racha com a Apple <\/h3>\n\n\n\n<p> O CEO da Tesla, Elon Musk, foi ao Twitter no fim da noite desta ter\u00e7a-feira (22) expor rachas entre sua companhia e a <a href=\"https:\/\/investnews.com.br\/negocios\/historia-da-apple\/\">Apple<\/a>.<\/p>\n\n\n\n<p> <a href=\"https:\/\/investnews.com.br\/negocios\/avanco-da-tesla-fez-2020-ser-o-ano-dos-veiculos-eletricos\/\" target=\"_blank\" aria-label=\"Ele chamou de &quot;estranha&quot; a informa\u00e7\u00e3o de que a concorrente pretende retomar projeto de lan\u00e7ar um carro el\u00e9trico at\u00e9 2024 (opens in a new tab)\" rel=\"noreferrer noopener\" class=\"rank-math-link\">Ele chamou de &#8220;estranha&#8221; a informa\u00e7\u00e3o de que a concorrente pretende retomar projeto de lan\u00e7ar um carro el\u00e9trico at\u00e9 2024<\/a> e revelou que n\u00e3o foi recebido pelo CEO da Apple, Tim Cook, quando quis vender a empresa para a outra gigante do Vale do Sil\u00edcio por 10% do valor atual de mercado, avaliado em US$ 607 bilh\u00f5es.<\/p>\n\n\n\n<p> De acordo com Musk, o aceno teria sido feito durante &#8220;os dias mais sombrios do programa Model 3&#8221;, nas palavras do executivo. Entre 2017 e 2018, <a href=\"https:\/\/www.youtube.com\/watch?v=paReBH_Z0wM&amp;feature=emb_title\" target=\"_blank\" aria-label=\"a Tesla quase faliu ao tentar lan\u00e7ar o Model 3, hoje seu ve\u00edculo mais vendido, em meio a dificuldades de atingir metas de produ\u00e7\u00e3o e grandes despesas.  (opens in a new tab)\" rel=\"noreferrer noopener\" class=\"rank-math-link\">a Tesla quase faliu ao tentar lan\u00e7ar o Model 3, hoje seu ve\u00edculo mais vendido, em meio a dificuldades de atingir metas de produ\u00e7\u00e3o e grandes despesas. <\/a><\/p>\n\n\n\n<h2 class=\"wp-block-heading\">Financiamento imobili\u00e1rio com recursos da poupan\u00e7a dispara 78% em novembro<\/h2>\n\n\n\n<p>O financiamento imobili\u00e1rio no Brasil com recursos da caderneta de <a href=\"https:\/\/investnews.com.br\/guias\/poupanca-como-funciona-quanto-rende\/\">poupan\u00e7a<\/a> atingiu 13,8 bilh\u00f5es de reais em novembro, um salto de 77,9% em rela\u00e7\u00e3o ao mesmo per\u00edodo de 2019, informou nesta quarta-feira a Associa\u00e7\u00e3o Brasileira das Entidades de Cr\u00e9dito Imobili\u00e1rio e Poupan\u00e7a (Abecip).<\/p>\n\n\n\n<p><strong>Mesmo tendo ca\u00eddo 0,2% na compara\u00e7\u00e3o com outubro, o desempenho do m\u00eas passado foi o segundo maior da s\u00e9rie hist\u00f3rica iniciada em julho de 1994, <\/strong>em termos nominais, confirmando a for\u00e7a do setor, mesmo diante da crise provocada pela pandemia da Covid-19.<\/p>\n\n\n\n<p><a href=\"https:\/\/investnews.com.br\/financas\/financiamento-imobiliario-dispara-mas-alta-de-juros-e-desemprego-alertam-bancos\/\" target=\"_blank\" aria-label=\"De janeiro a novembro, os empr\u00e9stimos no setor para financiar a compra e constru\u00e7\u00e3o de im\u00f3veis avan\u00e7aram 52,1% (opens in a new tab)\" rel=\"noreferrer noopener\" class=\"rank-math-link\">De janeiro a novembro, os empr\u00e9stimos no setor para financiar a compra e constru\u00e7\u00e3o de im\u00f3veis avan\u00e7aram 52,1%<\/a>, para 106,5 bilh\u00f5es de reais, pr\u00f3ximo do pico hist\u00f3rico registrado em 2014, de 112,85 bilh\u00f5es de reais.<\/p>\n\n\n\n<p>Em unidades financiadas, os empr\u00e9stimos de novembro atenderam 46,2 mil im\u00f3veis, 1,5% a mais do que em outubro e 59,9% maior do que o apurado em novembro de 2019.<\/p>\n\n\n\n<p>No acumulado do ano at\u00e9 novembro, foram financiadas 370,9 mil unidades, resultado 39,3% acima do de um ano antes.<\/p>\n\n\n\n<p>Por institui\u00e7\u00f5es financeiras, <a aria-label=\"a Caixa Econ\u00f4mica Federal liderou os desembolsos, com 43,5% do total (opens in a new tab)\" href=\"https:\/\/investnews.com.br\/economia\/caixa-reduz-taxa-no-financiamento-imobiliario-para-625-e-amplia-carencia\/\" target=\"_blank\" rel=\"noreferrer noopener\" class=\"rank-math-link\">a Caixa Econ\u00f4mica Federal liderou os desembolsos, com 43,5% do total<\/a>, seguida por Bradesco (19,5%), Ita\u00fa Unibanco (18,6%), Santander Brasil (13%) e Banco do Brasil (3%).<\/p>\n\n\n\n<p><em>*Com informa\u00e7\u00f5es de Reuters e Ag\u00eancia Estado<\/em><\/p>\n","protected":false},"excerpt":{"rendered":"<p>Mineradora retoma opera\u00e7\u00f5es ap\u00f3s 5 anos de trag\u00e9dia em Mariana (MG); Caixa Econ\u00f4mica lidera financiamentos com 43,5% dos desembolsos<\/p>\n","protected":false},"author":18,"featured_media":28892,"comment_status":"closed","ping_status":"open","sticky":false,"template":"","format":"standard","meta":{"_acf_changed":false,"inline_featured_image":false,"footnotes":""},"categories":[5],"tags":[58,110168,329,57,156,186,528,208,35,200],"autor-wsj":[],"coauthors":[1500],"class_list":["post-28888","post","type-post","status-publish","format-standard","has-post-thumbnail","hentry","category-economia","tag-caixa-economica-federal","tag-elon-musk","tag-apple","tag-banco-do-brasil","tag-bradesco","tag-itau-unibanco","tag-tesla","tag-vale","tag-poupanca","tag-santander"],"acf":[],"amp_enabled":true,"_links":{"self":[{"href":"https:\/\/investnews.com.br\/inv-api\/wp\/v2\/posts\/28888","targetHints":{"allow":["GET"]}}],"collection":[{"href":"https:\/\/investnews.com.br\/inv-api\/wp\/v2\/posts"}],"about":[{"href":"https:\/\/investnews.com.br\/inv-api\/wp\/v2\/types\/post"}],"author":[{"embeddable":true,"href":"https:\/\/investnews.com.br\/inv-api\/wp\/v2\/users\/18"}],"replies":[{"embeddable":true,"href":"https:\/\/investnews.com.br\/inv-api\/wp\/v2\/comments?post=28888"}],"version-history":[{"count":7,"href":"https:\/\/investnews.com.br\/inv-api\/wp\/v2\/posts\/28888\/revisions"}],"predecessor-version":[{"id":28901,"href":"https:\/\/investnews.com.br\/inv-api\/wp\/v2\/posts\/28888\/revisions\/28901"}],"wp:featuredmedia":[{"embeddable":true,"href":"https:\/\/investnews.com.br\/inv-api\/wp\/v2\/media\/28892"}],"wp:attachment":[{"href":"https:\/\/investnews.com.br\/inv-api\/wp\/v2\/media?parent=28888"}],"wp:term":[{"taxonomy":"category","embeddable":true,"href":"https:\/\/investnews.com.br\/inv-api\/wp\/v2\/categories?post=28888"},{"taxonomy":"post_tag","embeddable":true,"href":"https:\/\/investnews.com.br\/inv-api\/wp\/v2\/tags?post=28888"},{"taxonomy":"autor-wsj","embeddable":true,"href":"https:\/\/investnews.com.br\/inv-api\/wp\/v2\/autor-wsj?post=28888"},{"taxonomy":"author","embeddable":true,"href":"https:\/\/investnews.com.br\/inv-api\/wp\/v2\/coauthors?post=28888"}],"curies":[{"name":"wp","href":"https:\/\/api.w.org\/{rel}","templated":true}]}}