{"id":289182,"date":"2021-11-19T18:06:07","date_gmt":"2021-11-19T21:06:07","guid":{"rendered":"https:\/\/investnews.com.br\/?p=289182"},"modified":"2021-11-19T18:06:54","modified_gmt":"2021-11-19T21:06:54","slug":"tesla-sujeita-mulheres-a-assedio-sexual-em-sua-fabrica-diz-processo","status":"publish","type":"post","link":"https:\/\/investnews.com.br\/negocios\/tesla-sujeita-mulheres-a-assedio-sexual-em-sua-fabrica-diz-processo\/","title":{"rendered":"Tesla sujeita mulheres a  ass\u00e9dio sexual em sua f\u00e1brica, diz processo"},"content":{"rendered":"\n<p>A <strong>Tesla<\/strong> (<a href=\"https:\/\/investnews.com.br\/cotacao\/tsla34-tesla\/\" class=\"rank-math-link\">TSLA34<\/a>) sujeita trabalhadoras a condi\u00e7\u00f5es &#8220;aterrorizantes&#8221; de ass\u00e9dio sexual desenfreado em sua f\u00e1brica principal, e os supervisores viram as costas quando as queixas s\u00e3o apresentadas, de acordo com um novo processo.<\/p>\n\n\n\n<p>Jessica Barraza, 38, disse que suportou assobios e toques inadequados &#8220;quase diariamente&#8221; em seus tr\u00eas anos na f\u00e1brica em Fremont, na Calif\u00f3rnia, onde trabalha em turnos noturnos na \u00e1rea de produ\u00e7\u00e3o.<\/p>\n\n\n\n<p>Barraza disse que a gota d&#8217;\u00e1gua veio em 28 de setembro, quando um homem se aproximou por tr\u00e1s dela e colocou a perna entre suas coxas quando ela chegou do intervalo para o almo\u00e7o.<\/p>\n\n\n\n<p>&#8220;Oh, que pena&#8221;, disse ele, rindo, depois que ela escapou, de acordo com a queixa em um tribunal estadual da Calif\u00f3rnia em Alameda County.<\/p>\n\n\n\n<p>A v\u00edtima disse que o departamento de recursos humanos da Tesla n\u00e3o respondeu \u00e0s queixas que ela registrou em setembro e outubro, e at\u00e9 desativou o endere\u00e7o de e-mail da empresa pelo qual recebia reclama\u00e7\u00f5es.<\/p>\n\n\n\n<p>A Tesla n\u00e3o respondeu imediatamente nesta sexta-feira aos pedidos de coment\u00e1rios da &#8220;Reuters&#8221;.<\/p>\n\n\n\n<p>Em 4 de outubro, um j\u00fari federal em San Francisco ordenou que a Tesla pagasse US$ 136,9 milh\u00f5es a Owen Diaz, um ex-operador de elevador negro que enfrentou ass\u00e9dio racial. Em 16 de novembro, a empresa reverteu a senten\u00e7a, afirmando que &#8220;abomina e condena&#8221; todas as cal\u00fanias raciais e que, mesmo que devesse ter feito melhor para erradicar o racismo, o m\u00e1ximo que Diaz merecia eram US$ 600.000.<\/p>\n\n\n\n<p>Barraza est\u00e1 buscando indeniza\u00e7\u00f5es compensat\u00f3rias e punitivas por viola\u00e7\u00f5es do California Fair Employment and Housing Act.<\/p>\n\n\n\n<p>Ela tamb\u00e9m disse que, como muitos &#8220;empregadores de tecnologia&#8221;, a Tesla exige que muitos trabalhadores assinem acordos arbitr\u00e1rios, mantendo disputas no local de trabalho fora dos tribunais, mas que os termos &#8220;inescrupulosos&#8221; de seu acordo o tornam invi\u00e1vel.<\/p>\n\n\n\n<p>Barraza disse que est\u00e1 de licen\u00e7a por recomenda\u00e7\u00e3o m\u00e9dica, com diagn\u00f3stico de transtorno de estresse p\u00f3s-traum\u00e1tico.<\/p>\n","protected":false},"excerpt":{"rendered":"<p>Novo processo envolvendo a montadora americana revela condi\u00e7\u00f5es &#8216;aterrorizantes&#8217;, segundo o documento.<\/p>\n","protected":false},"author":61,"featured_media":284402,"comment_status":"closed","ping_status":"open","sticky":false,"template":"","format":"standard","meta":{"_acf_changed":false,"inline_featured_image":false,"footnotes":""},"categories":[6],"tags":[216,864,528],"autor-wsj":[],"coauthors":[2494],"class_list":["post-289182","post","type-post","status-publish","format-standard","has-post-thumbnail","hentry","category-negocios","tag-mercado-de-trabalho","tag-montadoras","tag-tesla"],"acf":[],"amp_enabled":true,"_links":{"self":[{"href":"https:\/\/investnews.com.br\/inv-api\/wp\/v2\/posts\/289182","targetHints":{"allow":["GET"]}}],"collection":[{"href":"https:\/\/investnews.com.br\/inv-api\/wp\/v2\/posts"}],"about":[{"href":"https:\/\/investnews.com.br\/inv-api\/wp\/v2\/types\/post"}],"author":[{"embeddable":true,"href":"https:\/\/investnews.com.br\/inv-api\/wp\/v2\/users\/61"}],"replies":[{"embeddable":true,"href":"https:\/\/investnews.com.br\/inv-api\/wp\/v2\/comments?post=289182"}],"version-history":[{"count":2,"href":"https:\/\/investnews.com.br\/inv-api\/wp\/v2\/posts\/289182\/revisions"}],"predecessor-version":[{"id":289186,"href":"https:\/\/investnews.com.br\/inv-api\/wp\/v2\/posts\/289182\/revisions\/289186"}],"wp:featuredmedia":[{"embeddable":true,"href":"https:\/\/investnews.com.br\/inv-api\/wp\/v2\/media\/284402"}],"wp:attachment":[{"href":"https:\/\/investnews.com.br\/inv-api\/wp\/v2\/media?parent=289182"}],"wp:term":[{"taxonomy":"category","embeddable":true,"href":"https:\/\/investnews.com.br\/inv-api\/wp\/v2\/categories?post=289182"},{"taxonomy":"post_tag","embeddable":true,"href":"https:\/\/investnews.com.br\/inv-api\/wp\/v2\/tags?post=289182"},{"taxonomy":"autor-wsj","embeddable":true,"href":"https:\/\/investnews.com.br\/inv-api\/wp\/v2\/autor-wsj?post=289182"},{"taxonomy":"author","embeddable":true,"href":"https:\/\/investnews.com.br\/inv-api\/wp\/v2\/coauthors?post=289182"}],"curies":[{"name":"wp","href":"https:\/\/api.w.org\/{rel}","templated":true}]}}