{"id":289438,"date":"2021-11-22T18:17:44","date_gmt":"2021-11-22T21:17:44","guid":{"rendered":"https:\/\/investnews.com.br\/?p=289438"},"modified":"2024-06-24T12:06:33","modified_gmt":"2024-06-24T15:06:33","slug":"acoes-de-consumo-e-imoveis-em-queda-veja-3-motivos","status":"publish","type":"post","link":"https:\/\/investnews.com.br\/financas\/acoes-de-consumo-e-imoveis-em-queda-veja-3-motivos\/","title":{"rendered":"A\u00e7\u00f5es de consumo e im\u00f3veis em queda: veja 3 motivos"},"content":{"rendered":"\n<figure class=\"wp-block-embed-youtube wp-block-embed is-type-video is-provider-youtube wp-embed-aspect-16-9 wp-has-aspect-ratio\"><div class=\"wp-block-embed__wrapper\">\n<iframe loading=\"lazy\" title=\"A\u00e7\u00f5es de consumo e im\u00f3veis em queda: veja 3 motivos\" width=\"500\" height=\"281\" src=\"https:\/\/www.youtube.com\/embed\/DmoDE8pJaYU?feature=oembed\" frameborder=\"0\" allow=\"accelerometer; autoplay; clipboard-write; encrypted-media; gyroscope; picture-in-picture; web-share\" referrerpolicy=\"strict-origin-when-cross-origin\" allowfullscreen><\/iframe>\n<\/div><\/figure>\n\n\n\n<p>O Boletim InvestNews desta segunda-feira (22) comenta a queda de a\u00e7\u00f5es de empresas de consumo, como <a href=\"https:\/\/investnews.com.br\/cotacao\/mglu3-magazine-luiza\/\" class=\"rank-math-link\">MGLU3<\/a>, <a href=\"https:\/\/investnews.com.br\/cotacao\/lren3-lojas-renner\/\" class=\"rank-math-link\">LREN3<\/a>, <a href=\"https:\/\/investnews.com.br\/cotacao\/soma3-grupo-soma\/\" class=\"rank-math-link\">SOMA3<\/a> e <a href=\"https:\/\/investnews.com.br\/cotacao\/amer3-americanas\/\" class=\"rank-math-link\">AMER3<\/a>, al\u00e9m de pap\u00e9is ligados ao mercado imobili\u00e1rio como <a href=\"https:\/\/investnews.com.br\/cotacao\/cyre3-cyrela-brazil-realty\/\" class=\"rank-math-link\">CYRE3<\/a> e <a href=\"https:\/\/investnews.com.br\/cotacao\/eztc3-eztec\/\" class=\"rank-math-link\">EZTC3<\/a>. Quais s\u00e3o os 3 fatores em comum que ligam as baixas dessas a\u00e7\u00f5es?<\/p>\n\n\n\n<p>O programa explica como a <strong>PEC dos Precat\u00f3rios<\/strong>, as previs\u00f5es para a economia e a curva de juros est\u00e3o afetando a bolsa de valores, e resume as principais not\u00edcias que mexeram com o <a href=\"https:\/\/investnews.com.br\/guias\/como-funciona-o-mercado-financeiro\/\">mercado financeiro<\/a>.\u00a0<\/p>\n\n\n\n<p>Entre os destaques, a transmiss\u00e3o traz a cota\u00e7\u00e3o do <a href=\"https:\/\/investnews.com.br\/cotacao\/cambio\/\" class=\"rank-math-link\">d\u00f3lar<\/a> e do <a href=\"https:\/\/investnews.com.br\/cotacao\/\" class=\"rank-math-link\">Ibovespa<\/a> do dia, al\u00e9m das a\u00e7\u00f5es que mais subiram e as que mais ca\u00edram.<\/p>\n\n\n\n<p>Com apresenta\u00e7\u00e3o da jornalista Karina Trevizan, o programa conta com coment\u00e1rios de Murilo Breder, analista da NuInvest. <\/p>\n\n\n\n<p><strong>Veja tamb\u00e9m<\/strong><\/p>\n\n\n\n<ul class=\"wp-block-list\"><li>5&nbsp;<a target=\"_blank\" href=\"https:\/\/investnews.com.br\/cafeina\/5-investimentos-para-fazer-antes-de-viajar\/\" rel=\"noreferrer noopener\">investimentos para fazer antes de viajar<\/a><\/li><li>Quais s\u00e3o as possibilidades de o&nbsp;<a target=\"_blank\" href=\"https:\/\/investnews.com.br\/financas\/ibovespa-abaixo-de-100-mil-pontos\/\" rel=\"noreferrer noopener\">Ibovespa<\/a>&nbsp;cair abaixo de 100 mil pontos?<\/li><li><a target=\"_blank\" href=\"https:\/\/investnews.com.br\/colunistas\/por-dentro-do-negocio\/por-dentro-das-estrategias-inovadoras-da-westwing\/\" rel=\"noreferrer noopener\">A\u00e7\u00f5es para investir<\/a>&nbsp;e surfar na reta final de 2021<\/li><li><a target=\"_blank\" href=\"https:\/\/investnews.com.br\/investnews-explica\/como-multiplicar-dezenas-samy-dana-explica\/\" rel=\"noreferrer noopener\">Como multiplicar dezenas<\/a>? Samy Dana explica<\/li><li>Quando o DI dispara, qual o melhor prazo para&nbsp;<a target=\"_blank\" href=\"https:\/\/investnews.com.br\/colunistas\/sos-financas\/quando-o-di-dispara-qual-o-melhor-prazo-para-aplicacoes-de-renda-fixa\/\" rel=\"noreferrer noopener\">aplica\u00e7\u00f5es de renda fixa<\/a>?<\/li><\/ul>\n","protected":false},"excerpt":{"rendered":"<p>Transmiss\u00e3o tamb\u00e9m traz a cota\u00e7\u00e3o do d\u00f3lar e do Ibovespa do dia, al\u00e9m das a\u00e7\u00f5es que mais subiram e as que mais ca\u00edram.<\/p>\n","protected":false},"author":31,"featured_media":289452,"comment_status":"closed","ping_status":"open","sticky":false,"template":"","format":"standard","meta":{"_acf_changed":false,"inline_featured_image":false,"footnotes":""},"categories":[4],"tags":[26],"autor-wsj":[],"coauthors":[1908,2315],"class_list":["post-289438","post","type-post","status-publish","format-standard","has-post-thumbnail","hentry","category-financas","tag-dolar"],"acf":[],"amp_enabled":true,"_links":{"self":[{"href":"https:\/\/investnews.com.br\/inv-api\/wp\/v2\/posts\/289438","targetHints":{"allow":["GET"]}}],"collection":[{"href":"https:\/\/investnews.com.br\/inv-api\/wp\/v2\/posts"}],"about":[{"href":"https:\/\/investnews.com.br\/inv-api\/wp\/v2\/types\/post"}],"author":[{"embeddable":true,"href":"https:\/\/investnews.com.br\/inv-api\/wp\/v2\/users\/31"}],"replies":[{"embeddable":true,"href":"https:\/\/investnews.com.br\/inv-api\/wp\/v2\/comments?post=289438"}],"version-history":[{"count":7,"href":"https:\/\/investnews.com.br\/inv-api\/wp\/v2\/posts\/289438\/revisions"}],"predecessor-version":[{"id":289469,"href":"https:\/\/investnews.com.br\/inv-api\/wp\/v2\/posts\/289438\/revisions\/289469"}],"wp:featuredmedia":[{"embeddable":true,"href":"https:\/\/investnews.com.br\/inv-api\/wp\/v2\/media\/289452"}],"wp:attachment":[{"href":"https:\/\/investnews.com.br\/inv-api\/wp\/v2\/media?parent=289438"}],"wp:term":[{"taxonomy":"category","embeddable":true,"href":"https:\/\/investnews.com.br\/inv-api\/wp\/v2\/categories?post=289438"},{"taxonomy":"post_tag","embeddable":true,"href":"https:\/\/investnews.com.br\/inv-api\/wp\/v2\/tags?post=289438"},{"taxonomy":"autor-wsj","embeddable":true,"href":"https:\/\/investnews.com.br\/inv-api\/wp\/v2\/autor-wsj?post=289438"},{"taxonomy":"author","embeddable":true,"href":"https:\/\/investnews.com.br\/inv-api\/wp\/v2\/coauthors?post=289438"}],"curies":[{"name":"wp","href":"https:\/\/api.w.org\/{rel}","templated":true}]}}