{"id":289800,"date":"2021-11-24T08:45:44","date_gmt":"2021-11-24T11:45:44","guid":{"rendered":"https:\/\/investnews.com.br\/?p=289800"},"modified":"2025-10-23T09:53:03","modified_gmt":"2025-10-23T12:53:03","slug":"com-renomeacao-de-powell-foco-passa-para-reducao-de-compras-de-titulos-do-fed","status":"publish","type":"post","link":"https:\/\/investnews.com.br\/economia\/com-renomeacao-de-powell-foco-passa-para-reducao-de-compras-de-titulos-do-fed\/","title":{"rendered":"Com renomea\u00e7\u00e3o de Powell, foco passa para redu\u00e7\u00e3o de compras de t\u00edtulos do Fed"},"content":{"rendered":"\n<p>Com o chair do Federal Reserve, <strong>Jerome Powell<\/strong>, sendo <a href=\"https:\/\/investnews.com.br\/economia\/biden-escolhe-powell-para-2-mandato-como-chair-do-fed\/\" class=\"rank-math-link\">nomeado para mais quatro anos<\/a> \u00e0 frente do banco central mais poderoso do mundo, a aten\u00e7\u00e3o se volta agora para se ele e seus colegas formuladores de pol\u00edtica monet\u00e1ria precisar\u00e3o retirar o apoio emergencial da economia dos Estados Unidos mais rapidamente em face da <a class=\"rank-math-link\" href=\"https:\/\/investnews.com.br\/investnews-explica\/o-que-e-inflacao-e-como-ela-afeta-o-seu-bolso\/\">infla\u00e7\u00e3o<\/a> elevada.<\/p>\n\n\n\n<p>Ao indicar Powell para um segundo mandato como chair do Fed na segunda-feira, o presidente dos Estados Unidos, Joe Biden, deixou claro que tanto o governo quanto o banco central tomariam medidas para enfrentar os crescentes custos de itens cotidianos, como alimentos, gasolina e o aluguel.<\/p>\n\n\n\n<p>Em outubro, os pre\u00e7os ao consumidor norte-americano subiram ao ritmo anual mais r\u00e1pido em 31 anos, testando a suposi\u00e7\u00e3o atual do Fed de que o pico inflacion\u00e1rio induzido pela pandemia de covid-19 seria tempor\u00e1rio.<\/p>\n\n\n\n<p>A extens\u00e3o do debate entre as autoridades do banco central sobre a rapidez com que eles deveriam <strong>encerrar seu programa de compras mensais de ativos <\/strong>pode ser esclarecida nesta quarta-feira, quando o Fed publicar a ata de sua \u00faltima reuni\u00e3o de pol\u00edtica monet\u00e1ria.<\/p>\n\n\n\n<p>As autoridades do Fed concordaram no encontro de 2 a 3 de novembro em come\u00e7ar a reduzir seus 120 bilh\u00f5es de d\u00f3lares em compras mensais de Treasuries e t\u00edtulos lastreados em hipotecas &#8212; um programa introduzido em 2020 para ajudar a economia durante a pandemia &#8212; com um cronograma que prev\u00ea encerramento total do esquema em junho do ano que vem.<\/p>\n\n\n\n<p>Mas eles deixaram em aberto a possibilidade de que o ritmo da desacelera\u00e7\u00e3o das compras de ativos seja alterado, e o foco est\u00e1 voltado agora para os desdobramentos que exigiriam uma redu\u00e7\u00e3o mais r\u00e1pida dos est\u00edmulos.<\/p>\n\n\n\n<p>&#8220;A ata da reuni\u00e3o ser\u00e1 examinada de perto sobre quais s\u00e3o as condi\u00e7\u00f5es para ajuste no ritmo de redu\u00e7\u00e3o do est\u00edmulo&#8221;, disse Sam Bullard, economista s\u00eanior do Wells Fargo.<\/p>\n\n\n\n<p>Desde a reuni\u00e3o de novembro do Fed, dados econ\u00f4micos mostraram uma <strong>reacelera\u00e7\u00e3o na cria\u00e7\u00e3o de empregos <\/strong>e um<strong> aumento nas vendas no varejo dos EUA<\/strong>, mas o mais impressionante foi o grau em que a infla\u00e7\u00e3o acelerou, ao contr\u00e1rio do que Powell e muitos outros no Fed esperavam.<\/p>\n\n\n\n<p>O \u00edndice de refer\u00eancia do Departamento do Trabalho dos EUA para a infla\u00e7\u00e3o dos pre\u00e7os ao consumidor disparou para ritmo anual de 6,2% no m\u00eas passado, e dados do Departamento de Com\u00e9rcio, a serem divulgados na manh\u00e3 desta quarta-feira, devem mostrar outra medida do aumentos dos pre\u00e7os &#8212; o \u00edndice PCE, favorito do Fed &#8212; continuando a subir a taxa equivalente ao dobro da meta m\u00e9dia flex\u00edvel de 2% do Fed.<\/p>\n\n\n\n<p>Os investidores est\u00e3o apostando agora que o Fed ter\u00e1 de aumentar os juros tr\u00eas vezes no ano que vem, com alguns mercados precificando o in\u00edcio do aumento dos custos dos empr\u00e9stimos j\u00e1 em maio.<\/p>\n\n\n\n<h2 class=\"wp-block-heading\">Receios dentro do Fed<\/h2>\n\n\n\n<p>A ata da reuni\u00e3o de pol\u00edtica monet\u00e1ria, a ser divulgada mais tarde nesta quarta-feira, tamb\u00e9m provavelmente fornecer\u00e1 mais detalhes sobre a profundidade do desconforto com a infla\u00e7\u00e3o entre as autoridades do Fed.<\/p>\n\n\n\n<p>A maioria delas passou a primeira parte deste ano insistindo que a alta dos pre\u00e7os teria vida curta, j\u00e1 que problemas nas cadeias globais de abastecimento seriam resolvidos conforme a economia reabrisse.<\/p>\n\n\n\n<p>&#8220;Em maio era f\u00e1cil ignorar, mas a cada m\u00eas que passa eles est\u00e3o levando isso mais a s\u00e9rio. E provavelmente se sentem mais confort\u00e1veis para agir com a melhora do mercado de trabalho &#8230; o pleno emprego est\u00e1 mais pr\u00f3ximo no horizonte&#8221;, disse Michael Feroli, economista-chefe para os EUA do JPMorgan.<\/p>\n\n\n\n<h4 class=\"wp-block-heading\">Veja tamb\u00e9m<\/h4>\n\n\n\n<ul class=\"wp-block-list\"><li>Por que a <a href=\"https:\/\/investnews.com.br\/economia\/juros-brasil-comparativo-paises\/\">taxa de juros no Brasil<\/a> sobe mais r\u00e1pido se\u00a0infla\u00e7\u00e3o\u00a0afeta o mundo todo?<\/li><li>Com 562% de alta,\u00a0<a rel=\"noreferrer noopener\" target=\"_blank\" href=\"https:\/\/investnews.com.br\/cafeina\/com-562-de-alta-acao-fora-do-ibovespa-bate-a-maior-alta-do-indice\/\">a\u00e7\u00e3o fora do Ibovespa<\/a>\u00a0bate a maior alta do \u00edndice<\/li><li>Aos 29, filho de\u00a0<a rel=\"noreferrer noopener\" target=\"_blank\" href=\"https:\/\/investnews.com.br\/negocios\/aos-29-filho-de-semenzato-conta-como-deixou-o-tenis-e-assumiu-holding-do-pai\/\">Semenzato<\/a>\u00a0conta como deixou o t\u00eanis e assumiu <a href=\"https:\/\/investnews.com.br\/guias\/holding\/\">holding<\/a> do pai<\/li><li><a rel=\"noreferrer noopener\" target=\"_blank\" href=\"https:\/\/investnews.com.br\/negocios\/cosan-e-rumo-anunciam-mudancas-de-executivos-de-ri-e-estrategia\/\">Cosan<\/a>\u00a0e Rumo anunciam mudan\u00e7as de executivos de RI e estrat\u00e9gia<\/li><li>Petr\u00f3leo e\u00a0<a rel=\"noreferrer noopener\" target=\"_blank\" href=\"https:\/\/investnews.com.br\/boletim-investnews\/petroleo-e-petrobras-salvam-ibovespa-de-cair-abaixo-de-101-mil-pontos-entenda\/\">Petrobras<\/a>\u00a0salvam Ibovespa de cair abaixo de 101 mil pontos; entenda<\/li><\/ul>\n","protected":false},"excerpt":{"rendered":"<p>Ata que ser\u00e1 publicada nesta quarta-feira pode dar indicativos sobre a rapidez de encerramento do programa.<\/p>\n","protected":false},"author":61,"featured_media":6332,"comment_status":"closed","ping_status":"open","sticky":false,"template":"","format":"standard","meta":{"_acf_changed":false,"inline_featured_image":false,"footnotes":""},"categories":[5],"tags":[236,479,52,110334],"autor-wsj":[],"coauthors":[2494],"class_list":["post-289800","post","type-post","status-publish","format-standard","has-post-thumbnail","hentry","category-economia","tag-eua","tag-fed","tag-inflacao","tag-jerome-powell"],"acf":[],"amp_enabled":true,"_links":{"self":[{"href":"https:\/\/investnews.com.br\/inv-api\/wp\/v2\/posts\/289800","targetHints":{"allow":["GET"]}}],"collection":[{"href":"https:\/\/investnews.com.br\/inv-api\/wp\/v2\/posts"}],"about":[{"href":"https:\/\/investnews.com.br\/inv-api\/wp\/v2\/types\/post"}],"author":[{"embeddable":true,"href":"https:\/\/investnews.com.br\/inv-api\/wp\/v2\/users\/61"}],"replies":[{"embeddable":true,"href":"https:\/\/investnews.com.br\/inv-api\/wp\/v2\/comments?post=289800"}],"version-history":[{"count":2,"href":"https:\/\/investnews.com.br\/inv-api\/wp\/v2\/posts\/289800\/revisions"}],"predecessor-version":[{"id":290143,"href":"https:\/\/investnews.com.br\/inv-api\/wp\/v2\/posts\/289800\/revisions\/290143"}],"wp:featuredmedia":[{"embeddable":true,"href":"https:\/\/investnews.com.br\/inv-api\/wp\/v2\/media\/6332"}],"wp:attachment":[{"href":"https:\/\/investnews.com.br\/inv-api\/wp\/v2\/media?parent=289800"}],"wp:term":[{"taxonomy":"category","embeddable":true,"href":"https:\/\/investnews.com.br\/inv-api\/wp\/v2\/categories?post=289800"},{"taxonomy":"post_tag","embeddable":true,"href":"https:\/\/investnews.com.br\/inv-api\/wp\/v2\/tags?post=289800"},{"taxonomy":"autor-wsj","embeddable":true,"href":"https:\/\/investnews.com.br\/inv-api\/wp\/v2\/autor-wsj?post=289800"},{"taxonomy":"author","embeddable":true,"href":"https:\/\/investnews.com.br\/inv-api\/wp\/v2\/coauthors?post=289800"}],"curies":[{"name":"wp","href":"https:\/\/api.w.org\/{rel}","templated":true}]}}