{"id":29004,"date":"2020-12-28T13:24:04","date_gmt":"2020-12-28T16:24:04","guid":{"rendered":"https:\/\/investnews.com.br\/?p=29004"},"modified":"2025-09-05T13:56:18","modified_gmt":"2025-09-05T16:56:18","slug":"aes-brasil-anuncia-aquisicao-de-parques-eolicos-da-cubico-por-r-806-milhoes","status":"publish","type":"post","link":"https:\/\/investnews.com.br\/negocios\/aes-brasil-anuncia-aquisicao-de-parques-eolicos-da-cubico-por-r-806-milhoes\/","title":{"rendered":"AES Brasil anuncia aquisi\u00e7\u00e3o de parques e\u00f3licos da C\u00fabico por R$ 806 milh\u00f5es"},"content":{"rendered":"\n<p>A AES Brasil, da norte-americana AES (<a href=\"https:\/\/investnews.com.br\/financas\/veja-a-lista-completa-dos-bdrs-disponiveis-para-pessoas-fisicas-na-b3\/\" class=\"rank-math-link\">A1ES34<\/a>), informou a aquisi\u00e7\u00e3o de dois complexos e\u00f3licos no Nordeste junto \u00e0 C\u00fabico Brasil por um valor total de R$ 806 milh\u00f5es, incluindo d\u00edvidas.<\/p>\n\n\n\n<p>O neg\u00f3cio, anunciado pela empresa em comunicado no domingo (27), envolve parques e\u00f3licos no Cear\u00e1 e no Rio Grande do Norte que somam uma capacidade instalada de 158,5 megawatts.<\/p>\n\n\n\n<p>A transa\u00e7\u00e3o, \u00e0s v\u00e9speras do final do ano, soma-se a outra aquisi\u00e7\u00e3o recente da companhia e segue estrat\u00e9gia do grupo AES de focar sua expans\u00e3o no maior pa\u00eds da Am\u00e9rica Latina em ativos de gera\u00e7\u00e3o renov\u00e1vel, principalmente usinas e\u00f3licas.<\/p>\n\n\n\n<p>A AES Brasil informou que o valor acordado pela compra inclui R$ 529 milh\u00f5es em &#8220;equity&#8221; e R$ 277 milh\u00f5es em assun\u00e7\u00e3o de d\u00edvidas dos empreendimentos e acrescentou que a opera\u00e7\u00e3o ser\u00e1 financiada, em sua totalidade, por meio da capacidade de endividamento adicional do projeto e da empresa.<\/p>\n\n\n\n<p>&#8220;Com a conclus\u00e3o da opera\u00e7\u00e3o, a AES Brasil passar\u00e1 a contar com uma capacidade instalada de 4 gigawatts (GW) do seu portf\u00f3lio 100% renov\u00e1vel. <strong>Este projeto est\u00e1 alinhado \u00e0 nossa estrat\u00e9gia de crescimento e diversifica\u00e7\u00e3o e \u00e0 potencial cria\u00e7\u00e3o de um cluster e\u00f3lico na regi\u00e3o do Nordeste do pa\u00eds&#8221;<\/strong>, afirmou a companhia no comunicado.<\/p>\n\n\n\n<p>A AES Brasil, que recentemente passou a adotar esse nome em substitui\u00e7\u00e3o a AES Tiet\u00ea, disse ainda que a aquisi\u00e7\u00e3o se encaixa em sua estrat\u00e9gia de diversifica\u00e7\u00e3o que mira expans\u00e3o em ativos de fontes renov\u00e1veis complementares \u00e0 hidrel\u00e9trica e com contratos de longo prazo.<\/p>\n\n\n\n<p>Os empreendimentos negociados junto \u00e0 C\u00fabico est\u00e3o em opera\u00e7\u00e3o desde 2013. A produ\u00e7\u00e3o foi negociada em contratos no mercado regulado de energia, fechados em leil\u00f5es promovidos pelo governo em 2009 e 2011.<\/p>\n\n\n\n<p>A AES afirmou que, sendo conclu\u00edda a opera\u00e7\u00e3o, convocar\u00e1 uma assembleia extraordin\u00e1ria de acionistas para ratific\u00e1-la, sendo que eventuais condi\u00e7\u00f5es de direito de retirada por acionistas dissidentes ser\u00e3o informadas oportunamente se aplic\u00e1veis.<\/p>\n\n\n\n<p>O neg\u00f3cio com a C\u00fabico \u00e9 o primeiro anunciado pela AES Tiet\u00ea depois de uma recente troca no comando da companhia, em dezembro, quando Clarissa Sadock foi nomeada nova diretora-presidente da empresa.<\/p>\n\n\n\n<p>Antes, em agosto, a AES Brasil havia selado a compra de parques e\u00f3licos da J. Malucelli no Rio Grande do Norte por R$ 650 milh\u00f5es.<\/p>\n\n\n\n<p>A controladora da companhia, AES, tamb\u00e9m ampliou neste ano a participa\u00e7\u00e3o na subsidi\u00e1ria brasileira, depois de fechar acordo em junho para comprar parte das a\u00e7\u00f5es do BNDES na empresa.<\/p>\n\n\n\n<ul class=\"wp-block-list\"><li><strong>Leia tamb\u00e9m: <\/strong><a href=\"https:\/\/investnews.com.br\/negocios\/energia-solar-cresce-70-no-brasil-apesar-de-pandemia-e-atrai-grandes-empresas\/\" class=\"rank-math-link\">Energia solar cresce 70% no Brasil apesar de pandemia e atrai grandes empresas<\/a><\/li><\/ul>\n","protected":false},"excerpt":{"rendered":"<p>Transa\u00e7\u00e3o segue estrat\u00e9gia do grupo AES em expans\u00e3o no Brasil em ativos de gera\u00e7\u00e3o renov\u00e1vel.<\/p>\n","protected":false},"author":7,"featured_media":29005,"comment_status":"closed","ping_status":"open","sticky":false,"template":"","format":"standard","meta":{"_acf_changed":false,"inline_featured_image":false,"footnotes":""},"categories":[6],"tags":[110573,824],"autor-wsj":[],"coauthors":[1494],"class_list":["post-29004","post","type-post","status-publish","format-standard","has-post-thumbnail","hentry","category-negocios","tag-aes-tiete","tag-energia"],"acf":[],"amp_enabled":true,"_links":{"self":[{"href":"https:\/\/investnews.com.br\/inv-api\/wp\/v2\/posts\/29004","targetHints":{"allow":["GET"]}}],"collection":[{"href":"https:\/\/investnews.com.br\/inv-api\/wp\/v2\/posts"}],"about":[{"href":"https:\/\/investnews.com.br\/inv-api\/wp\/v2\/types\/post"}],"author":[{"embeddable":true,"href":"https:\/\/investnews.com.br\/inv-api\/wp\/v2\/users\/7"}],"replies":[{"embeddable":true,"href":"https:\/\/investnews.com.br\/inv-api\/wp\/v2\/comments?post=29004"}],"version-history":[{"count":2,"href":"https:\/\/investnews.com.br\/inv-api\/wp\/v2\/posts\/29004\/revisions"}],"predecessor-version":[{"id":29069,"href":"https:\/\/investnews.com.br\/inv-api\/wp\/v2\/posts\/29004\/revisions\/29069"}],"wp:featuredmedia":[{"embeddable":true,"href":"https:\/\/investnews.com.br\/inv-api\/wp\/v2\/media\/29005"}],"wp:attachment":[{"href":"https:\/\/investnews.com.br\/inv-api\/wp\/v2\/media?parent=29004"}],"wp:term":[{"taxonomy":"category","embeddable":true,"href":"https:\/\/investnews.com.br\/inv-api\/wp\/v2\/categories?post=29004"},{"taxonomy":"post_tag","embeddable":true,"href":"https:\/\/investnews.com.br\/inv-api\/wp\/v2\/tags?post=29004"},{"taxonomy":"autor-wsj","embeddable":true,"href":"https:\/\/investnews.com.br\/inv-api\/wp\/v2\/autor-wsj?post=29004"},{"taxonomy":"author","embeddable":true,"href":"https:\/\/investnews.com.br\/inv-api\/wp\/v2\/coauthors?post=29004"}],"curies":[{"name":"wp","href":"https:\/\/api.w.org\/{rel}","templated":true}]}}