{"id":290279,"date":"2021-12-17T08:55:00","date_gmt":"2021-12-17T11:55:00","guid":{"rendered":"https:\/\/investnews.com.br\/?p=290279"},"modified":"2024-06-24T11:07:43","modified_gmt":"2024-06-24T14:07:43","slug":"morning-call-preocupacoes-com-a-covid-19-retornam-e-os-mercados-realizam-forte","status":"publish","type":"post","link":"https:\/\/investnews.com.br\/financas\/morning-call-preocupacoes-com-a-covid-19-retornam-e-os-mercados-realizam-forte\/","title":{"rendered":"Morning Call: mercado entra na reta final do ano"},"content":{"rendered":"\n<h2 class=\"wp-block-heading\">Cen\u00e1rio global e bolsa de valores <\/h2>\n\n\n\n<p>Caminhamos para o fim da semana e tamb\u00e9m do ano, onde nesta sexta feira os mercados Asi\u00e1ticos tiveram um fechamento negativo: T\u00f3quio (Nikkei -1,79%), Hong Kong (Hang Seng -1,20%), Xangai (SSEC -1,16%), \u00fanica alta em Seul (KOSPI +0,38%). O foco por l\u00e1 nesta sexta feira ficou por conta da decis\u00e3o do BoJ (Banco Central do Jap\u00e3o) que determinou a redu\u00e7\u00e3o dos est\u00edmulos, que ocorria atrav\u00e9s da compra de t\u00edtulos corporativos e commercial papers, retornando aos patamares pr\u00e9-pandemia, em paralelo a meta para a taxa de juros de curto prazo ficou inalterada em -0,10%. A China segue tendo como preocupa\u00e7\u00e3o as restri\u00e7\u00f5es que tem sido impostas pelos Estados Unidos, fora o receio com uma nova onda global de Covid-19. <\/p>\n\n\n\n<p>O mercado Europeu inicia a sess\u00e3o em queda em sua maioria em meio a divulga\u00e7\u00e3o de uma infla\u00e7\u00e3o em sua m\u00e1xima recorde para o m\u00eas de novembro, por\u00e9m em linha com as expectativas para proje\u00e7\u00e3o anual: Londres (FTSE +0,10%), Frankfurt (DAX -0,73%), Paris (CAC -0,72%). O temor com rela\u00e7\u00e3o a variante \u00d4micron permanece, gerando um receio por parte do mercado caso ocorra uma outra onda de transmiss\u00e3o, onde ainda n\u00e3o se sabe de que forma isso poderia impactar a economia, principalmente em um momento em que os bancos centrais ao redor do mundo falam em redu\u00e7\u00e3o nos est\u00edmulos e aumento dos juros para o pr\u00f3ximo ano. <\/p>\n\n\n\n<p>Para hoje temos uma agenda nos Estados Unidos t\u00edmida onde apenas \u00e0s 15 horas teremos o discurso do Waller, membro do FED. O fechamento de ontem para o SP500 foi bem fraco encerrando com queda de -0,87% ap\u00f3s o \u00edndice rondar a regi\u00e3o de topo hist\u00f3rico, at\u00e9 o momento o futuro por l\u00e1 opera  em leve queda de -0,31%. Quem chama aten\u00e7\u00e3o por l\u00e1 \u00e9 o VIX \u00edndice que mede a <a href=\"https:\/\/investnews.com.br\/guias\/volatilidade-o-que-e\/\">volatilidade<\/a> do mercado, por enquanto em n\u00edveis normais mas em alta pelo segundo dia at\u00e9 o momento. Falando um pouco das <a href=\"https:\/\/investnews.com.br\/guias\/commodities-o-que-sao\/\">commodities<\/a>, o petr\u00f3leo do tipo BRENT opera em queda de -1,15% e por enquanto longe da importante barreira dos $78,00, atualmente em $73,73 e por outro lado o min\u00e9rio de ferro operava em alta de +1,66% j\u00e1 em uma importante regi\u00e3o de resist\u00eancia, $119,70.<\/p>\n\n\n\n<p>Futuros: S&amp;P 500 4.688,4 (-0,31%); Petr\u00f3leo: Brent a US$ 73,73 (-1,72%); WTI a US$ 71,11 (-1,75%); Ouro: +0,65%, a US$ 1.809,95 a on\u00e7a-troy na Comex; Min\u00e9rio de Ferro (+1,66%) a 119,40.<\/p>\n\n\n\n<h2 class=\"wp-block-heading\">Cen\u00e1rio no Brasil <\/h2>\n\n\n\n<p>Por aqui vamos entrar em ano eleitoral e ser\u00e1 comum se ocorrer muita volatilidade a cada pesquisa que for sendo divulgada, principalmente se tiver muito diverg\u00eancia entre elas. Ontem ao fim do preg\u00e3o foi divulgada pelo Datafolha uma pesquisa realizada entre os dias 13 e 16 de dezembro com 3.666 pessoas com mais de 16 anos e em 191 cidades. Considerando os dois cen\u00e1rios estipulados por eles, em ambos Lula e Bolsonaro seriam os destaques. Tamb\u00e9m ontem o Minist\u00e9rio da Economia enviou ao Congresso uma sugest\u00e3o para que fosse realocado $2,9 bilh\u00f5es do Or\u00e7amento do ano que vem para reajustar sal\u00e1rios de alguns servidores p\u00fablicos. <\/p>\n\n\n\n<h2 class=\"wp-block-heading\">Ibovespa<\/h2>\n\n\n\n<p>Seguimos o que foi indicado no fechamento da semana anterior, um movimento mais tranquilo do que foi visto nos \u00faltimos meses, em grande parte pelo fechamento semanal acima da m\u00e9dia 9 exponencial. O que parecia t\u00e3o distante come\u00e7a a dar esperan\u00e7a, o t\u00e3o falado fechamento do ano no positivo, e para isso seria necess\u00e1rio uma alta de quase +7%. Em caso de for\u00e7a compradora, podemos encontrar no caminho uma barreira na faixa dos 111.800. A faixa dos 100 mil continua sendo muito importante e por hora vamos deixar de lado, enquanto o candle semanal fechar acima da MME9. <a href=\"https:\/\/investnews.com.br\/cotacao\/\" class=\"rank-math-link\">Veja cota\u00e7\u00e3o do Ibovespa hoje<\/a><\/p>\n\n\n\n<figure class=\"wp-block-image size-large\"><img loading=\"lazy\" decoding=\"async\" width=\"1024\" height=\"567\" src=\"https:\/\/media.investnews.com.br\/uploads\/2021\/12\/image-26-1024x567.png\" alt=\"\" class=\"wp-image-294699\" srcset=\"https:\/\/media.investnews.com.br\/uploads\/2021\/12\/image-26-1024x567.png 1024w, https:\/\/media.investnews.com.br\/uploads\/2021\/12\/image-26-300x166.png 300w, https:\/\/media.investnews.com.br\/uploads\/2021\/12\/image-26-768x425.png 768w, https:\/\/media.investnews.com.br\/uploads\/2021\/12\/image-26-1536x851.png 1536w, https:\/\/media.investnews.com.br\/uploads\/2021\/12\/image-26-1256x696.png 1256w, https:\/\/media.investnews.com.br\/uploads\/2021\/12\/image-26-172x95.png 172w, https:\/\/media.investnews.com.br\/uploads\/2021\/12\/image-26-150x83.png 150w, https:\/\/media.investnews.com.br\/uploads\/2021\/12\/image-26.png 1614w\" sizes=\"auto, (max-width: 1024px) 100vw, 1024px\" \/><\/figure>\n\n\n\n<p><\/p>\n\n\n\n<p><\/p>\n\n\n\n<p><\/p>\n\n\n\n<figure class=\"wp-block-table\"><table class=\"\"><tbody><tr><td><strong>Indicadores econ\u00f4micos e eventos:<\/strong><\/td><\/tr><tr><td>7:00 &#8211; EURO &#8211; CPI (IPC)<\/td><\/tr><tr><td><\/td><\/tr><tr><td> 15:00 &#8211; EUA &#8211; Discurso Waller, membro do FED <\/td><\/tr><tr><td><\/td><\/tr><\/tbody><\/table><\/figure>\n\n\n\n<p><strong>Veja tamb\u00e9m:<\/strong><\/p>\n\n\n\n<ul class=\"wp-block-list\"><li><a class=\"rank-math-link\" href=\"https:\/\/investnews.com.br\/guias\/bolsas-internacionais-quais-sao-como-afetam-ibovespa\/\">Bolsas internacionais<\/a>: como elas afetam o Ibovespa e em quais ficar de olho<\/li><\/ul>\n","protected":false},"excerpt":{"rendered":"<p>Os principais fatos que podem impactar os mercados hoje e uma breve an\u00e1lise do \u00edndice Bovespa.<\/p>\n","protected":false},"author":27,"featured_media":281836,"comment_status":"closed","ping_status":"open","sticky":false,"template":"","format":"standard","meta":{"_acf_changed":false,"inline_featured_image":false,"footnotes":""},"categories":[4],"tags":[226,1669,722,1357,721],"autor-wsj":[],"coauthors":[2268],"class_list":["post-290279","post","type-post","status-publish","format-standard","has-post-thumbnail","hentry","category-financas","tag-bolsa-de-valores","tag-bolsas-americanas","tag-bolsas-asiaticas","tag-bolsas-de-nova-york","tag-bolsas-europeias"],"acf":[],"amp_enabled":true,"_links":{"self":[{"href":"https:\/\/investnews.com.br\/inv-api\/wp\/v2\/posts\/290279","targetHints":{"allow":["GET"]}}],"collection":[{"href":"https:\/\/investnews.com.br\/inv-api\/wp\/v2\/posts"}],"about":[{"href":"https:\/\/investnews.com.br\/inv-api\/wp\/v2\/types\/post"}],"author":[{"embeddable":true,"href":"https:\/\/investnews.com.br\/inv-api\/wp\/v2\/users\/27"}],"replies":[{"embeddable":true,"href":"https:\/\/investnews.com.br\/inv-api\/wp\/v2\/comments?post=290279"}],"version-history":[{"count":7,"href":"https:\/\/investnews.com.br\/inv-api\/wp\/v2\/posts\/290279\/revisions"}],"predecessor-version":[{"id":294835,"href":"https:\/\/investnews.com.br\/inv-api\/wp\/v2\/posts\/290279\/revisions\/294835"}],"wp:featuredmedia":[{"embeddable":true,"href":"https:\/\/investnews.com.br\/inv-api\/wp\/v2\/media\/281836"}],"wp:attachment":[{"href":"https:\/\/investnews.com.br\/inv-api\/wp\/v2\/media?parent=290279"}],"wp:term":[{"taxonomy":"category","embeddable":true,"href":"https:\/\/investnews.com.br\/inv-api\/wp\/v2\/categories?post=290279"},{"taxonomy":"post_tag","embeddable":true,"href":"https:\/\/investnews.com.br\/inv-api\/wp\/v2\/tags?post=290279"},{"taxonomy":"autor-wsj","embeddable":true,"href":"https:\/\/investnews.com.br\/inv-api\/wp\/v2\/autor-wsj?post=290279"},{"taxonomy":"author","embeddable":true,"href":"https:\/\/investnews.com.br\/inv-api\/wp\/v2\/coauthors?post=290279"}],"curies":[{"name":"wp","href":"https:\/\/api.w.org\/{rel}","templated":true}]}}