{"id":290583,"date":"2021-11-27T05:30:56","date_gmt":"2021-11-27T08:30:56","guid":{"rendered":"https:\/\/investnews.com.br\/?p=290583"},"modified":"2021-11-26T22:56:23","modified_gmt":"2021-11-27T01:56:23","slug":"variante-omicron-bolsa","status":"publish","type":"post","link":"https:\/\/investnews.com.br\/financas\/variante-omicron-bolsa\/","title":{"rendered":"Variante \u00f4micron pode adiar, mas n\u00e3o zera retomada da bolsa, dizem especialistas"},"content":{"rendered":"\n<p>A <a href=\"https:\/\/investnews.com.br\/geral\/descoberta-nova-variante-do-coronavirus-com-32-mutacoes\/\">nova variante do coronav\u00edrus<\/a> detectada da \u00c1frica <a href=\"https:\/\/investnews.com.br\/financas\/ibovespa-dolar-cotacao-26-11-2021\/\">derrubou as bolsas<\/a> em todo o mundo e levantou d\u00favidas sobre a consist\u00eancia da <strong>recupera\u00e7\u00e3o dos mercados<\/strong> ap\u00f3s o pior momento da crise da pandemia aparentemente ter ficado para tr\u00e1s. Mas, para especialistas ouvidos pelo<em> InvestNews<\/em>, embora ainda seja cedo para mensurar o impacto da variante <strong>\u00f4micron<\/strong> sobre a <strong>economia global<\/strong>, ele n\u00e3o deve ser suficiente para \u201capagar por completo\u201d a recupera\u00e7\u00e3o vista at\u00e9 agora.\u00a0<\/p>\n\n\n\n<p>Os cientistas alertam que a variante descoberta pela primeira vez em Botsuana tem um \u201cn\u00famero extremamente alto\u201d de muta\u00e7\u00f5es, o que pode levar a <strong>novas ondas de covid-19<\/strong>. Sem informa\u00e7\u00f5es confirmadas sobre a efic\u00e1cia das vacinas contra essa nova variante, investidores fugiram de ativos de risco, como a\u00e7\u00f5es e <a href=\"https:\/\/investnews.com.br\/geral\/ficou-sabendo-bitcoin-despenca-com-nova-variante-brumadinho-no-radar\/\">criptomoedas<\/a>.\u00a0<\/p>\n\n\n\n<p>Leonardo Santana, especialista em a\u00e7\u00f5es da Top Gain, afirma que essa rea\u00e7\u00e3o de \u201c<strong>p\u00e2nico<\/strong>\u201d pode ter sido um pouco exagerada, e v\u00ea espa\u00e7o para corre\u00e7\u00f5es. \u201cO que n\u00f3s temos no mercado hoje \u00e9 muito p\u00e2nico. Mas n\u00e3o necessariamente fatos ver\u00eddicos de aumento expressivo de casos de morte\u201d, diz ele. \u201cPor enquanto, o reflexo \u00e9 de um mercado com mais sentimentos do que com fatos.\u201d<\/p>\n\n\n\n<p>De maneira semelhante, Victor Beyruti, economista da Guide Investimentos, aponta que \u201ca gente ainda n\u00e3o tem grandes informa\u00e7\u00f5es sobre o v\u00edrus, se ele j\u00e1 est\u00e1 disseminado em outros continentes com maior volume, e, principalmente, se essa muta\u00e7\u00e3o da estrutura de prote\u00ednas dele de fato faz com que as vacinas n\u00e3o tenham efic\u00e1cia\u201d.\u00a0<\/p>\n\n\n\n<h2 class=\"wp-block-heading\"><strong>Recupera\u00e7\u00e3o n\u00e3o deve ser perdida<\/strong><\/h2>\n\n\n\n<p>Mesmo na pior das hip\u00f3teses &#8211; ou seja, se a variante \u00f4micron<strong> <\/strong>de fato se tornar mais infectante e resistente \u00e0s vacinas -, os especialistas n\u00e3o esperam que as bolsas de valores percam toda a recupera\u00e7\u00e3o desde a queda no come\u00e7o da pandemia, em 2020.\u00a0<\/p>\n\n\n\n<p>\u201cEu n\u00e3o acredito que essa nova variante possa derrubar o <strong>Ibovespa aos 60 mil pontos<\/strong>, como foi na primeira onda do v\u00edrus, quando ningu\u00e9m o conhecia\u201d, diz Beyruti. \u201cA nova variante pode ser resistente contra as vacinas, n\u00f3s podemos ter perdas ainda. N\u00e3o estou falando que n\u00e3o vai cair. <a href=\"https:\/\/investnews.com.br\/financas\/ibovespa-abaixo-de-100-mil-pontos\/\">Podemos perder os 100 mil <\/a>ou 90 mil pontos. Mas n\u00e3o acredito que a queda vai ser da mesma magnitude porque o mundo j\u00e1 est\u00e1 mais preparado.\u201d<\/p>\n\n\n\n<p>Bruno Komura, analista da Ouro Preto Investimentos, acrescenta que uma piora dos n\u00fameros de infec\u00e7\u00f5es pelo mundo pela variante \u00f4micron pode trazer consequ\u00eancias para a economia, mas tamb\u00e9m acredita em um impacto menor. &#8220;Isso \u00e9 uma coisa tempor\u00e1ria, a gente j\u00e1 sabe lidar. Tudo bem, essa variante \u00e9 problem\u00e1tica, o mercado reagiu mal. Mas acaba sendo mais ru\u00eddo. E acho que vai ter uma dura\u00e7\u00e3o curta e n\u00e3o vai atrapalhar esse movimento de <strong>&#8216;o pior j\u00e1 passou<\/strong> e vamos pensar em como vai ser a <strong>recupera\u00e7\u00e3o<\/strong>&#8216;\u201d, diz.\u00a0<\/p>\n\n\n\n<p>Entre os motivos para essa avalia\u00e7\u00e3o, Komura cita que, \u201cse a gente precisar desenvolver, adaptar a vacina, vai acontecer num ritmo muito mais r\u00e1pido, dado que as vacinas j\u00e1 foram testadas, que \u00e9 a parte mais complicada e demorada.\u201d<\/p>\n\n\n\n<p>Santana, da Top Gain, tamb\u00e9m cita esse fator. \u201cN\u00f3s tivemos alguma not\u00edcia da Pfizer hoje de que se precisar de uma vacina para a nova cepa, <a href=\"https:\/\/www.youtube.com\/watch?v=aAlEsL0vZA8\" target=\"_blank\" rel=\"noopener\">ela sair\u00e1 em torno de 100 dias<\/a>. Ent\u00e3o, a vacina\u00e7\u00e3o j\u00e1 \u00e9 prevista.\u201d<\/p>\n\n\n\n<h2 class=\"wp-block-heading\"><strong>As vacinas e o caso do Brasil<\/strong><\/h2>\n\n\n\n<p>Especialistas apontam que, diferente do que ocorria em outros momentos, novas preocupa\u00e7\u00f5es em rela\u00e7\u00e3o \u00e0 covid-19 pelo mundo n\u00e3o devem afetar o mercado no Brasil de maneira mais severa na compara\u00e7\u00e3o com outros pa\u00edses. E o principal motivo apontado para isso \u00e9 o avan\u00e7o da vacina\u00e7\u00e3o.\u00a0<\/p>\n\n\n\n<p>O Brasil j\u00e1 ultrapassou pa\u00edses como os Estados Unidos na parcela da popula\u00e7\u00e3o vacinada contra a covid-19. Nesta semana, a cidade mais populosa do pa\u00eds, S\u00e3o Paulo, afirmou que 100% de sua popula\u00e7\u00e3o adulta j\u00e1 concluiu o primeiro ciclo de imuniza\u00e7\u00e3o.<\/p>\n\n\n\n<p>\u201cEm meses anteriores, geralmente quando tinha alguma crise mais global, um momento de maior queda dos mercados, o Brasil ca\u00eda bem mais. O sentimento com o Brasil era que aqui sempre em termos de pandemia a gente estava pior\u201d, lembra Gustavo Cruz, economista e estrategista da RB Investimentos, afirmando que, agora, a situa\u00e7\u00e3o \u00e9 diferente.\u00a0<\/p>\n\n\n\n<p>\u201cEu acho que isso j\u00e1 est\u00e1 bem relacionado com a <strong>alta taxa de vacina\u00e7\u00e3o<\/strong> aqui no Brasil. A maior parte da popula\u00e7\u00e3o tomou suas duas doses. Isso \u00e9 uma diferen\u00e7a bem grande para a resist\u00eancia \u00e0 vacina na Europa e nos Estados Unidos\u201d, diz Cruz.\u00a0<\/p>\n\n\n\n<p>Em relat\u00f3rio sobre os poss\u00edveis impactos da \u00f4micron, o Goldman Sachs afirma que \u201cdeve-se observar que variantes preocupantes j\u00e1 surgiram antes, sem impactos significativos, e o surto at\u00e9 agora ocorreu em pa\u00edses com baixas taxas de vacina\u00e7\u00e3o\u201d.<\/p>\n\n\n\n<p>Mas Cruz, da RB, alerta que essa aparente \u201cvantagem\u201d do Brasil sobre outros pa\u00edses por causa da taxa maior de vacina\u00e7\u00e3o pode trazer uma \u201cfalsa sensa\u00e7\u00e3o de que a gente est\u00e1 alheio ao que vem de fora. Mas n\u00e3o \u00e9 verdade\u201d.\u00a0<\/p>\n\n\n\n<p>\u201cO continente africano est\u00e1 sendo extremamente negligenciado. Tem pouqu\u00edssima vacina dispon\u00edvel por l\u00e1\u201d, comenta o economista. \u201cA gente sabe que, para sair da<strong> crise do coronav\u00edrus<\/strong>, n\u00e3o d\u00e1 para ter esse tipo de situa\u00e7\u00e3o. Ou voc\u00ea vacina o mundo inteiro, ou fica correndo esse<strong> risco<\/strong> sempre. E, infelizmente, parece que aconteceu.\u201d\u00a0<\/p>\n\n\n\n<figure class=\"wp-block-embed-youtube wp-block-embed is-type-video is-provider-youtube wp-embed-aspect-16-9 wp-has-aspect-ratio\"><div class=\"wp-block-embed__wrapper\">\n<iframe loading=\"lazy\" title=\"Variante \u00f4micron: Bolsa pode sofrer menos por causa de vacina\u00e7\u00e3o avan\u00e7ada?\" width=\"500\" height=\"281\" src=\"https:\/\/www.youtube.com\/embed\/aAlEsL0vZA8?start=502&#038;feature=oembed\" frameborder=\"0\" allow=\"accelerometer; autoplay; clipboard-write; encrypted-media; gyroscope; picture-in-picture; web-share\" referrerpolicy=\"strict-origin-when-cross-origin\" allowfullscreen><\/iframe>\n<\/div><\/figure>\n\n\n\n<p><\/p>\n","protected":false},"excerpt":{"rendered":"<p>Nova variante do coronav\u00edrus assustou os mercados, mas expectativa \u00e9 de impacto menor que o come\u00e7o da pandemia.<\/p>\n","protected":false},"author":31,"featured_media":2245,"comment_status":"closed","ping_status":"open","sticky":false,"template":"","format":"standard","meta":{"_acf_changed":false,"inline_featured_image":false,"footnotes":""},"categories":[4],"tags":[404],"autor-wsj":[],"coauthors":[1908],"class_list":["post-290583","post","type-post","status-publish","format-standard","has-post-thumbnail","hentry","category-financas","tag-coronavirus"],"acf":[],"amp_enabled":true,"_links":{"self":[{"href":"https:\/\/investnews.com.br\/inv-api\/wp\/v2\/posts\/290583","targetHints":{"allow":["GET"]}}],"collection":[{"href":"https:\/\/investnews.com.br\/inv-api\/wp\/v2\/posts"}],"about":[{"href":"https:\/\/investnews.com.br\/inv-api\/wp\/v2\/types\/post"}],"author":[{"embeddable":true,"href":"https:\/\/investnews.com.br\/inv-api\/wp\/v2\/users\/31"}],"replies":[{"embeddable":true,"href":"https:\/\/investnews.com.br\/inv-api\/wp\/v2\/comments?post=290583"}],"version-history":[{"count":15,"href":"https:\/\/investnews.com.br\/inv-api\/wp\/v2\/posts\/290583\/revisions"}],"predecessor-version":[{"id":290600,"href":"https:\/\/investnews.com.br\/inv-api\/wp\/v2\/posts\/290583\/revisions\/290600"}],"wp:featuredmedia":[{"embeddable":true,"href":"https:\/\/investnews.com.br\/inv-api\/wp\/v2\/media\/2245"}],"wp:attachment":[{"href":"https:\/\/investnews.com.br\/inv-api\/wp\/v2\/media?parent=290583"}],"wp:term":[{"taxonomy":"category","embeddable":true,"href":"https:\/\/investnews.com.br\/inv-api\/wp\/v2\/categories?post=290583"},{"taxonomy":"post_tag","embeddable":true,"href":"https:\/\/investnews.com.br\/inv-api\/wp\/v2\/tags?post=290583"},{"taxonomy":"autor-wsj","embeddable":true,"href":"https:\/\/investnews.com.br\/inv-api\/wp\/v2\/autor-wsj?post=290583"},{"taxonomy":"author","embeddable":true,"href":"https:\/\/investnews.com.br\/inv-api\/wp\/v2\/coauthors?post=290583"}],"curies":[{"name":"wp","href":"https:\/\/api.w.org\/{rel}","templated":true}]}}