{"id":290933,"date":"2021-11-30T10:56:07","date_gmt":"2021-11-30T13:56:07","guid":{"rendered":"https:\/\/investnews.com.br\/?p=290933"},"modified":"2021-11-30T20:56:12","modified_gmt":"2021-11-30T23:56:12","slug":"ibovespa-dolar-cotacao-30-11-2021","status":"publish","type":"post","link":"https:\/\/investnews.com.br\/financas\/ibovespa-dolar-cotacao-30-11-2021\/","title":{"rendered":"Ibovespa cai aos 101 mil pontos e acumula queda de 1,53% em novembro"},"content":{"rendered":"\n<p>O <strong>Ibovespa<\/strong>, principal \u00edndice da <strong>B3<\/strong>, encerrou a ter\u00e7a-feira (30) em queda. O <strong>d\u00f3lar <\/strong>subiu, em sess\u00e3o marcada por preocupa\u00e7\u00f5es internacionais sobre a <a href=\"https:\/\/investnews.com.br\/economia\/temor-de-que-vacinas-nao-sejam-eficazes-contra-omicron-abala-mercados\/\" class=\"rank-math-link\">variante \u00f4micron da covid-19<\/a>, ap\u00f3s aprova\u00e7\u00e3o da PEC dos Precat\u00f3rios na CCJ do Senado e coment\u00e1rios de autoridade do Banco Central. <\/p>\n\n\n\n<p>O<strong> Ibovespa caiu 0,87%<\/strong>, aos 101.915 pontos, ap\u00f3s atingir a m\u00ednima de 100.075 pontos e a m\u00e1xima de 103.066 pontos. \u00c9 o menor patamar do ano. <\/p>\n\n\n\n<p>No acumulado de novembro, m\u00eas que se encerra nesta ter\u00e7a, o indicador recuou 1,53%.  \u00c9 o quinto m\u00eas seguido de queda, o que representa uma baixa de 20% no per\u00edodo.<\/p>\n\n\n\n<p>O<strong> d\u00f3lar subiu 0,48%<\/strong>, comercializado a R$ 5,6372, depois de oscilar entre R$ 5,6688 e R$ 5,5788 no dia, j\u00e1 no m\u00eas a queda \u00e9 de 0,18%.<\/p>\n\n\n\n<ul class=\"wp-block-list\"><li><a href=\"https:\/\/investnews.com.br\/cotacao\/\" class=\"rank-math-link\">Cota\u00e7\u00e3o do Ibovespa<\/a><\/li><li><a href=\"https:\/\/investnews.com.br\/cotacao\/cambio\/\" class=\"rank-math-link\">Cota\u00e7\u00e3o do d\u00f3lar<\/a><\/li><li><a href=\"https:\/\/investnews.com.br\/cotacao\/criptomoedas\/\" class=\"rank-math-link\">Cota\u00e7\u00e3o de criptomoedas<\/a><\/li><\/ul>\n\n\n\n<figure class=\"wp-block-embed-youtube wp-block-embed is-type-video is-provider-youtube wp-embed-aspect-16-9 wp-has-aspect-ratio\"><div class=\"wp-block-embed__wrapper\">\n<iframe loading=\"lazy\" title=\"\u00d4micron, PEC dos precat\u00f3rios e Fed: resum\u00e3o do que mexe com a bolsa; mais: an\u00e1lise NTCO3\" width=\"500\" height=\"281\" src=\"https:\/\/www.youtube.com\/embed\/mbW83aigoUM?start=34&#038;feature=oembed\" frameborder=\"0\" allow=\"accelerometer; autoplay; clipboard-write; encrypted-media; gyroscope; picture-in-picture; web-share\" referrerpolicy=\"strict-origin-when-cross-origin\" allowfullscreen><\/iframe>\n<\/div><\/figure>\n\n\n\n<p>As fortes oscila\u00e7\u00f5es do dia ocorreram durante fala do diretor de Pol\u00edtica Econ\u00f4mica do Banco Central, F\u00e1bio Kanczuk, que disse acreditar que a <a href=\"https:\/\/investnews.com.br\/investnews-explica\/o-que-e-inflacao-e-como-ela-afeta-o-seu-bolso\/\" class=\"rank-math-link\">infla\u00e7\u00e3o<\/a> \u00e9 menos inercial e pode mudar muito ao longo do pr\u00f3ximo ano, enquanto a pol\u00edtica monet\u00e1ria ainda n\u00e3o teria tido tempo de afetar a atividade.<\/p>\n\n\n\n<p>Enquanto isso, a Comiss\u00e3o de Constitui\u00e7\u00e3o e Justi\u00e7a (CCJ) do Senado <a href=\"https:\/\/investnews.com.br\/economia\/ccj-do-senado-aprova-texto-base-da-pec-dos-precatorios\/\" class=\"rank-math-link\">aprovou nesta ter\u00e7a-feira a&nbsp;PEC dos Precat\u00f3rios<\/a>, medida considerada priorit\u00e1ria pelo governo do presidente Jair Bolsonaro por permitir a abertura de espa\u00e7o fiscal de mais de R$ 100 bilh\u00f5es e possibilitar o pagamento do novo programa social&nbsp;<strong>Aux\u00edlio Brasil.<\/strong> <\/p>\n\n\n\n<p>A proposta altera o prazo de corre\u00e7\u00e3o do teto de gastos pelo \u00cdndice de Pre\u00e7os ao Consumidor Amplo (<a href=\"https:\/\/investnews.com.br\/guias\/o-que-e-ipca\/\">IPCA<\/a>), o que <strong>abriria espa\u00e7o fiscal <\/strong>para o pagamento de aux\u00edlio \u00e0 popula\u00e7\u00e3o de 400 reais por fam\u00edlia em 2022, ano eleitoral.<\/p>\n\n\n\n<p>Embora esteja longe de ser not\u00edcia positiva para a credibilidade fiscal do pa\u00eds, a PEC passou a ser vista por investidores como dos males, o menor, j\u00e1 que alternativas para financiamento de benef\u00edcios sociais no ano que vem poderiam levar a descontrole total das contas p\u00fablicas.<\/p>\n\n\n\n<h2 class=\"wp-block-heading\">Variante \u00f4micron<\/h2>\n\n\n\n<p>Elevando o desconforto entre os participantes do mercado global, o CEO da farmac\u00eautica Moderna disse ao Financial Times que as vacinas dispon\u00edveis atualmente provavelmente ser\u00e3o<strong> menos eficazes <\/strong>contra a rec\u00e9m-detectada variante da covid-19. <\/p>\n\n\n\n<p>&#8220;Nesta manh\u00e3, em especial, a d\u00favida (\u00e9) em rela\u00e7\u00e3o \u00e0 efetividade da vacina&#8221;, comentou em blog Dan Kawa, CIO da TAG Investimentos, citando &#8220;movimento cl\u00e1ssico e coordenado de avers\u00e3o a risco&#8221; nos mercados internacionais.<\/p>\n\n\n\n<p>A descoberta da variante \u00f4micron levou a restri\u00e7\u00f5es de viagens em v\u00e1rios pa\u00edses, e veio num momento de condi\u00e7\u00f5es sanit\u00e1rias j\u00e1 deterioradas em muitas economias importantes, especialmente no continente europeu.<\/p>\n\n\n\n<h2 class=\"wp-block-heading\">Destaques da bolsa<\/h2>\n\n\n\n<p>Os pap\u00e9is de <strong>Locaweb<\/strong> e <strong>M\u00e9liuz <\/strong>encerraram o preg\u00e3o no topo das quedas do Ibovespa, enquanto a <strong>CCR <\/strong>ficou com a principal valoriza\u00e7\u00e3o do dia.<a href=\"https:\/\/investnews.com.br\/financas\/vale-sobe-e-anima-dispara-em-dia-de-fortes-quedas-locaweb-e-meliuz-despencam\/\" class=\"rank-math-link\"> Confira outros destaques. <\/a><\/p>\n\n\n\n<h2 class=\"wp-block-heading\">Bolsas mundiais <\/h2>\n\n\n\n<h3 class=\"wp-block-heading\">Wall Street<\/h3>\n\n\n\n<p>As <strong>a\u00e7\u00f5es dos Estados Unidos encerram o dia em forte queda<\/strong>, ap\u00f3s o CEO da Moderna afirmar que as vacinas dispon\u00edveis atualmente provavelmente ser\u00e3o<strong> menos eficazes <\/strong>contra a rec\u00e9m-detectada variante da covid-19: <\/p>\n\n\n\n<ul class=\"wp-block-list\"><li>O \u00edndice<strong> Dow Jones<\/strong> caiu 1,86%, a 34.483 pontos.<\/li><li>O <strong>S&amp;P 500<\/strong> perdeu 1,90%, a 4.567 pontos. <\/li><li>O \u00edndice de tecnologia <strong>Nasdaq <\/strong>recuou 1,55%, a 15.537 pontos.<\/li><\/ul>\n\n\n\n<h2 class=\"wp-block-heading\">Europa<\/h2>\n\n\n\n<p>As a\u00e7\u00f5es europeias recuaram nesta ter\u00e7a-feira, depois que o chair do Federal Reserve, Jerome Powell, alertou que a infla\u00e7\u00e3o nos Estados Unidos pode n\u00e3o ser transit\u00f3ria. <\/p>\n\n\n\n<ul class=\"wp-block-list\"><li>Em LONDRES, o \u00edndice Financial Times recuou 0,71%, a 7.059 pontos.<\/li><li>Em FRANKFURT, o \u00edndice DAX caiu 1,18%, a 15.100 pontos.<\/li><li>Em PARIS, o \u00edndice CAC-40 perdeu 0,81%, a 6.721 pontos.<\/li><li>Em MIL\u00c3O, o \u00edndice Ftse\/Mib teve desvaloriza\u00e7\u00e3o de 0,87%, a 25.814 pontos.<\/li><li>Em MADRI, o \u00edndice Ibex-35 registrou baixa de 1,78%, a 8.305 pontos.<\/li><li>Em LISBOA, o \u00edndice PSI20 desvalorizou-se 0,56%, a 5.433 pontos.<\/li><\/ul>\n\n\n\n<h2 class=\"wp-block-heading\">\u00c1sia e Pac\u00edfico<\/h2>\n\n\n\n<p>As <strong>a\u00e7\u00f5es blue-chips da China fecharam em baixa<\/strong> nesta ter\u00e7a-feira, depois que a farmac\u00eautica norte-americana Moderna deu novos alarmes sobre a variante \u00f4micron, enquanto dados mostraram que o setor de servi\u00e7os da segunda maior economia do mundo cresceu em ritmo ligeiramente mais lento em meio a surtos regionais de covid-19. <\/p>\n\n\n\n<ul class=\"wp-block-list\"><li>Em T\u00d3QUIO, o \u00edndice Nikkei recuou 1,63%, a 27.821 pontos.<\/li><li>Em HONG KONG, o \u00edndice HANG SENG caiu 1,58%, a 23.475 pontos.<\/li><li>Em XANGAI, o \u00edndice SSEC ganhou 0,03%, a 3.563 pontos.<\/li><li>O \u00edndice CSI300, que re\u00fane as maiores companhias listadas em XANGAI e SHENZHEN, retrocedeu 0,40%, a 4.832 pontos.<\/li><li>Em SEUL, o \u00edndice KOSPI teve desvaloriza\u00e7\u00e3o de 2,42%, a 2.839 pontos.<\/li><li>Em TAIWAN, o \u00edndice TAIEX registrou alta de 0,58%, a 17.427 pontos.<\/li><li>Em CINGAPURA, o \u00edndice STRAITS TIMES desvalorizou-se 2,54%, a 3.041 pontos.<\/li><li>Em SYDNEY o \u00edndice S&amp;P\/ASX 200 avan\u00e7ou 0,22%, a 7.256 pontos.<\/li><\/ul>\n\n\n\n<p><strong><em>(*Com informa\u00e7\u00f5es de Reuters)<\/em><\/strong><\/p>\n\n\n\n<h4 class=\"wp-block-heading\">Veja tamb\u00e9m<\/h4>\n\n\n\n<ul class=\"wp-block-list\"><li>Este investimento pode zerar o&nbsp;<a target=\"_blank\" href=\"https:\/\/investnews.com.br\/cafeina\/este-investimento-pode-zerar-o-imposto-de-renda-do-13o-salario\/\" rel=\"noreferrer noopener\">Imposto de Renda do 13\u00ba sal\u00e1rio<\/a><\/li><li><a target=\"_blank\" href=\"https:\/\/investnews.com.br\/financas\/decimo-terceiro-salario-calcule-o-valor-e-saiba-o-que-fazer-com-o-dinheiro\/\" rel=\"noreferrer noopener\">D\u00e9cimo terceiro sal\u00e1rio<\/a>: Calcule o valor e saiba o que fazer com o dinheiro<\/li><li>Jornalistas do InvestNews vencem o&nbsp;<a target=\"_blank\" href=\"https:\/\/investnews.com.br\/geral\/jornalistas-do-investnews-vencem-o-premio-admirados-da-imprensa-de-economia\/\" rel=\"noreferrer noopener\">pr\u00eamio +Admirados da Imprensa<\/a>&nbsp;de Economia<\/li><li><a target=\"_blank\" href=\"https:\/\/investnews.com.br\/boletim-investnews\/acao-da-b3-vai-cair-mais-com-empresas-trocando-bolsa-do-brasil-por-eua\/\" rel=\"noreferrer noopener\">A\u00e7\u00e3o da B3<\/a>&nbsp;vai cair mais com empresas trocando bolsa do Brasil por EUA?<\/li><\/ul>\n","protected":false},"excerpt":{"rendered":"<p>Desconforto do mercado piorou ap\u00f3s CEO da farmac\u00eautica Moderna indicar que vacinas podem ser menos eficazes contra a nova variante.<\/p>\n","protected":false},"author":7,"featured_media":10612,"comment_status":"closed","ping_status":"open","sticky":false,"template":"","format":"standard","meta":{"_acf_changed":false,"inline_featured_image":false,"footnotes":""},"categories":[4],"tags":[26],"autor-wsj":[],"coauthors":[1494],"class_list":["post-290933","post","type-post","status-publish","format-standard","has-post-thumbnail","hentry","category-financas","tag-dolar"],"acf":[],"amp_enabled":true,"_links":{"self":[{"href":"https:\/\/investnews.com.br\/inv-api\/wp\/v2\/posts\/290933","targetHints":{"allow":["GET"]}}],"collection":[{"href":"https:\/\/investnews.com.br\/inv-api\/wp\/v2\/posts"}],"about":[{"href":"https:\/\/investnews.com.br\/inv-api\/wp\/v2\/types\/post"}],"author":[{"embeddable":true,"href":"https:\/\/investnews.com.br\/inv-api\/wp\/v2\/users\/7"}],"replies":[{"embeddable":true,"href":"https:\/\/investnews.com.br\/inv-api\/wp\/v2\/comments?post=290933"}],"version-history":[{"count":9,"href":"https:\/\/investnews.com.br\/inv-api\/wp\/v2\/posts\/290933\/revisions"}],"predecessor-version":[{"id":291144,"href":"https:\/\/investnews.com.br\/inv-api\/wp\/v2\/posts\/290933\/revisions\/291144"}],"wp:featuredmedia":[{"embeddable":true,"href":"https:\/\/investnews.com.br\/inv-api\/wp\/v2\/media\/10612"}],"wp:attachment":[{"href":"https:\/\/investnews.com.br\/inv-api\/wp\/v2\/media?parent=290933"}],"wp:term":[{"taxonomy":"category","embeddable":true,"href":"https:\/\/investnews.com.br\/inv-api\/wp\/v2\/categories?post=290933"},{"taxonomy":"post_tag","embeddable":true,"href":"https:\/\/investnews.com.br\/inv-api\/wp\/v2\/tags?post=290933"},{"taxonomy":"autor-wsj","embeddable":true,"href":"https:\/\/investnews.com.br\/inv-api\/wp\/v2\/autor-wsj?post=290933"},{"taxonomy":"author","embeddable":true,"href":"https:\/\/investnews.com.br\/inv-api\/wp\/v2\/coauthors?post=290933"}],"curies":[{"name":"wp","href":"https:\/\/api.w.org\/{rel}","templated":true}]}}