{"id":291408,"date":"2021-12-02T07:57:18","date_gmt":"2021-12-02T10:57:18","guid":{"rendered":"https:\/\/investnews.com.br\/?p=291408"},"modified":"2024-06-26T11:53:12","modified_gmt":"2024-06-26T14:53:12","slug":"5-fatos-para-hoje-certificado-de-governanca-da-petrobras-rede-social-de-trump","status":"publish","type":"post","link":"https:\/\/investnews.com.br\/economia\/5-fatos-para-hoje-certificado-de-governanca-da-petrobras-rede-social-de-trump\/","title":{"rendered":"5 fatos para hoje: certificado de governan\u00e7a da Petrobras; rede social de Trump"},"content":{"rendered":"\n<h2 class=\"wp-block-heading\">1- Petrobras recebe certifica\u00e7\u00e3o de governan\u00e7a IG-Sest<\/h2>\n\n\n\n<p>A <strong>Petrobras <\/strong>(<a href=\"https:\/\/investnews.com.br\/cotacao\/petr3-petr4-petrobras\/\" class=\"rank-math-link\">PETR3<\/a>; <a href=\"https:\/\/investnews.com.br\/cotacao\/petr3-petr4-petrobras\/\" class=\"rank-math-link\">PETR4<\/a>)recebeu nesta quarta-feira certifica\u00e7\u00e3o no indicador de Governan\u00e7a da Secretaria de Coordena\u00e7\u00e3o e Governan\u00e7a das Empresas Estatais (IG-Sest) do Minist\u00e9rio da Economia, alcan\u00e7ando o melhor n\u00edvel do \u00edndice, conforme comunicado.<\/p>\n\n\n\n<p>O objetivo dessa classifica\u00e7\u00e3o \u00e9 incentivar que as empresas ampliem suas a\u00e7\u00f5es para al\u00e9m dos requisitos legais, disse a petroleira citando que \u00e9 a quinta vez que a companhia recebe este reconhecimento.<\/p>\n\n\n\n<p>&#8220;Para a Petrobras, esta certifica\u00e7\u00e3o \u00e9 uma oportunidade de avaliar seus processos em um novo patamar de qualidade e reafirmar o seu compromisso com a cont\u00ednua melhoria de sua <strong>governan\u00e7a corporativa<\/strong>&#8220;, disse em nota.<\/p>\n\n\n\n<h2 class=\"wp-block-heading\">2- Neg\u00f3cio de m\u00eddia social de Trump busca levantar US$1 bi, dizem fontes<\/h2>\n\n\n\n<p>O novo empreendimento de m\u00eddia social do ex-presidente dos Estados Unidos Donald Trump est\u00e1 tentando levantar at\u00e9 US$ 1 bilh\u00e3o com a venda de a\u00e7\u00f5es, disseram duas pessoas familiarizadas com o assunto.<\/p>\n\n\n\n<p>O <strong>Trump Media &amp; Technology Group<\/strong>, que ainda n\u00e3o lan\u00e7ou o aplicativo de m\u00eddia social que diz desenvolver, deve receber US$ 293 milh\u00f5es se seu neg\u00f3cio, a ser listado em Nova York, por meio de uma fus\u00e3o com a firma de cheque em branco Digital World Acquisition for conclu\u00eddo.<\/p>\n\n\n\n<p>O neg\u00f3cio avaliou a Trump Media em US$ 875 milh\u00f5es, incluindo d\u00edvidas. A Trump Media est\u00e1 buscando levantar mais US$ 1 bilh\u00e3o, o que lhe daria uma avalia\u00e7\u00e3o de cerca de US$ 3 bilh\u00f5es, disseram as fontes.<\/p>\n\n\n\n<p> Pesando sobre o apelo do neg\u00f3cio est\u00e1 a relut\u00e2ncia de muitos investidores em se associarem com Trump ap\u00f3s ele ter sido<strong> banido das principais plataformas de m\u00eddia social <\/strong>por encorajar seus apoiadores a participarem do ataque de 6 de janeiro ao Capit\u00f3lio dos Estados Unidos. A ofensiva foi baseada em alega\u00e7\u00f5es infundadas de fraude generalizada nas elei\u00e7\u00f5es presidenciais do ano passado. <\/p>\n\n\n\n<p> Trump disse que est\u00e1 lan\u00e7ando seu pr\u00f3prio aplicativo de m\u00eddia social para se levantar contra as empresas que o barraram de suas plataformas. Ele tinha 89 milh\u00f5es de seguidores no Twitter, 33 milh\u00f5es no Facebook e 24,5 milh\u00f5es no Instagram na \u00e9poca em que foi bloqueado. <\/p>\n\n\n\n<h2 class=\"wp-block-heading\">3- <strong>Biden projeta infla\u00e7\u00e3o moderada e se diz otimista quanto ao impacto da \u00f4micron<\/strong><\/h2>\n\n\n\n<p>O presidente dos Estados Unidos, Joe Biden, afirmou que as press\u00f5es inflacion\u00e1rias que afetam a economia do pa\u00eds ir\u00e3o moderar \u00e0 medida que os desafios enfrentados durante a retomada da crise da covid-19 s\u00e3o superados. Entre eles, o mandat\u00e1rio destacou os <strong>problemas na cadeia de suprimentos global<\/strong>.<\/p>\n\n\n\n<p>Segundo Biden, sua administra\u00e7\u00e3o usou todos os dispositivos ao seu alcance, como a libera\u00e7\u00e3o de reservas de petr\u00f3leo em coordena\u00e7\u00e3o com outros pa\u00edses, para conter a alta infla\u00e7\u00e3o nos EUA. Ele ainda destacou que o fen\u00f4meno nos pre\u00e7os \u00e9 global, durante discurso nesta quarta-feira.<\/p>\n\n\n\n<p>Perguntado se teme que a <a href=\"https:\/\/investnews.com.br\/web-stories\/4-fatos-sobre-a-variante-omicron-que-ja-sabemos\/\" class=\"rank-math-link\">variante \u00f4micron do coronav\u00edrus<\/a> pode piorar os fatores que impulsionam a infla\u00e7\u00e3o,<strong> Biden disse estar otimista <\/strong>e ressaltou que, at\u00e9 agora, n\u00e3o h\u00e1 motivo para crer que isso vai acontecer. Para ele, a cepa \u00e9 um causa para preocupa\u00e7\u00e3o, mas n\u00e3o p\u00e2nico.<\/p>\n\n\n\n<p>Biden tamb\u00e9m fez novas defesas \u00e0 sua agenda econ\u00f4mica, nomeada&nbsp;<em>Build Back Better<\/em>&nbsp;e que inclui investimentos em infraestrutura, sociais e aumento de impostos a grandes empresas e \u00e0 parcela mais rica dos americanos.<\/p>\n\n\n\n<p>O presidente dos EUA disse que o plano econ\u00f4mico n\u00e3o vai aumentar as press\u00f5es inflacion\u00e1rias, mas sim moder\u00e1-las no longo prazo, al\u00e9m de reduzir o d\u00e9ficit fiscal do pa\u00eds em cerca de US$ 100 bilh\u00f5es.<\/p>\n\n\n\n<h2 class=\"wp-block-heading\">4- <strong>Com previs\u00e3o de melhora nas chuvas, governo limita ativa\u00e7\u00e3o de usinas t\u00e9rmicas<\/strong><\/h2>\n\n\n\n<p>Com in\u00edcio do per\u00edodo \u00famido e previs\u00e3o de chuvas nos pr\u00f3ximos meses, o governo decidiu limitar a gera\u00e7\u00e3o de energia por usinas termel\u00e9tricas e importa\u00e7\u00e3o de energia a 15 mil megawatts m\u00e9dios (MWm\u00e9dios) ao longo deste m\u00eas. At\u00e9 ent\u00e3o, por conta da grave escassez nos reservat\u00f3rios, todas as usinas, at\u00e9 mesmo as mais caras, foram acionadas para atender a demanda e evitar falhas no servi\u00e7o prestado \u00e0 popula\u00e7\u00e3o.<\/p>\n\n\n\n<p>A decis\u00e3o foi tomada em reuni\u00e3o do Comit\u00ea de Monitoramento do Setor El\u00e9trico (CMSE) nesta quarta-feira, 1\u00ba. O colegiado \u00e9 vinculado ao Minist\u00e9rio de Minas e Energia (MME) e presidido pelo ministro Bento Albuquerque.<\/p>\n\n\n\n<p>Em nota, o Comit\u00ea informou que a decis\u00e3o &#8220;busca otimizar o custo total da opera\u00e7\u00e3o de energia&#8221;, j\u00e1 que a <strong>produ\u00e7\u00e3o das t\u00e9rmicas \u00e9 bem mais cara em rela\u00e7\u00e3o \u00e0 gera\u00e7\u00e3o das hidrel\u00e9tricas<\/strong>. Para bancar os custos dessa e outras medidas emergenciais, o governo criou a &#8220;bandeira escassez h\u00eddrica&#8221;, que representa cobran\u00e7a de R$ 14,20 a cada 100 quilowatts-hora (kWh), e prepara um empr\u00e9stimo de cerca de R$ 15 bilh\u00f5es, que ser\u00e1 dilu\u00eddo nas contas de luz.<\/p>\n\n\n\n<p>&#8220;A medida privilegia o uso dos recursos mais baratos, conforme necessidade, concomitantemente \u00e0 esperada recupera\u00e7\u00e3o do armazenamento dos principais reservat\u00f3rios do Pa\u00eds ao longo da esta\u00e7\u00e3o chuvosa em curso&#8221;, informou o MME em nota.<\/p>\n\n\n\n<p>Contudo, o \u00f3rg\u00e3o foi cauteloso em rela\u00e7\u00e3o \u00e0 situa\u00e7\u00e3o. Considerando o in\u00edcio dos armazenamentos nos reservat\u00f3rios das hidrel\u00e9tricas, as restri\u00e7\u00f5es relativas aos usos m\u00faltiplos da \u00e1gua e as incertezas intr\u00ednsecas associadas \u00e0 evolu\u00e7\u00e3o chuva em 2022, a decis\u00e3o foi manter medidas excepcionais para o atendimento \u00e0 carga e garantia do fornecimento de energia no pr\u00f3ximo ano. A aplica\u00e7\u00e3o das a\u00e7\u00f5es ser\u00e1 reavaliada periodicamente.<\/p>\n\n\n\n<h2 class=\"wp-block-heading\">5- <strong>Banco Pan e Creditas acirram briga no segmento<\/strong> <\/h2>\n\n\n\n<p>O <strong>C6 Bank<\/strong> tem entre seus concorrentes o <strong>Banco Pan<\/strong> (<a href=\"https:\/\/investnews.com.br\/cotacao\/bpan4-banco-pan\/\" class=\"rank-math-link\">BPAN4<\/a>), o ex-banco tradicional Panamericano, que era muito focado em financiamento de ve\u00edculos e se digitalizou no in\u00edcio de 2020. Agora apenas em vers\u00e3o digital, quer impulsionar sua atua\u00e7\u00e3o no financiamento online e, em setembro, adquiriu 80% da Mobiauto, uma grande plataforma digital para comercializa\u00e7\u00e3o de ve\u00edculos.<\/p>\n\n\n\n<p>Outra que buscou refor\u00e7o similar foi a fintech <strong>Creditas<\/strong>, que fez parceria com a Kavak para oferecer cr\u00e9dito aos clientes da startup que atua na compra e venda online de autom\u00f3veis.<\/p>\n\n\n\n<p><em><strong>(*Com informa\u00e7\u00f5es de Reuters, Estad\u00e3o Conte\u00fado e Ag\u00eancia Brasil)<\/strong><\/em><\/p>\n\n\n\n<h4 class=\"wp-block-heading\">Veja tamb\u00e9m<\/h4>\n\n\n\n<ul class=\"wp-block-list\"><li><a class=\"rank-math-link\" href=\"https:\/\/investnews.com.br\/financas\/petrobras-vai-pagar-dividendos-de-r-219-por-acao\/\">Dividendos da Petrobras<\/a>: empresa vai pagar <a href=\"https:\/\/investnews.com.br\/guias\/dividendos-o-que-sao-como-funcionam\/\">dividendos<\/a> de R$ 2,19 por a\u00e7\u00e3o<\/li><li><a href=\"https:\/\/investnews.com.br\/investnews-entrevista\/petrobras-entrevista-precos-da-gasolina\/\">Petrobras<\/a> n\u00e3o \u00e9 \u2018toda poderosa\u2019 na forma\u00e7\u00e3o de pre\u00e7os da gasolina, diz diretor<\/li><li>10 <a class=\"rank-math-link\" href=\"https:\/\/investnews.com.br\/financas\/acoes-recomendadas-dezembro-2021-nuinvest\/\">a\u00e7\u00f5es para colocar na carteira em dezembro<\/a>, segundo a NuInvest<\/li><li>O que causou a virada do <a class=\"rank-math-link\" href=\"https:\/\/investnews.com.br\/boletim-investnews\/o-que-causou-a-virada-do-ibovespa-nesta-quarta-feira\/\">Ibovespa<\/a> nesta quarta-feira?<\/li><li>Estado de SP pode proibir o <a class=\"rank-math-link\" href=\"https:\/\/investnews.com.br\/economia\/estado-de-sp-pode-proibir-o-pix-entenda\/\">PIX<\/a>; entenda<\/li><\/ul>\n","protected":false},"excerpt":{"rendered":"<p>A Trump Media &#038; Technology Group ainda n\u00e3o lan\u00e7ou o aplicativo e pretende arrecadar US$ 1 bilh\u00e3o com venda de a\u00e7\u00f5es.<\/p>\n","protected":false},"author":7,"featured_media":28742,"comment_status":"closed","ping_status":"open","sticky":false,"template":"","format":"standard","meta":{"_acf_changed":false,"inline_featured_image":false,"footnotes":""},"categories":[5],"tags":[79,21],"autor-wsj":[],"coauthors":[1494],"class_list":["post-291408","post","type-post","status-publish","format-standard","has-post-thumbnail","hentry","category-economia","tag-donald-trump","tag-petrobras"],"acf":[],"amp_enabled":true,"_links":{"self":[{"href":"https:\/\/investnews.com.br\/inv-api\/wp\/v2\/posts\/291408","targetHints":{"allow":["GET"]}}],"collection":[{"href":"https:\/\/investnews.com.br\/inv-api\/wp\/v2\/posts"}],"about":[{"href":"https:\/\/investnews.com.br\/inv-api\/wp\/v2\/types\/post"}],"author":[{"embeddable":true,"href":"https:\/\/investnews.com.br\/inv-api\/wp\/v2\/users\/7"}],"replies":[{"embeddable":true,"href":"https:\/\/investnews.com.br\/inv-api\/wp\/v2\/comments?post=291408"}],"version-history":[{"count":6,"href":"https:\/\/investnews.com.br\/inv-api\/wp\/v2\/posts\/291408\/revisions"}],"predecessor-version":[{"id":293006,"href":"https:\/\/investnews.com.br\/inv-api\/wp\/v2\/posts\/291408\/revisions\/293006"}],"wp:featuredmedia":[{"embeddable":true,"href":"https:\/\/investnews.com.br\/inv-api\/wp\/v2\/media\/28742"}],"wp:attachment":[{"href":"https:\/\/investnews.com.br\/inv-api\/wp\/v2\/media?parent=291408"}],"wp:term":[{"taxonomy":"category","embeddable":true,"href":"https:\/\/investnews.com.br\/inv-api\/wp\/v2\/categories?post=291408"},{"taxonomy":"post_tag","embeddable":true,"href":"https:\/\/investnews.com.br\/inv-api\/wp\/v2\/tags?post=291408"},{"taxonomy":"autor-wsj","embeddable":true,"href":"https:\/\/investnews.com.br\/inv-api\/wp\/v2\/autor-wsj?post=291408"},{"taxonomy":"author","embeddable":true,"href":"https:\/\/investnews.com.br\/inv-api\/wp\/v2\/coauthors?post=291408"}],"curies":[{"name":"wp","href":"https:\/\/api.w.org\/{rel}","templated":true}]}}