{"id":291575,"date":"2021-12-02T14:23:54","date_gmt":"2021-12-02T17:23:54","guid":{"rendered":"https:\/\/investnews.com.br\/?p=291575"},"modified":"2021-12-02T14:25:47","modified_gmt":"2021-12-02T17:25:47","slug":"senado-aprova-pec-dos-precatorios","status":"publish","type":"post","link":"https:\/\/investnews.com.br\/economia\/senado-aprova-pec-dos-precatorios\/","title":{"rendered":"Senado aprova relat\u00f3rio da PEC dos precat\u00f3rios em 1\u00ba turno"},"content":{"rendered":"\n<p>O Senado aprovou a <a href=\"https:\/\/investnews.com.br\/economia\/ccj-do-senado-aprova-texto-base-da-pec-dos-precatorios\/\" class=\"rank-math-link\">Proposta de Emenda \u00e0 Constitui\u00e7\u00e3o (PEC) dos Precat\u00f3rios<\/a> em primeiro turno por 64 votos a 13. <strong>Ainda haver\u00e1 a vota\u00e7\u00e3o de um destaque apresentado pelo PT e um segundo turno de vota\u00e7\u00e3o.<\/strong><\/p>\n\n\n\n<p>A mudan\u00e7a abre caminho para o governo do presidente da Rep\u00fablica, <a href=\"https:\/\/investnews.com.br\/negocios\/setor-do-biodiesel-vai-a-bolsonaro-tentar-reverter-decisao-do-cnpe\/\" class=\"rank-math-link\">Jair Bolsonaro<\/a>, implantar o programa <a href=\"https:\/\/investnews.com.br\/geral\/auxilio-brasil-8-perguntas-para-entender-como-funciona\/\" class=\"rank-math-link\">Aux\u00edlio Brasil <\/a>com um benef\u00edcio de R$ 400 a partir de dezembro.<\/p>\n\n\n\n<p>Ap\u00f3s a conclus\u00e3o da tramita\u00e7\u00e3o,<strong> a C\u00e2mara ter\u00e1 que votar mais uma vez para se posicionar sobre as mudan\u00e7as.<\/strong> Ainda nesta quinta-feira (2) o Senado deve dar aval \u00e0 medida provis\u00f3ria que institui o programa.<\/p>\n\n\n\n<p>A proposta \u00e9 estrat\u00e9gica para o Executivo por abrir margem para novos gastos em ano eleitoral. <strong>O texto foi alvo de cr\u00edticas por adiar o pagamento de precat\u00f3rios<\/strong>, que s\u00e3o d\u00edvidas reconhecidas pela Justi\u00e7a, a partir do pr\u00f3ximo ano e por mudar a regra de c\u00e1lculo do <a href=\"https:\/\/investnews.com.br\/economia\/pec-dos-precatorios-votacao-segundo-turno\/\" class=\"rank-math-link\">teto de gastos<\/a>, a principal \u00e2ncora fiscal do Pa\u00eds. Ap\u00f3s altera\u00e7\u00f5es, no entanto, o governo conseguiu os votos favor\u00e1veis no Senado, at\u00e9 mesmo na oposi\u00e7\u00e3o.<\/p>\n\n\n\n<p>A PEC dos precat\u00f3rios abre um espa\u00e7o de R$ 106,1 bilh\u00f5es para novas despesas no Or\u00e7amento de 2022. Senadores temem uma &#8220;farra eleitoral&#8221; no ano que vem, quando o presidente Jair Bolsonaro tentar\u00e1 a reelei\u00e7\u00e3o. Por isso, o Senado alterou a reda\u00e7\u00e3o para &#8220;carimbar&#8221; a destina\u00e7\u00e3o dos recursos ao Aux\u00edlio Brasil e despesas com sa\u00fade, previd\u00eancia e assist\u00eancia social.<\/p>\n\n\n\n<p>De acordo com especialistas, a vincula\u00e7\u00e3o n\u00e3o garante esse limite, pois as despesas podem ser manejadas no Or\u00e7amento, mas os senadores cr\u00edticos \u00e0 PEC acreditam que haver\u00e1 um compromisso maior com programas essenciais.<\/p>\n\n\n\n<p>A tramita\u00e7\u00e3o no Senado ocorreu em meio a resist\u00eancias com a articula\u00e7\u00e3o do Pal\u00e1cio do Planalto e da equipe econ\u00f4mica. Foram seis vers\u00f5es do parecer apresentado pelo l\u00edder do governo na Casa, Fernando Bezerra (MDB-PE), desde a discuss\u00e3o do texto na Comiss\u00e3o de Constitui\u00e7\u00e3o e Justi\u00e7a (CCJ).<\/p>\n\n\n\n<p>De \u00faltima hora, o relator incluiu um dispositivo que, de acordo com t\u00e9cnicos do Congresso, dispensava o Executivo de cumprir todo o teto de gastos em 2022. Bezerra classificou a interpreta\u00e7\u00e3o como &#8220;maluquice&#8221;, mas retirou o dispositivo ap\u00f3s o Broadcast (sistema de not\u00edcias em tempo real do Grupo Estado) revelar o impasse e integrantes da equipe econ\u00f4mica reagirem.<\/p>\n\n\n\n<p><strong>Veja tamb\u00e9m<\/strong><\/p>\n\n\n\n<ul class=\"wp-block-list\"><li>\u2018<a target=\"_blank\" href=\"https:\/\/investnews.com.br\/colunistas\/melhores-livros\/saiba-como-fugir-das-armadilhas-de-pensamentos-de-insensatez\/\" rel=\"noreferrer noopener\">A Arte de Pensar Claramente<\/a>\u2019: um livro sobre as armadilhas do pensamento<\/li><li>Qual&nbsp;<a target=\"_blank\" href=\"https:\/\/investnews.com.br\/cafeina\/qual-bolsa-de-valores-teve-a-maior-queda-durante-a-pandemia\/\" rel=\"noreferrer noopener\">bolsa de valores<\/a>&nbsp;teve a maior queda durante a pandemia?<\/li><li>10&nbsp;<a target=\"_blank\" href=\"https:\/\/investnews.com.br\/financas\/acoes-recomendadas-dezembro-2021-nuinvest\/\" rel=\"noreferrer noopener\">a\u00e7\u00f5es para colocar na carteira em dezembro<\/a>, segundo a NuInvest<\/li><li>O que causou a virada do&nbsp;<a target=\"_blank\" href=\"https:\/\/investnews.com.br\/boletim-investnews\/o-que-causou-a-virada-do-ibovespa-nesta-quarta-feira\/\" rel=\"noreferrer noopener\">Ibovespa<\/a>&nbsp;nesta quarta-feira?<\/li><li>Estado de SP pode proibir o&nbsp;<a target=\"_blank\" href=\"https:\/\/investnews.com.br\/economia\/estado-de-sp-pode-proibir-o-pix-entenda\/\" rel=\"noreferrer noopener\">PIX<\/a>; entenda<\/li><\/ul>\n","protected":false},"excerpt":{"rendered":"<p>Ainda haver\u00e1 a vota\u00e7\u00e3o de um destaque apresentado pelo PT e um segundo turno de vota\u00e7\u00e3o.<\/p>\n","protected":false},"author":62,"featured_media":233262,"comment_status":"closed","ping_status":"open","sticky":false,"template":"","format":"standard","meta":{"_acf_changed":false,"inline_featured_image":false,"footnotes":""},"categories":[5],"tags":[283,1719],"autor-wsj":[],"coauthors":[2499],"class_list":["post-291575","post","type-post","status-publish","format-standard","has-post-thumbnail","hentry","category-economia","tag-governo-federal","tag-teto-de-gastos"],"acf":[],"amp_enabled":true,"_links":{"self":[{"href":"https:\/\/investnews.com.br\/inv-api\/wp\/v2\/posts\/291575","targetHints":{"allow":["GET"]}}],"collection":[{"href":"https:\/\/investnews.com.br\/inv-api\/wp\/v2\/posts"}],"about":[{"href":"https:\/\/investnews.com.br\/inv-api\/wp\/v2\/types\/post"}],"author":[{"embeddable":true,"href":"https:\/\/investnews.com.br\/inv-api\/wp\/v2\/users\/62"}],"replies":[{"embeddable":true,"href":"https:\/\/investnews.com.br\/inv-api\/wp\/v2\/comments?post=291575"}],"version-history":[{"count":2,"href":"https:\/\/investnews.com.br\/inv-api\/wp\/v2\/posts\/291575\/revisions"}],"predecessor-version":[{"id":291579,"href":"https:\/\/investnews.com.br\/inv-api\/wp\/v2\/posts\/291575\/revisions\/291579"}],"wp:featuredmedia":[{"embeddable":true,"href":"https:\/\/investnews.com.br\/inv-api\/wp\/v2\/media\/233262"}],"wp:attachment":[{"href":"https:\/\/investnews.com.br\/inv-api\/wp\/v2\/media?parent=291575"}],"wp:term":[{"taxonomy":"category","embeddable":true,"href":"https:\/\/investnews.com.br\/inv-api\/wp\/v2\/categories?post=291575"},{"taxonomy":"post_tag","embeddable":true,"href":"https:\/\/investnews.com.br\/inv-api\/wp\/v2\/tags?post=291575"},{"taxonomy":"autor-wsj","embeddable":true,"href":"https:\/\/investnews.com.br\/inv-api\/wp\/v2\/autor-wsj?post=291575"},{"taxonomy":"author","embeddable":true,"href":"https:\/\/investnews.com.br\/inv-api\/wp\/v2\/coauthors?post=291575"}],"curies":[{"name":"wp","href":"https:\/\/api.w.org\/{rel}","templated":true}]}}