{"id":292320,"date":"2021-12-06T21:22:14","date_gmt":"2021-12-07T00:22:14","guid":{"rendered":"https:\/\/investnews.com.br\/?p=292320"},"modified":"2021-12-09T09:55:23","modified_gmt":"2021-12-09T12:55:23","slug":"cvm-petrobras-bolsonaro","status":"publish","type":"post","link":"https:\/\/investnews.com.br\/negocios\/cvm-petrobras-bolsonaro\/","title":{"rendered":"CVM cobra Petrobras ap\u00f3s Bolsonaro citar redu\u00e7\u00e3o de pre\u00e7os dos combust\u00edveis"},"content":{"rendered":"\n<p>A Comiss\u00e3o de Valores Mobili\u00e1rios (<strong>CVM<\/strong>) abriu investiga\u00e7\u00e3o para apurar not\u00edcias envolvendo a <strong>Petrobras<\/strong> (<a rel=\"noreferrer noopener\" href=\"https:\/\/investnews.com.br\/cotacao\/petr3-petr4-petrobras\/\" target=\"_blank\">PETR3<\/a>,&nbsp;<a rel=\"noreferrer noopener\" href=\"https:\/\/investnews.com.br\/cotacao\/petr3-petr4-petrobras\/\" target=\"_blank\">PETR4<\/a>), ap\u00f3s o presidente<strong> Jair Bolsonaro<\/strong> ter afirmado no final de semana que a estatal anunciaria redu\u00e7\u00e3o nos <a href=\"https:\/\/investnews.com.br\/economia\/preco-da-gasolina-acumulado-2021\/\" class=\"rank-math-link\">pre\u00e7os de combust\u00edveis<\/a>.<\/p>\n\n\n\n<p>Nesta segunda-feira (6), a companhia controlada pelo governo federal <a href=\"https:\/\/investnews.com.br\/flash\/flash-petrobras-reajuste-combustiveis\/\" class=\"rank-math-link\">afirmou que n\u00e3o foi tomada nenhuma decis\u00e3o <\/a>sobre o assunto e que n\u00e3o antecipa decis\u00f5es sobre <strong>reajustes de pre\u00e7os.<\/strong><\/p>\n\n\n\n<p>A alta dos combust\u00edveis tem impulsionado os custos ao consumidor e a <a href=\"https:\/\/investnews.com.br\/economia\/ipca-em-2021-perspectivas\/\" class=\"rank-math-link\">infla\u00e7\u00e3o<\/a>, o que leva o Banco Central a elevar a <a href=\"https:\/\/investnews.com.br\/guias\/taxa-selic\/\" class=\"rank-math-link\">taxa Selic<\/a>. S\u00f3 neste ano, a taxa b\u00e1sica de juros subiu de 2% para<a href=\"https:\/\/investnews.com.br\/economia\/copom-eleva-taxa-selic-para-775-ao-ano\/\" class=\"rank-math-link\"> 7,75% ao ano.<\/a><\/p>\n\n\n\n<p>Segundo c\u00e1lculos da Reuters, somente neste ano, a gasolina subiu 73% nas refinarias, enquanto o diesel avan\u00e7ou 65%.<\/p>\n\n\n\n<p>Os governos estaduais s\u00e3o alvo de cr\u00edticas de Bolsonaro por n\u00e3o reduzirem a al\u00edquota do <a href=\"https:\/\/investnews.com.br\/guias\/o-que-e-icms\/\">ICMS<\/a> incidente sobre os combust\u00edveis, para aliviar parcialmente o efeito da alta de pre\u00e7os, que tem acompanhado a escalada das cota\u00e7\u00f5es internacionais do barril do petr\u00f3leo.<\/p>\n\n\n\n<p>Nesta segunda-feira, os contratos de petr\u00f3leo Brent e WTI fecharam com avan\u00e7os de quase 5%.<\/p>\n\n\n\n<figure class=\"wp-block-embed-youtube wp-block-embed is-type-video is-provider-youtube wp-embed-aspect-16-9 wp-has-aspect-ratio\"><div class=\"wp-block-embed__wrapper\">\n<iframe loading=\"lazy\" title=\"Petrobras nega reajuste de combust\u00edveis; CCRO3 avan\u00e7a com poss\u00edvel interesse de fundo canadense\" width=\"500\" height=\"281\" src=\"https:\/\/www.youtube.com\/embed\/MNLqcdcMQJ8?feature=oembed\" frameborder=\"0\" allow=\"accelerometer; autoplay; clipboard-write; encrypted-media; gyroscope; picture-in-picture; web-share\" referrerpolicy=\"strict-origin-when-cross-origin\" allowfullscreen><\/iframe>\n<\/div><\/figure>\n\n\n\n<h4 class=\"wp-block-heading\">Veja tamb\u00e9m<\/h4>\n\n\n\n<ul class=\"wp-block-list\"><li><a href=\"https:\/\/investnews.com.br\/investnews-entrevista\/petrobras-entrevista-precos-da-gasolina\/\">Petrobras<\/a> n\u00e3o \u00e9 \u2018toda poderosa\u2019 na forma\u00e7\u00e3o de pre\u00e7os da gasolina, diz diretor<\/li><li><a class=\"rank-math-link\" href=\"https:\/\/www.youtube.com\/watch?v=fdMISEZw17I&amp;t=54s\" target=\"_blank\" rel=\"noopener\">GOLL4 e AZUL4<\/a> decolam, AMAR3 dispara; entenda<\/li><li><a class=\"rank-math-link\" href=\"https:\/\/investnews.com.br\/financas\/bitcoin-prolonga-queda-apos-desabar-no-fim-de-semana\/\">Bitcoin <\/a>prolonga queda ap\u00f3s desabar no fim de semana<\/li><li><a class=\"rank-math-link\" href=\"https:\/\/investnews.com.br\/negocios\/evergrande-caminha-em-direcao-a-reestruturacao\/\">Evergrande<\/a> caminha em dire\u00e7\u00e3o \u00e0 reestrutura\u00e7\u00e3o<\/li><li><a class=\"rank-math-link\" href=\"https:\/\/investnews.com.br\/flash\/flash-petrobras-reajuste-combustiveis\/\">Petrobras nega altera\u00e7\u00e3o de pre\u00e7os<\/a>; CCR avan\u00e7a por poss\u00edvel neg\u00f3cio<\/li><\/ul>\n","protected":false},"excerpt":{"rendered":"<p>A empresa afirmou que n\u00e3o antecipa decis\u00f5es, ap\u00f3s declara\u00e7\u00f5es  de Bolsonaro sobre reajustes.<\/p>\n","protected":false},"author":61,"featured_media":274565,"comment_status":"closed","ping_status":"open","sticky":false,"template":"","format":"standard","meta":{"_acf_changed":false,"inline_featured_image":false,"footnotes":""},"categories":[6],"tags":[653,41,234,21,221],"autor-wsj":[],"coauthors":[2494],"class_list":["post-292320","post","type-post","status-publish","format-standard","has-post-thumbnail","hentry","category-negocios","tag-combustiveis","tag-cvm","tag-jair-bolsonaro","tag-petrobras","tag-petroleo"],"acf":[],"amp_enabled":true,"_links":{"self":[{"href":"https:\/\/investnews.com.br\/inv-api\/wp\/v2\/posts\/292320","targetHints":{"allow":["GET"]}}],"collection":[{"href":"https:\/\/investnews.com.br\/inv-api\/wp\/v2\/posts"}],"about":[{"href":"https:\/\/investnews.com.br\/inv-api\/wp\/v2\/types\/post"}],"author":[{"embeddable":true,"href":"https:\/\/investnews.com.br\/inv-api\/wp\/v2\/users\/61"}],"replies":[{"embeddable":true,"href":"https:\/\/investnews.com.br\/inv-api\/wp\/v2\/comments?post=292320"}],"version-history":[{"count":5,"href":"https:\/\/investnews.com.br\/inv-api\/wp\/v2\/posts\/292320\/revisions"}],"predecessor-version":[{"id":292999,"href":"https:\/\/investnews.com.br\/inv-api\/wp\/v2\/posts\/292320\/revisions\/292999"}],"wp:featuredmedia":[{"embeddable":true,"href":"https:\/\/investnews.com.br\/inv-api\/wp\/v2\/media\/274565"}],"wp:attachment":[{"href":"https:\/\/investnews.com.br\/inv-api\/wp\/v2\/media?parent=292320"}],"wp:term":[{"taxonomy":"category","embeddable":true,"href":"https:\/\/investnews.com.br\/inv-api\/wp\/v2\/categories?post=292320"},{"taxonomy":"post_tag","embeddable":true,"href":"https:\/\/investnews.com.br\/inv-api\/wp\/v2\/tags?post=292320"},{"taxonomy":"autor-wsj","embeddable":true,"href":"https:\/\/investnews.com.br\/inv-api\/wp\/v2\/autor-wsj?post=292320"},{"taxonomy":"author","embeddable":true,"href":"https:\/\/investnews.com.br\/inv-api\/wp\/v2\/coauthors?post=292320"}],"curies":[{"name":"wp","href":"https:\/\/api.w.org\/{rel}","templated":true}]}}