{"id":293043,"date":"2021-12-09T12:35:49","date_gmt":"2021-12-09T15:35:49","guid":{"rendered":"https:\/\/investnews.com.br\/?p=293043"},"modified":"2021-12-09T12:35:50","modified_gmt":"2021-12-09T15:35:50","slug":"auxilio-desemprego-nos-eua-4-dez-2021","status":"publish","type":"post","link":"https:\/\/investnews.com.br\/economia\/auxilio-desemprego-nos-eua-4-dez-2021\/","title":{"rendered":"Desemprego nos EUA: Pedidos de aux\u00edlio caem para menor n\u00edvel em mais de 52 anos"},"content":{"rendered":"\n<p>O n\u00famero de norte-americanos que entraram com novos pedidos de aux\u00edlio-desemprego <strong>caiu para o n\u00edvel mais baixo em mais de 52 anos na semana passada<\/strong>, \u00e0 medida que as condi\u00e7\u00f5es do mercado de trabalho continuam mostrando aperto em meio a uma aguda escassez de trabalhadores.<\/p>\n\n\n\n<p>Os pedidos iniciais de aux\u00edlio-desemprego nos EUA ca\u00edram em 43 mil, para 184 mil em dado ajustado sazonalmente, na semana encerrada em 4 de dezembro, informou o Departamento do Trabalho nesta quinta-feira. A <a href=\"https:\/\/O n\u00famero de norte-americanos que entraram com novos pedidos de aux\u00edlio-desemprego caiu para o n\u00edvel mais baixo em mais de 52 anos na semana passada, \u00e0 medida que as condi\u00e7\u00f5es do mercado de trabalho continuam mostrando aperto em meio a uma aguda escassez de trabalhadores.  Os pedidos iniciais de aux\u00edlio-desemprego ca\u00edram em 43 mil, para 184 mil em dado ajustado sazonalmente, na semana encerrada em 4 de dezembro, informou o Departamento do Trabalho nesta quinta-feira. A queda para o menor patamar desde setembro de 1969 foi, no entanto, provavelmente exagerada pelas dificuldades de ajustar os dados \u00e0s flutua\u00e7\u00f5es sazonais.  Economistas consultados pela Reuters previam 215 mil pedidos para a \u00faltima semana. As solicita\u00e7\u00f5es ca\u00edram ante um recorde de 6,149 milh\u00f5es registrado no in\u00edcio de abril de 2020.\" class=\"rank-math-link\">queda para o menor patamar desde setembro de 1969<\/a> foi, no entanto, <strong>provavelmente exagerada pelas dificuldades de ajustar os dados \u00e0s flutua\u00e7\u00f5es sazonais<\/strong>.<\/p>\n\n\n\n<p>Economistas consultados pela Reuters previam 215 mil pedidos para a \u00faltima semana. As solicita\u00e7\u00f5es ca\u00edram ante um recorde de 6,149 milh\u00f5es registrado no in\u00edcio de abril de 2020.<\/p>\n\n\n\n<p><strong>Veja tamb\u00e9m<\/strong><\/p>\n\n\n\n<ul class=\"wp-block-list\"><li>Alta da Selic piora&nbsp;<a target=\"_blank\" href=\"https:\/\/investnews.com.br\/cafeina\/alta-da-selic-piora-rendimento-da-poupanca-entenda\/\" rel=\"noreferrer noopener\">rendimento da poupan\u00e7a<\/a>; entenda<\/li><li>Com&nbsp;<a target=\"_blank\" href=\"https:\/\/investnews.com.br\/financas\/com-selic-maior-brasil-so-perde-da-turquia-em-ranking-de-juros-reais\/\" rel=\"noreferrer noopener\">Selic<\/a>&nbsp;maior, Brasil s\u00f3 perde da Turquia em ranking de juros reais<\/li><li><a target=\"_blank\" href=\"https:\/\/investnews.com.br\/financas\/selic-em-925-quanto-rendem-as-aplicacoes-de-renda-fixa-e-onde-investir-agora\/\" rel=\"noreferrer noopener\">Selic em 9,25%<\/a>: quanto rendem as aplica\u00e7\u00f5es de <a href=\"https:\/\/investnews.com.br\/guias\/renda-fixa-o-que-e\/\">renda fixa<\/a> e onde investir agora<\/li><li><a href=\"https:\/\/investnews.com.br\/guias\/poupanca-como-funciona-quanto-rende\/\">Poupan\u00e7a<\/a>,&nbsp;<a target=\"_blank\" href=\"https:\/\/investnews.com.br\/boletim-investnews\/poupanca-renda-fixa-e-bolsa-como-ficam-os-investimentos-apos-a-alta-da-selic\/\" rel=\"noreferrer noopener\">renda fixa<\/a>&nbsp;e bolsa: como ficam os investimentos ap\u00f3s a alta da Selic?<\/li><\/ul>\n","protected":false},"excerpt":{"rendered":"<p>Os pedidos iniciais de aux\u00edlio-desemprego ca\u00edram em 43 mil, para 184 mil em dado ajustado sazonalmente.<\/p>\n","protected":false},"author":61,"featured_media":291887,"comment_status":"closed","ping_status":"open","sticky":false,"template":"","format":"standard","meta":{"_acf_changed":false,"inline_featured_image":false,"footnotes":""},"categories":[5],"tags":[374,499,236,216],"autor-wsj":[],"coauthors":[2494],"class_list":["post-293043","post","type-post","status-publish","format-standard","has-post-thumbnail","hentry","category-economia","tag-desemprego","tag-economia","tag-eua","tag-mercado-de-trabalho"],"acf":[],"amp_enabled":true,"_links":{"self":[{"href":"https:\/\/investnews.com.br\/inv-api\/wp\/v2\/posts\/293043","targetHints":{"allow":["GET"]}}],"collection":[{"href":"https:\/\/investnews.com.br\/inv-api\/wp\/v2\/posts"}],"about":[{"href":"https:\/\/investnews.com.br\/inv-api\/wp\/v2\/types\/post"}],"author":[{"embeddable":true,"href":"https:\/\/investnews.com.br\/inv-api\/wp\/v2\/users\/61"}],"replies":[{"embeddable":true,"href":"https:\/\/investnews.com.br\/inv-api\/wp\/v2\/comments?post=293043"}],"version-history":[{"count":2,"href":"https:\/\/investnews.com.br\/inv-api\/wp\/v2\/posts\/293043\/revisions"}],"predecessor-version":[{"id":293046,"href":"https:\/\/investnews.com.br\/inv-api\/wp\/v2\/posts\/293043\/revisions\/293046"}],"wp:featuredmedia":[{"embeddable":true,"href":"https:\/\/investnews.com.br\/inv-api\/wp\/v2\/media\/291887"}],"wp:attachment":[{"href":"https:\/\/investnews.com.br\/inv-api\/wp\/v2\/media?parent=293043"}],"wp:term":[{"taxonomy":"category","embeddable":true,"href":"https:\/\/investnews.com.br\/inv-api\/wp\/v2\/categories?post=293043"},{"taxonomy":"post_tag","embeddable":true,"href":"https:\/\/investnews.com.br\/inv-api\/wp\/v2\/tags?post=293043"},{"taxonomy":"autor-wsj","embeddable":true,"href":"https:\/\/investnews.com.br\/inv-api\/wp\/v2\/autor-wsj?post=293043"},{"taxonomy":"author","embeddable":true,"href":"https:\/\/investnews.com.br\/inv-api\/wp\/v2\/coauthors?post=293043"}],"curies":[{"name":"wp","href":"https:\/\/api.w.org\/{rel}","templated":true}]}}