{"id":293393,"date":"2021-12-27T10:00:00","date_gmt":"2021-12-27T13:00:00","guid":{"rendered":"https:\/\/investnews.com.br\/?p=293393"},"modified":"2022-01-27T09:48:15","modified_gmt":"2022-01-27T12:48:15","slug":"economia-do-brasil-em-2022","status":"publish","type":"post","link":"https:\/\/investnews.com.br\/economia\/economia-do-brasil-em-2022\/","title":{"rendered":"O que esperar para a economia do Brasil em 2022? Veja 8 pontos"},"content":{"rendered":"\n<p>\u201cCa\u00edmos, voltamos para o mesmo lugar e agora estamos de lado\u201d. A frase \u00e9 do economista Andr\u00e9 Perfeito, que comenta como est\u00e1 se desenhando a trajet\u00f3ria da <a class=\"rank-math-link\" href=\"https:\/\/investnews.com.br\/economia\/pib-cai-41-em-2020-pior-resultado-ja-registrado-pelo-ibge\/\"><strong>economia brasileira<\/strong> de 2020<\/a> a 2022: uma forte queda, o retorno ao patamar pr\u00e9-crise e um per\u00edodo de crescimento fraco em seguida.\u00a0<\/p>\n\n\n\n<p>Especialistas esperam que 2022 seja marcado ainda por dificuldades para a economia brasileira. Em um cen\u00e1rio de renda mais baixa, a expectativa do mercado \u00e9 de um crescimento perto de 0,5% do Produto Interno Bruto (<a href=\"https:\/\/investnews.com.br\/investnews-explica\/pib-o-que-e-para-que-serve-como-funciona-e-como-e-calculado\/\" class=\"rank-math-link\">PIB<\/a>) no ano que vem, de acordo com o \u00faltimo <a class=\"rank-math-link\" href=\"https:\/\/investnews.com.br\/guias\/boletim-focus-entenda-o-que-e\/\">Boletim Focus<\/a> divulgado pelo Banco Central.&nbsp;<\/p>\n\n\n\n<p>\u201cO ano de 2022 vai ser mais ou menos no mesmo ritmo que est\u00e1 acontecendo agora. <strong>A pancada da pandemia foi muito forte<\/strong>. O pr\u00f3ximo ano \u00e9 a continuidade praticamente deste ano de 2021\u201d, prev\u00ea Jason Vieira, economista-chefe da Infinity Asset.<\/p>\n\n\n\n<p>Os economistas explicam que diversos pontos ajudam a explicar por que as perspectivas s\u00e3o de fraqueza para a economia do Brasil em 2022. Veja abaixo os 8 pontos comentados por Perfeito e Vieira em entrevista ao<em> InvestNews<\/em>:&nbsp;<\/p>\n\n\n\n<ol class=\"wp-block-list\"><li><em>Infla\u00e7\u00e3o melhora, mas ainda atrapalha<\/em><\/li><li><em>Selic segura a economia, mas pode ajudar?<\/em><\/li><li><em>Trabalho e renda: cen\u00e1rio ainda dif\u00edcil<\/em><\/li><li><em>Afinal, o que esperar do consumo?<\/em><\/li><li><em>O que vai ser da ind\u00fastria?<\/em><\/li><li><em>Agro e servi\u00e7os devem se sair melhor<\/em><\/li><li><em>E os investimentos?<\/em><\/li><li><em>\u2018Carrego\u2019 estat\u00edstico<\/em><br><\/li><\/ol>\n\n\n\n<h2 class=\"wp-block-heading\"><strong>Infla\u00e7\u00e3o melhora, mas ainda atrapalha<\/strong><\/h2>\n\n\n\n<p>O indicador oficial da <a href=\"https:\/\/investnews.com.br\/economia\/ipca-em-2021-perspectivas\/\" class=\"rank-math-link\">infla\u00e7\u00e3o em 2021<\/a> no pa\u00eds, o \u00cdndice de Pre\u00e7os ao Consumidor Amplo (<a href=\"https:\/\/investnews.com.br\/guias\/o-que-e-ipca\/\" class=\"rank-math-link\">IPCA), <\/a>chegou aos dois d\u00edgitos em 12 meses em 2021, pressionado pelos pre\u00e7os de energia el\u00e9trica em raz\u00e3o da<strong> crise h\u00eddrica<\/strong>, <a class=\"rank-math-link\" href=\"https:\/\/investnews.com.br\/investnews-entrevista\/petrobras-entrevista-precos-da-gasolina\/\">aumento dos combust\u00edveis<\/a>, press\u00f5es das <a href=\"https:\/\/investnews.com.br\/guias\/commodities-o-que-sao\/\">commodities<\/a>, <a class=\"rank-math-link\" href=\"https:\/\/investnews.com.br\/economia\/dolar-taxa-de-cambio-efetiva-entenda\/\">d\u00f3lar elevado <\/a>entre outros fatores.&nbsp;<\/p>\n\n\n\n<p>Para 2022, a expectativa \u00e9 de algum al\u00edvio na alta de pre\u00e7os. \u201cJ\u00e1 est\u00e1 come\u00e7ando a ter alguma coisa, e parte desse al\u00edvio vem do atacado, principalmente\u201d, diz Vieira, citando por exemplo a \u201cmelhora das chuvas\u201d.<\/p>\n\n\n\n<p>\u201cApesar de que, pontualmente aqui no Brasil, a La Ni\u00f1a pode encher o saco em algumas regi\u00f5es, mas, no geral, a chuva deve melhorar, o que reduz o impacto de habita\u00e7\u00e3o\u201d, explica o economista.<br>&nbsp;<\/p>\n\n\n\n<blockquote class=\"wp-block-quote is-layout-flow wp-block-quote-is-layout-flow\"><p>\u201cEsse cen\u00e1rio se completando agora, voc\u00ea j\u00e1 n\u00e3o vai mais ter infla\u00e7\u00e3o de habita\u00e7\u00e3o. \u00c9 um ponto a menos. A infla\u00e7\u00e3o de alimentos (tamb\u00e9m) come\u00e7a a dar um al\u00edvio e j\u00e1 est\u00e1 tendo globalmente os primeiros sinais de recupera\u00e7\u00e3o da cadeia de suprimentos. Muita coisa j\u00e1 chegou, j\u00e1 est\u00e1 funcionando. E isso a gente v\u00ea principalmente nos \u00edndices do atacado\u201d, resume Vieira. <br><\/p><\/blockquote>\n\n\n\n<p><br><\/p>\n\n\n\n<figure class=\"wp-block-image size-large\"><img loading=\"lazy\" decoding=\"async\" width=\"820\" height=\"540\" src=\"https:\/\/media.investnews.com.br\/uploads\/2021\/12\/Destaque_site_10-12.jpg\" alt=\"Jason Vieira, economista-chefe da Infinity Asset, espera crescimento fraco da economia (Foto: Divulga\u00e7\u00e3o)\" class=\"wp-image-293409\" srcset=\"https:\/\/media.investnews.com.br\/uploads\/2021\/12\/Destaque_site_10-12.jpg 820w, https:\/\/media.investnews.com.br\/uploads\/2021\/12\/Destaque_site_10-12-300x198.jpg 300w, https:\/\/media.investnews.com.br\/uploads\/2021\/12\/Destaque_site_10-12-768x506.jpg 768w, https:\/\/media.investnews.com.br\/uploads\/2021\/12\/Destaque_site_10-12-172x113.jpg 172w, https:\/\/media.investnews.com.br\/uploads\/2021\/12\/Destaque_site_10-12-191x125.jpg 191w, https:\/\/media.investnews.com.br\/uploads\/2021\/12\/Destaque_site_10-12-150x99.jpg 150w\" sizes=\"auto, (max-width: 820px) 100vw, 820px\" \/><\/figure>\n\n\n\n<p> \u201cA gente provavelmente chegou em novembro nos <strong>picos de infla\u00e7\u00e3o<\/strong>. \u00c9 muito prov\u00e1vel que tenham sido os pontos mais altos\u201d , complementa o economista.<\/p>\n\n\n\n<p>Perfeito tamb\u00e9m acredita em melhora da infla\u00e7\u00e3o em 2022, \u201cporque muitos desses choques tendem a n\u00e3o se repetir\u201d, como a disparada de mais de 40% do pre\u00e7o do barril de petr\u00f3leo que aconteceu em 2021.&nbsp;<\/p>\n\n\n\n<p>\u201cOutro exemplo: a gente teve um problema no mundo em 2021 que foi o pre\u00e7o de frete ter explodido, entre outros motivos, porque teve uma desarticula\u00e7\u00e3o da marinha mercante por conta da pandemia. Eu acho que isso vai ser normalizado\u201d, diz Perfeito, que tamb\u00e9m cita uma tend\u00eancia de normaliza\u00e7\u00e3o da cadeia produtiva da ind\u00fastria (a falta de semicondutores para a fabrica\u00e7\u00e3o ve\u00edculos fez os <a class=\"rank-math-link\" href=\"https:\/\/investnews.com.br\/financas\/preco-de-carros-zero-populares\/\">pre\u00e7os de carros<\/a> dispararem, por exemplo).&nbsp;<\/p>\n\n\n\n<p>Al\u00e9m da dissipa\u00e7\u00e3o dos choques que puxaram a economia em 2021, o economista tamb\u00e9m cita a baixa demanda dos consumidores como outro motivo para a expectativa de infla\u00e7\u00e3o mais comportada em 2022. \u201cLembrando que \u2018a boa not\u00edcia \u00e9 que est\u00e1 ruim\u2019. O fato de a economia estar fraca \u00e9 o que est\u00e1 segurando a infla\u00e7\u00e3o\u201d, diz Perfeito.&nbsp;<\/p>\n\n\n\n<p>Mas Vieira aponta que ainda existem alguns pontos de aten\u00e7\u00e3o. \u201cO petr\u00f3leo ainda pode ser um problema de alguma maneira. Apesar dessa queda recente, ainda tem elementos que geram uma pequena complica\u00e7\u00e3o em termos de cen\u00e1rio porque voc\u00ea tem todo o problema internacional de energia, a quest\u00e3o das disputas entre os produtores. Isso tudo ainda \u00e9 algo que chama aten\u00e7\u00e3o.\u201d<\/p>\n\n\n\n<p>Tamb\u00e9m \u201cdependemos agora de uma pretensa estabilidade de c\u00e2mbio, coisa que ainda n\u00e3o aconteceu\u201d, complementa Vieira.<\/p>\n\n\n\n<h2 class=\"wp-block-heading\"><strong>Selic segura a economia, mas pode ajudar?<\/strong><\/h2>\n\n\n\n<p>O Banco Central tem sinalizado que, em meio a proje\u00e7\u00f5es do mercado de infla\u00e7\u00e3o em alta por mais tempo, a <a href=\"https:\/\/investnews.com.br\/guias\/taxa-selic\/\" class=\"rank-math-link\">taxa Selic<\/a> deve continuar subindo nas pr\u00f3ximas reuni\u00f5es do Comit\u00ea de Pol\u00edtica Monet\u00e1ria (<strong><a href=\"https:\/\/investnews.com.br\/guias\/copom-taxa-selic\/\">Copom<\/a><\/strong>). A expectativa \u00e9 que isso contribua para controlar o aumento dos pre\u00e7os, mas o efeito negativo que os juros mais altos devem ter sobre o crescimento da economia do Brasil em 2022 tamb\u00e9m est\u00e1 no radar.&nbsp;<br><\/p>\n\n\n\n<blockquote class=\"wp-block-quote is-layout-flow wp-block-quote-is-layout-flow\"><p>\u201cA gente v\u00ea uma <strong>infla\u00e7\u00e3o muito forte<\/strong>, deteriorando a renda das pessoas, e por sua vez est\u00e1 for\u00e7ando uma eleva\u00e7\u00e3o dos juros muito forte. Ent\u00e3o, uma diminui\u00e7\u00e3o do consumo somada \u00e0 eleva\u00e7\u00e3o da taxa de juros tende a construir uma economia mais fr\u00e1gil\u201d, resume Perfeito.<\/p><\/blockquote>\n\n\n\n<p><br>No entanto, o economista aponta um paradoxo: apesar da <a class=\"rank-math-link\" href=\"https:\/\/investnews.com.br\/economia\/com-inflacao-subindo-e-selic-ainda-baixa-brasil-segue-com-juros-negativos\/\">alta da Selic<\/a> esfriar o consumo, ela pode ser ben\u00e9fica para a economia de outra maneira, j\u00e1 que corrige distor\u00e7\u00f5es do per\u00edodo em que os juros permaneceram em m\u00ednimas hist\u00f3ricas.&nbsp;<\/p>\n\n\n\n<figure class=\"wp-block-image size-large\"><img loading=\"lazy\" decoding=\"async\" width=\"820\" height=\"540\" src=\"https:\/\/media.investnews.com.br\/uploads\/2021\/12\/Destaque_site_01.jpg\" alt=\"Andr\u00e9 Perfeito, economista-chefe da Necton, fala sobre perspectivas para a economia do Brasil em 2022 (Foto: Divulga\u00e7\u00e3o)\" class=\"wp-image-293405\" srcset=\"https:\/\/media.investnews.com.br\/uploads\/2021\/12\/Destaque_site_01.jpg 820w, https:\/\/media.investnews.com.br\/uploads\/2021\/12\/Destaque_site_01-300x198.jpg 300w, https:\/\/media.investnews.com.br\/uploads\/2021\/12\/Destaque_site_01-768x506.jpg 768w, https:\/\/media.investnews.com.br\/uploads\/2021\/12\/Destaque_site_01-172x113.jpg 172w, https:\/\/media.investnews.com.br\/uploads\/2021\/12\/Destaque_site_01-191x125.jpg 191w, https:\/\/media.investnews.com.br\/uploads\/2021\/12\/Destaque_site_01-150x99.jpg 150w\" sizes=\"auto, (max-width: 820px) 100vw, 820px\" \/><figcaption>Andr\u00e9 Perfeito, economista-chefe da Necton, fala sobre perspectivas para a economia do Brasil em 2022 (Foto: Divulga\u00e7\u00e3o)<\/figcaption><\/figure>\n\n\n\n<p>\u201cUma taxa de juros muito baixa n\u00e3o necessariamente gera incentivo. Eu brinco que &#8216;foi a menor Selic que nunca existiu&#8217; porque n\u00e3o adiantou de nada. Taxa de juro \u00e9 que nem corda: serve para puxar, mas \u00e9 in\u00fatil para empurrar\u201d, diz Perfeito.&nbsp;<\/p>\n\n\n\n<p>\u201cEstava disfuncional. \u00c9 barato para algu\u00e9m pegar dinheiro emprestado, mas 2% ningu\u00e9m quer emprestar tamb\u00e9m. Por mais paradoxal que seja, elevar a taxa de juros pode encontrar um equil\u00edbrio melhor para o mercado. Ent\u00e3o, pode ajudar tamb\u00e9m um pouco a <strong>economia brasileira para 2022<\/strong>\u201d.<\/p>\n\n\n\n<h2 class=\"wp-block-heading\"><strong>Trabalho e renda: cen\u00e1rio ainda dif\u00edcil<\/strong><\/h2>\n\n\n\n<p>N\u00e3o existem perspectivas de melhora no mercado de trabalho e na renda das pessoas em 2022, segundo os economistas ouvidos pelo <em>InvestNews<\/em>. Segundo as \u00faltimas divulga\u00e7\u00f5es do Instituto Brasileiro de Geografia e Estat\u00edstica (IBGE), a <a class=\"rank-math-link\" href=\"https:\/\/investnews.com.br\/economia\/brasil-tem-desemprego-de-126-no-tri-ate-setembro-diz-ibge\/\">taxa de desemprego<\/a> caiu para 12,6% no trimestre terminado em setembro, mas essa redu\u00e7\u00e3o ocorre em meio ao aumento do n\u00famero de trabalhadores subocupados e informais.&nbsp;<\/p>\n\n\n\n<p>Os dados mostram que a <strong>informalidade<\/strong> responde por 54% do crescimento da ocupa\u00e7\u00e3o no pa\u00eds. O<strong> rendimento real dos brasileiros encolheu <\/strong>e est\u00e1 no menor patamar desde 2012.&nbsp;<br><\/p>\n\n\n\n<blockquote class=\"wp-block-quote is-layout-flow wp-block-quote-is-layout-flow\"><p>\u201cNo curto prazo, o mercado de trabalho deve continuar deprimido. E, entre outras coisas, com o rendimento m\u00e9dio real das pessoas caindo. N\u00e3o tem como imaginar para cima. Est\u00e1 crescendo a economia? N\u00e3o. Ent\u00e3o, por que vai subir? N\u00e3o tem motivo\u201d, diz Perfeito.&nbsp;<\/p><\/blockquote>\n\n\n\n<p><br>\u201cO que gera emprego \u00e9 n\u00edvel de atividade. Emprego \u00e9 fun\u00e7\u00e3o de atividade. Se n\u00e3o tem atividade, n\u00e3o tem emprego. N\u00e3o vai resolver o mercado de trabalho t\u00e3o cedo. Voc\u00ea pode ter uma quantidade maior de pessoas empregadas, mas com uma renda menor\u201d, complementa o economista.<\/p>\n\n\n\n<h2 class=\"wp-block-heading\"><strong>Afinal, o que esperar do consumo?<\/strong><\/h2>\n\n\n\n<figure class=\"wp-block-image size-large\"><img decoding=\"async\" src=\"https:\/\/media.investnews.com.br\/uploads\/2021\/12\/2021-11-16T130026Z_1_LYNXMPEHAF0LP_RTROPTP_4_BRAZIL-ECONOMY-INFLATION-1024x679.jpg\" alt=\"Mercado no Rio de Janeiro com pre\u00e7o de frutas\" class=\"wp-image-293415\"\/><figcaption>Mercado no Rio de Janeiro\n 2\/9\/2021 REUTERS\/Ricardo Moraes<\/figcaption><\/figure>\n\n\n\n<p>As <a class=\"rank-math-link\" href=\"https:\/\/investnews.com.br\/economia\/vendas-varejo-brasileiro-out-2021\/\">vendas no varejo<\/a> brasileiro ca\u00edram pelo terceiro m\u00eas seguido em outubro e&nbsp;voltaram a ficar abaixo do patamar pr\u00e9-pandemia, afetadas por&nbsp;infla\u00e7\u00e3o alta, renda parada e menor cr\u00e9dito, num indicativo do cen\u00e1rio mais dif\u00edcil para consumo das fam\u00edlias.<\/p>\n\n\n\n<p>Apesar de um poss\u00edvel al\u00edvio na infla\u00e7\u00e3o em 2022 na compara\u00e7\u00e3o com 2021, n\u00e3o existem previs\u00f5es de que o movimento seja forte o bastante a ponto de estimular uma volta pujante do consumo das fam\u00edlias.&nbsp;<br><\/p>\n\n\n\n<blockquote class=\"wp-block-quote is-layout-flow wp-block-quote-is-layout-flow\"><p>\u201cPode ter uma melhora no ano que vem, e se reestabelecer isso tudo. S\u00f3 que, para al\u00e9m disso, <strong>o estrago est\u00e1 feito na renda das pessoas\u201d<\/strong>, diz Perfeito. <\/p><\/blockquote>\n\n\n\n<p><br>\u201cN\u00e3o \u00e9 que vai ter <a href=\"https:\/\/investnews.com.br\/guias\/deflacao\/\">defla\u00e7\u00e3o<\/a>. Talvez n\u00e3o tenha infla\u00e7\u00e3o. Mas n\u00e3o vai voltar o n\u00edvel de consumo. Basta ver os dados de massa salarial. Est\u00e1 l\u00e1 embaixo em termos reais. Ent\u00e3o, n\u00e3o tem como ficar otimista\u201d, diz o economista, que acredita que \u201co consumo das fam\u00edlias vai ficar est\u00e1vel ou cair\u201d em 2022.&nbsp;<\/p>\n\n\n\n<p>Mas Vieira, por sua vez, afirma que, apesar dos juros elevados e da corros\u00e3o da renda das pessoas pela infla\u00e7\u00e3o, \u201cvoc\u00ea tem, por outro lado, perspectiva de que, de alguma maneira, vai rolar os <strong>bolsas-o-que-quer-que-seja<\/strong>, aux\u00edlios ou coisa parecida. Isso tem um impulsionador macroecon\u00f4mico que n\u00e3o pode ser desprezado\u201d, j\u00e1 que ajudaria a amortecer uma queda no consumo.&nbsp;<\/p>\n\n\n\n<p>Sobre esse ponto, Perfeito acredita que \u201calgum impulso at\u00e9 pode ter\u201d. \u201cMas n\u00e3o espero grande coisa, n\u00e3o\u201d, diz. \u201cA gente tem que lembrar que est\u00e3o trocando<a class=\"rank-math-link\" href=\"https:\/\/investnews.com.br\/geral\/auxilio-brasil-confira-o-calendario-de-pagamentos-em-2022\/\"> Aux\u00edlio Brasil<\/a>, mas tirando outras coisas. N\u00e3o \u00e9 exatamente que vai aumentar a quantidade de dinheiro na m\u00e3o das pessoas. Na verdade, vai ter os R$ 400, mas n\u00e3o vai ter outros programas. Ent\u00e3o, meio que fica elas por elas\u201d.<\/p>\n\n\n\n<h2 class=\"wp-block-heading\"><strong>O que vai ser da ind\u00fastria?<\/strong><\/h2>\n\n\n\n<p>Um dos setores com maior dificuldade de recupera\u00e7\u00e3o do baque da pandemia, a <a class=\"rank-math-link\" href=\"https:\/\/investnews.com.br\/economia\/industria-tem-queda-inesperada-e-chega-a-5-meses-de-perdas\/\">ind\u00fastria<\/a> ainda deve enfrentar desafios em 2022. A&nbsp;<strong>produ\u00e7\u00e3o industrial brasileira<\/strong>&nbsp;iniciou o quarto trimestre ainda em dificuldades, com&nbsp;queda inesperada em outubro, com um recuo de 0,6% ante setembro, acumulando queda de 3,7% em cinco meses, segundo o Instituto Brasileiro de Geografia e Estat\u00edstica (IBGE). <\/p>\n\n\n\n<p>Mas Vieira aponta que existem alguns sinais positivos para o setor, \u201cque tem que passar por um <strong>ciclo de recupera\u00e7\u00e3o<\/strong> dado o contexto que viveu nos \u00faltimos anos\u201d.&nbsp;<br><\/p>\n\n\n\n<blockquote class=\"wp-block-quote is-layout-flow wp-block-quote-is-layout-flow\"><p>\u201cNo ano passado, viveu uma canibaliza\u00e7\u00e3o muito grande, o c\u00e2mbio estava pior ainda do que neste ano em alguns per\u00edodos. N\u00e3o tinha nada, a cadeia de suprimentos entrou neste ano tamb\u00e9m gerando problemas. A recupera\u00e7\u00e3o desse problema da cadeia de suprimentos agora j\u00e1 come\u00e7a a dar sinais mais positivos em uma s\u00e9rie de setores\u201d, diz Vieira.&nbsp;<\/p><\/blockquote>\n\n\n\n<p><br>Por sua vez, Perfeito diz que \u201co que<strong> vai continuar indo muito<\/strong> mal \u00e9 a ind\u00fastria\u201d. \u201cUma parcela cada vez menor do PIB vai continuar decrescendo. Porque voc\u00ea n\u00e3o tem um plano claro para a ind\u00fastria. Especialmente se o real se fortalecer, que \u00e9 uma das hip\u00f3teses que eu tenho para o ano que vem. N\u00e3o \u00e9 que vai se fortalecer muito, mas acho que tem mais chance de o real ficar forte do que fraco, porque a taxa de juros vai subir.\u201d<\/p>\n\n\n\n<p>A ideia \u00e9 que o real mais forte, apesar de reduzir os custos da ind\u00fastria com insumos importados, torna os produtos de fora mais competitivos no mercado brasileiro.<\/p>\n\n\n\n<h2 class=\"wp-block-heading\"><strong>Agro e servi\u00e7os devem se sair melhor<\/strong><\/h2>\n\n\n\n<figure class=\"wp-block-image size-large\"><img decoding=\"async\" src=\"https:\/\/media.investnews.com.br\/uploads\/2021\/12\/2021-11-18T154411Z_1_LYNXMPEHAH0VG_RTROPTP_4_EUROPE-WHEAT-CROPS-1024x683.jpg\" alt=\"Campo de trigo\" class=\"wp-image-293419\"\/><figcaption>Campo de trigo\n16\/06\/2020\nREUTERS\/Pascal Rossignol<\/figcaption><\/figure>\n\n\n\n<p>Vieira comenta que um dos grandes impulsos positivos para o PIB do ano que vem pode vir da <strong>agricultura<\/strong>, em uma \u201crecupera\u00e7\u00e3o muito poss\u00edvel\u201d. \u201cUm problema clim\u00e1tico foi um dos grandes impactantes da agricultura l\u00e1 atr\u00e1s. E a revers\u00e3o desse problema tende a ajudar a agricultura, que tende a ajudar o PIB tamb\u00e9m\u201d, afirma o economista.&nbsp;<\/p>\n\n\n\n<p>Sobre esse tema, Perfeito diz que a \u201cagricultura tende a continuar num patamar bom por conta do crescimento de Estados Unidos e China\u201d.<\/p>\n\n\n\n<p>Para o setor de servi\u00e7os, as perspectivas tamb\u00e9m s\u00e3o mais positivas. Vieira atribui essa expectativa \u00e0 melhora da situa\u00e7\u00e3o da pandemia de covid-19. <\/p>\n\n\n\n<p>\u201cMuito do que est\u00e1 se falando da <a class=\"rank-math-link\" href=\"https:\/\/investnews.com.br\/financas\/variante-omicron-bolsa\/\">\u00f4micron<\/a> eu acho que d\u00e1 uma perspectiva um pouco melhor. Porque <strong>a variante que n\u00e3o matou ningu\u00e9m at\u00e9 agora<\/strong> \u00e9 uma das melhores not\u00edcias que poderia existir. Porque come\u00e7a a dar uma <strong>sinaliza\u00e7\u00e3o do in\u00edcio do fim dessa crise pand\u00eamica<\/strong>. Vai todo mundo vacinar todo ano, que nem gripe, e vamos embora, vida normal. S\u00f3 n\u00e3o se sabe ainda quando isso tudo vai acontecer\u201d, diz Vieira.&nbsp;&nbsp;<\/p>\n\n\n\n<p>Perfeito complementa que o setor de \u201cservi\u00e7os vai impulsionar num patamar bom, ou est\u00e1vel pelo menos, por conta de quest\u00f5es microecon\u00f4micas\u201d. \u201cA crise da pandemia alterou profundamente os h\u00e1bitos de consumo dos brasileiros. Acho que a gente vai consumir mais servi\u00e7os\u201d, aponta.<\/p>\n\n\n\n<h2 class=\"wp-block-heading\"><strong>E os investimentos?<\/strong><\/h2>\n\n\n\n<p>As perspectivas para os investimentos em 2022 dividem os economistas. Vieira acredita que a chamada \u201cforma\u00e7\u00e3o bruta de capital fixo\u201d (FBCF), que \u00e9 a maneira como o IBGE inclui os investimentos das empresas em bens de capital no c\u00e1lculo do PIB, deve ser positiva no pr\u00f3ximo ano.&nbsp;<br><\/p>\n\n\n\n<blockquote class=\"wp-block-quote is-layout-flow wp-block-quote-is-layout-flow\"><p>\u201cVoc\u00ea tem uma s\u00e9rie de investimentos que foram <strong>contratados em 2021<\/strong> que s\u00e3o <strong>realiz\u00e1veis em 2022,<\/strong> independente do cen\u00e1rio. \u00c9 coisa contratada, como investimentos em infraestrutura que est\u00e3o encaminhados para acontecer, e que d\u00e3o perspectiva de um cen\u00e1rio ainda positivo para o pr\u00f3ximo ano\u201d, afirma Vieira.&nbsp;<\/p><\/blockquote>\n\n\n\n<p><br>J\u00e1 Perfeito acredita que \u201co que vai ser ruim al\u00e9m do consumo das fam\u00edlias \u00e9 o investimento\u201d. \u201cO empres\u00e1rio investe ou porque tem que aumentar a produ\u00e7\u00e3o porque a demanda est\u00e1 muito elevada &#8211; o que n\u00e3o \u00e9 verdade agora, a gente est\u00e1 com <strong>ociosidade na ind\u00fastria<\/strong> -, ou porque quer tentar diminuir custo ou coisa do tipo. Com essa taxa de juro subindo e a demanda fraca, acho que vai ficar complicada a situa\u00e7\u00e3o do investimento no Brasil.\u201d<\/p>\n\n\n\n<h2 class=\"wp-block-heading\"><strong>\u2018Carrego\u2019 estat\u00edstico<\/strong><\/h2>\n\n\n\n<p>Se o resultado do PIB em 2022 ainda deve sentir os efeitos econ\u00f4micos da pandemia, os <strong>estat\u00edsticos<\/strong> tamb\u00e9m devem fazer diferen\u00e7a. <\/p>\n\n\n\n<p>A quest\u00e3o \u00e9 o chamado \u201c<strong>carrego<\/strong>\u201d, que \u00e9 basicamente a heran\u00e7a estat\u00edstica que os \u00faltimos trimestres de cada ano deixam para o in\u00edcio do seguinte. Quando o desempenho da economia nos \u00faltimos trimestres do ano \u00e9 mais baixo que o resultado m\u00e9dio do ano todo, por exemplo, significa que o ano seguinte vai partir de um cen\u00e1rio numericamente mais dif\u00edcil.<\/p>\n\n\n\n<p>\u201cUm deles \u00e9 estat\u00edstico. Por conta da base deteriorada de 2020 para 2021 voc\u00ea tem um crescimento muito forte. Essa base cresce em 2021 e tem um carrego para 2022 que faz com que, estatisticamente, voc\u00ea tenha um crescimento menor. Isso a gente j\u00e1 sabe que vai acontecer\u201d, explica Vieira sobre o caso de 2022.&nbsp;<\/p>\n\n\n\n<figure class=\"wp-block-image size-large\"><img loading=\"lazy\" decoding=\"async\" width=\"750\" height=\"677\" src=\"https:\/\/media.investnews.com.br\/uploads\/2021\/12\/20211202_Info_pib.jpg\" alt=\"Foto ilustrativa com gr\u00e1fico do PIB do Brasil e a varia\u00e7\u00e3o em porcentagem.\" class=\"wp-image-291513\" srcset=\"https:\/\/media.investnews.com.br\/uploads\/2021\/12\/20211202_Info_pib.jpg 750w, https:\/\/media.investnews.com.br\/uploads\/2021\/12\/20211202_Info_pib-300x271.jpg 300w, https:\/\/media.investnews.com.br\/uploads\/2021\/12\/20211202_Info_pib-172x155.jpg 172w, https:\/\/media.investnews.com.br\/uploads\/2021\/12\/20211202_Info_pib-150x135.jpg 150w\" sizes=\"auto, (max-width: 750px) 100vw, 750px\" \/><\/figure>\n\n\n\n<h2 class=\"wp-block-heading\"><strong>&#8216;Crescimento em V virou raiz quadrada&#8217;<\/strong><\/h2>\n\n\n\n<p>Andr\u00e9 Perfeito espera um crescimento de apenas 0,3% do PIB no ano que vem. \u201cVale notar que 0,3% ser\u00e1 sobre uma base tamb\u00e9m muito baixa. Estou com uma proje\u00e7\u00e3o de 4,3% neste ano, que praticamente \u00e9 um crescimento zero em rela\u00e7\u00e3o ao ano anterior. A gente est\u00e1 numa situa\u00e7\u00e3o bastante delicada. Tenho falado bastante que o <a href=\"https:\/\/investnews.com.br\/economia\/economia-do-brasil-tera-mesmo-recuperacao-em-v-entenda\/\">crescimento em V<\/a> virou<strong> raiz quadrada<\/strong>\u201d, diz o economista.&nbsp;<\/p>\n\n\n\n<p>Vieira tamb\u00e9m fala em crescimento \u201cfraco\u201d &#8211; mas, ainda assim, crescimento. \u201cN\u00e3o \u00e9 que vai ser um crescimento maravilhoso, n\u00e3o, mas tamb\u00e9m n\u00e3o d\u00e1 para ir na onda de muita gente que est\u00e1 falando em crescimento negativo, <strong>PIB negativo<\/strong>, crescimento zero. \u00c9 um crescimento fraco, mas \u00e9 um crescimento.\u201d<\/p>\n\n\n\n<figure class=\"wp-block-embed-youtube wp-block-embed is-type-video is-provider-youtube wp-embed-aspect-16-9 wp-has-aspect-ratio\"><div class=\"wp-block-embed__wrapper\">\n<iframe loading=\"lazy\" title=\"Estagfla\u00e7\u00e3o x refla\u00e7\u00e3o: qual a diferen\u00e7a?\" width=\"500\" height=\"281\" src=\"https:\/\/www.youtube.com\/embed\/oC1ln9V-kEE?feature=oembed\" frameborder=\"0\" allow=\"accelerometer; autoplay; clipboard-write; encrypted-media; gyroscope; picture-in-picture; web-share\" referrerpolicy=\"strict-origin-when-cross-origin\" allowfullscreen><\/iframe>\n<\/div><\/figure>\n\n\n\n<p>Veja tamb\u00e9m:<\/p>\n\n\n\n<ul class=\"wp-block-list\"><li>Crise na Ucr\u00e2nia: quais os efeitos para o mercado e a<a class=\"rank-math-link\" href=\"https:\/\/investnews.com.br\/economia\/crise-na-ucrania-economia-do-brasil\/\"> economia do Brasil<\/a><\/li><\/ul>\n","protected":false},"excerpt":{"rendered":"<p>Economistas falam em al\u00edvio da infla\u00e7\u00e3o, mas renda em baixa, juros e desemprego devem frear a atividade.<\/p>\n","protected":false},"author":31,"featured_media":293394,"comment_status":"closed","ping_status":"open","sticky":false,"template":"","format":"standard","meta":{"_acf_changed":false,"inline_featured_image":false,"footnotes":""},"categories":[5],"tags":[374,52,354,53],"autor-wsj":[],"coauthors":[1908],"class_list":["post-293393","post","type-post","status-publish","format-standard","has-post-thumbnail","hentry","category-economia","tag-desemprego","tag-inflacao","tag-juros","tag-pib"],"acf":[],"amp_enabled":true,"_links":{"self":[{"href":"https:\/\/investnews.com.br\/inv-api\/wp\/v2\/posts\/293393","targetHints":{"allow":["GET"]}}],"collection":[{"href":"https:\/\/investnews.com.br\/inv-api\/wp\/v2\/posts"}],"about":[{"href":"https:\/\/investnews.com.br\/inv-api\/wp\/v2\/types\/post"}],"author":[{"embeddable":true,"href":"https:\/\/investnews.com.br\/inv-api\/wp\/v2\/users\/31"}],"replies":[{"embeddable":true,"href":"https:\/\/investnews.com.br\/inv-api\/wp\/v2\/comments?post=293393"}],"version-history":[{"count":28,"href":"https:\/\/investnews.com.br\/inv-api\/wp\/v2\/posts\/293393\/revisions"}],"predecessor-version":[{"id":302714,"href":"https:\/\/investnews.com.br\/inv-api\/wp\/v2\/posts\/293393\/revisions\/302714"}],"wp:featuredmedia":[{"embeddable":true,"href":"https:\/\/investnews.com.br\/inv-api\/wp\/v2\/media\/293394"}],"wp:attachment":[{"href":"https:\/\/investnews.com.br\/inv-api\/wp\/v2\/media?parent=293393"}],"wp:term":[{"taxonomy":"category","embeddable":true,"href":"https:\/\/investnews.com.br\/inv-api\/wp\/v2\/categories?post=293393"},{"taxonomy":"post_tag","embeddable":true,"href":"https:\/\/investnews.com.br\/inv-api\/wp\/v2\/tags?post=293393"},{"taxonomy":"autor-wsj","embeddable":true,"href":"https:\/\/investnews.com.br\/inv-api\/wp\/v2\/autor-wsj?post=293393"},{"taxonomy":"author","embeddable":true,"href":"https:\/\/investnews.com.br\/inv-api\/wp\/v2\/coauthors?post=293393"}],"curies":[{"name":"wp","href":"https:\/\/api.w.org\/{rel}","templated":true}]}}