{"id":294210,"date":"2021-12-15T18:36:56","date_gmt":"2021-12-15T21:36:56","guid":{"rendered":"http:\/\/investnews.com.br\/?p=294210"},"modified":"2021-12-15T18:37:10","modified_gmt":"2021-12-15T21:37:10","slug":"camara-conclui-votacao-de-pendencias-da-pec-dos-precatorios","status":"publish","type":"post","link":"https:\/\/investnews.com.br\/economia\/camara-conclui-votacao-de-pendencias-da-pec-dos-precatorios\/","title":{"rendered":"C\u00e2mara conclui vota\u00e7\u00e3o de pend\u00eancias da PEC dos Precat\u00f3rios"},"content":{"rendered":"\n<p>A C\u00e2mara dos Deputados concluiu nesta quarta-feira (15) a <strong>vota\u00e7\u00e3o em dois turnos<\/strong> dos trechos da <strong><a href=\"https:\/\/investnews.com.br\/flash\/pec-dos-precatorios-fatiada-entenda\/\" class=\"rank-math-link\">PEC dos Precat\u00f3rios <\/a><\/strong>pendentes de aprova\u00e7\u00e3o pela Casa, que agora ser\u00e3o encaminhados para promulga\u00e7\u00e3o.<\/p>\n\n\n\n<p>Os dispositivos aprovados pelos deputados agora receberam o aval tanto da C\u00e2mara quanto do Senado.<\/p>\n\n\n\n<p>Mais cedo, ainda na vota\u00e7\u00e3o em primeiro turno da PEC, deputados aprovaram uma emenda que retirou do texto as datas de pagamento dos precat\u00f3rios do Fundef a cada ano.<\/p>\n\n\n\n<p>Outros pontos inclu\u00eddos pelo Senado, como o <strong>car\u00e1ter permanente do <\/strong><a href=\"https:\/\/investnews.com.br\/geral\/auxilio-brasil-r-400-datas-dezembro-2021\/\" class=\"rank-math-link\"><strong>Aux\u00edlio Brasil<\/strong>,<\/a> a vincula\u00e7\u00e3o do espa\u00e7o fiscal a ser aberto com a mudan\u00e7a na regra de pagamento de precat\u00f3rios a gastos com seguridade social e ao novo programa de distribui\u00e7\u00e3o de renda, al\u00e9m do limite para a quita\u00e7\u00e3o dessas d\u00edvidas judiciais, foram mantidos no texto.<\/p>\n\n\n\n<p>Na semana passada o Congresso promulgou apenas partes da PEC dos Precat\u00f3rios que j\u00e1 contavam com o aval das duas Casas, deixando esses dispositivos remanescentes para vota\u00e7\u00e3o nesta semana.<\/p>\n\n\n\n<h2 class=\"wp-block-heading\">Espa\u00e7o fiscal de mais de R$ 60 bi<\/h2>\n\n\n\n<p>Estima-se que a PEC promulgada na \u00faltima semana possa abrir um espa\u00e7o fiscal de mais de R$ 60 bilh\u00f5es. Somada aos trechos aprovados nesta quarta, a expectativa \u00e9 que essa margem fiscal possa ser estendida para mais de 100 bilh\u00f5es de reais, de forma a permitir o pagamento do Aux\u00edlio Brasil.<\/p>\n","protected":false},"excerpt":{"rendered":"<p>Pontos aprovados agora ser\u00e3o encaminhados para promulga\u00e7\u00e3o.<\/p>\n","protected":false},"author":61,"featured_media":286518,"comment_status":"closed","ping_status":"open","sticky":false,"template":"","format":"standard","meta":{"_acf_changed":false,"inline_featured_image":false,"footnotes":""},"categories":[5],"tags":[1019],"autor-wsj":[],"coauthors":[2494],"class_list":["post-294210","post","type-post","status-publish","format-standard","has-post-thumbnail","hentry","category-economia","tag-ajuste-fiscal"],"acf":[],"amp_enabled":true,"_links":{"self":[{"href":"https:\/\/investnews.com.br\/inv-api\/wp\/v2\/posts\/294210","targetHints":{"allow":["GET"]}}],"collection":[{"href":"https:\/\/investnews.com.br\/inv-api\/wp\/v2\/posts"}],"about":[{"href":"https:\/\/investnews.com.br\/inv-api\/wp\/v2\/types\/post"}],"author":[{"embeddable":true,"href":"https:\/\/investnews.com.br\/inv-api\/wp\/v2\/users\/61"}],"replies":[{"embeddable":true,"href":"https:\/\/investnews.com.br\/inv-api\/wp\/v2\/comments?post=294210"}],"version-history":[{"count":1,"href":"https:\/\/investnews.com.br\/inv-api\/wp\/v2\/posts\/294210\/revisions"}],"predecessor-version":[{"id":294215,"href":"https:\/\/investnews.com.br\/inv-api\/wp\/v2\/posts\/294210\/revisions\/294215"}],"wp:featuredmedia":[{"embeddable":true,"href":"https:\/\/investnews.com.br\/inv-api\/wp\/v2\/media\/286518"}],"wp:attachment":[{"href":"https:\/\/investnews.com.br\/inv-api\/wp\/v2\/media?parent=294210"}],"wp:term":[{"taxonomy":"category","embeddable":true,"href":"https:\/\/investnews.com.br\/inv-api\/wp\/v2\/categories?post=294210"},{"taxonomy":"post_tag","embeddable":true,"href":"https:\/\/investnews.com.br\/inv-api\/wp\/v2\/tags?post=294210"},{"taxonomy":"autor-wsj","embeddable":true,"href":"https:\/\/investnews.com.br\/inv-api\/wp\/v2\/autor-wsj?post=294210"},{"taxonomy":"author","embeddable":true,"href":"https:\/\/investnews.com.br\/inv-api\/wp\/v2\/coauthors?post=294210"}],"curies":[{"name":"wp","href":"https:\/\/api.w.org\/{rel}","templated":true}]}}