{"id":295271,"date":"2021-12-20T17:54:06","date_gmt":"2021-12-20T20:54:06","guid":{"rendered":"http:\/\/investnews.com.br\/?p=295271"},"modified":"2024-06-24T12:06:03","modified_gmt":"2024-06-24T15:06:03","slug":"por-que-o-ibovespa-passou-de-recorde-a-queda-no-ano","status":"publish","type":"post","link":"https:\/\/investnews.com.br\/financas\/por-que-o-ibovespa-passou-de-recorde-a-queda-no-ano\/","title":{"rendered":"Por que o Ibovespa passou de recorde a queda no ano?"},"content":{"rendered":"\n<figure class=\"wp-block-embed-youtube wp-block-embed is-type-video is-provider-youtube wp-embed-aspect-16-9 wp-has-aspect-ratio\"><div class=\"wp-block-embed__wrapper\">\n<iframe loading=\"lazy\" title=\"Por que o Ibovespa passou de recorde a queda no ano?\" width=\"500\" height=\"281\" src=\"https:\/\/www.youtube.com\/embed\/elX19D9GEbk?feature=oembed\" frameborder=\"0\" allow=\"accelerometer; autoplay; clipboard-write; encrypted-media; gyroscope; picture-in-picture; web-share\" referrerpolicy=\"strict-origin-when-cross-origin\" allowfullscreen><\/iframe>\n<\/div><\/figure>\n\n\n\n<p>Quando a bolsa bateu o pico em junho, quais eram as perspectivas? E como chegamos at\u00e9 aqui?<\/p>\n\n\n\n<p>Esse \u00e9 o tema do <em>Boletim InvestNews<\/em> desta segunda-feira (20), que relembra a not\u00edcia da sequ\u00eancia de recordes do principal \u00edndice da bolsa de valores brasileira. Como o Ibovespa passou do recorde a uma queda de quase 12% no ano? O que era esperado naquele momento? O que se confirmou?<\/p>\n\n\n\n<p>O programa destaca ainda as not\u00edcias que mexeram com o <a href=\"https:\/\/investnews.com.br\/guias\/como-funciona-o-mercado-financeiro\/\">mercado financeiro<\/a>, como a volta dos temores com a variante \u00f4micron. O resumo traz a cota\u00e7\u00e3o de fechamento do d\u00f3lar e do Ibovespa hoje, al\u00e9m das a\u00e7\u00f5es que mais subiram e mais ca\u00edram.<\/p>\n\n\n\n<p>Com apresenta\u00e7\u00e3o da jornalista Karina Trevizan, o BLTM tem coment\u00e1rios de Murilo Breder, analista de investimentos da NuInvest.\u00a0<\/p>\n","protected":false},"excerpt":{"rendered":"<p>Programa fala sobre as mudan\u00e7as das perspectivas para a bolsa de valores.<\/p>\n","protected":false},"author":31,"featured_media":295272,"comment_status":"closed","ping_status":"open","sticky":false,"template":"","format":"standard","meta":{"_acf_changed":false,"inline_featured_image":false,"footnotes":""},"categories":[4],"tags":[226],"autor-wsj":[],"coauthors":[1908,2315],"class_list":["post-295271","post","type-post","status-publish","format-standard","has-post-thumbnail","hentry","category-financas","tag-bolsa-de-valores"],"acf":[],"amp_enabled":true,"_links":{"self":[{"href":"https:\/\/investnews.com.br\/inv-api\/wp\/v2\/posts\/295271","targetHints":{"allow":["GET"]}}],"collection":[{"href":"https:\/\/investnews.com.br\/inv-api\/wp\/v2\/posts"}],"about":[{"href":"https:\/\/investnews.com.br\/inv-api\/wp\/v2\/types\/post"}],"author":[{"embeddable":true,"href":"https:\/\/investnews.com.br\/inv-api\/wp\/v2\/users\/31"}],"replies":[{"embeddable":true,"href":"https:\/\/investnews.com.br\/inv-api\/wp\/v2\/comments?post=295271"}],"version-history":[{"count":2,"href":"https:\/\/investnews.com.br\/inv-api\/wp\/v2\/posts\/295271\/revisions"}],"predecessor-version":[{"id":295275,"href":"https:\/\/investnews.com.br\/inv-api\/wp\/v2\/posts\/295271\/revisions\/295275"}],"wp:featuredmedia":[{"embeddable":true,"href":"https:\/\/investnews.com.br\/inv-api\/wp\/v2\/media\/295272"}],"wp:attachment":[{"href":"https:\/\/investnews.com.br\/inv-api\/wp\/v2\/media?parent=295271"}],"wp:term":[{"taxonomy":"category","embeddable":true,"href":"https:\/\/investnews.com.br\/inv-api\/wp\/v2\/categories?post=295271"},{"taxonomy":"post_tag","embeddable":true,"href":"https:\/\/investnews.com.br\/inv-api\/wp\/v2\/tags?post=295271"},{"taxonomy":"autor-wsj","embeddable":true,"href":"https:\/\/investnews.com.br\/inv-api\/wp\/v2\/autor-wsj?post=295271"},{"taxonomy":"author","embeddable":true,"href":"https:\/\/investnews.com.br\/inv-api\/wp\/v2\/coauthors?post=295271"}],"curies":[{"name":"wp","href":"https:\/\/api.w.org\/{rel}","templated":true}]}}