{"id":296119,"date":"2021-12-27T09:29:39","date_gmt":"2021-12-27T12:29:39","guid":{"rendered":"https:\/\/investnews.com.br\/?p=296119"},"modified":"2024-06-26T11:52:09","modified_gmt":"2024-06-26T14:52:09","slug":"5-fatos-para-hoje-previsao-para-economia-em-2022-800-mil-nao-vacinados-em-sp","status":"publish","type":"post","link":"https:\/\/investnews.com.br\/economia\/5-fatos-para-hoje-previsao-para-economia-em-2022-800-mil-nao-vacinados-em-sp\/","title":{"rendered":"5 fatos para hoje: previs\u00e3o para economia em 2022; 800 mil n\u00e3o vacinados em SP"},"content":{"rendered":"\n<h2 class=\"wp-block-heading\"><strong>1 &#8211; Mercado passa a ver crescimento econ\u00f4mico abaixo de 0,5% em 2022<\/strong><\/h2>\n\n\n\n<p>O mercado voltou a ajustar para baixo suas expectativas tanto para a infla\u00e7\u00e3o quanto para o crescimento econ\u00f4mico este ano e passou a ver expans\u00e3o de menos de 0,50% em 2022, mas manteve o cen\u00e1rio em rela\u00e7\u00e3o \u00e0 pol\u00edtica monet\u00e1ria, de acordo com a pesquisa Focus divulgada nesta segunda-feira pelo Banco Central.<\/p>\n\n\n\n<p>O levantamento semanal mostrou que agora a expectativa \u00e9 de que 2021 termine com uma infla\u00e7\u00e3o acumulada de 10,02%, contra 10,04% calculada antes, forte estouro da meta \u2013 que \u00e9 de 3,75% com margem de toler\u00e2ncia de 1,5 ponto percentual para mais ou menos.<\/p>\n\n\n\n<p>O IBGE divulga os dados de dezembro do <a href=\"https:\/\/investnews.com.br\/guias\/o-que-e-ipca\/\">IPCA<\/a> e portanto a infla\u00e7\u00e3o acumulada em 2021 no dia 11 de janeiro.<\/p>\n\n\n\n<p>Para 2022 a proje\u00e7\u00e3o no Focus para a infla\u00e7\u00e3o permaneceu em 5,03%, pouco acima do teto do objetivo, que \u00e9 de 3,50% tamb\u00e9m com margem de 1,5 ponto.<\/p>\n\n\n\n<p>Para o crescimento do Produto Interno Bruto, as contas ca\u00edram a 4,51% em 2021 e 0,42% em 2022, de respectivamente 4,58% e 0,50% na semana anterior.<\/p>\n\n\n\n<p>J\u00e1 para a taxa b\u00e1sica de juros Selic permaneceu a expectativa de que ela termine 2022 a 11,50% e ca\u00eda em 2023 a 8,0%, depois de encerrar este ano a 9,25%.<\/p>\n\n\n\n<p>Veja abaixo as principais proje\u00e7\u00f5es do mercado para a economia brasileira, de acordo com a pesquisa semanal do BC com cerca de 100 institui\u00e7\u00f5es financeiras:<\/p>\n\n\n\n<p><strong>Expectativas de mercado 2021 2021; 2022 2022 \/ Mediana h\u00e1 1 hoje; h\u00e1 1 hoje<\/strong> \/ <strong>Semana; semana<\/strong>:<\/p>\n\n\n\n<ul class=\"wp-block-list\"><li>IPCA (%) 10,04 10,02; 5,03 5,03.<\/li><li>PIB (%) 4,58 4,51; 0,50 0,42.<\/li><li>D\u00f3lar (fim de per\u00edodo-R$) 5,60 5,63; 5,57 5,60.<\/li><li>Selic (fim de per\u00edodo-% a.a.) &#8211; 11,50; 11,50.<\/li><li>Pre\u00e7os administrados (%) 17,28 17,17; 4,43 4,60.<\/li><li><a href=\"https:\/\/investnews.com.br\/financas\/conta-corrente-ou-poupanca\/\">Conta corrente<\/a> (US$ bi) -19,99 -20,00; -21,50 -21,25.<\/li><li>Balan\u00e7a comercial (US$ bi) 59,09 59,15; 55,25 55,00.<\/li><li>IDP (US$ bi) 51,25 52,00; 57,55 58,00.<\/li><li>D\u00edvida l\u00edquida p\u00fablica (%\/PIB) 58,90 58,90; 63,00 63,00.<\/li><\/ul>\n\n\n\n<h2 class=\"wp-block-heading\"><strong>2 &#8211; SP: quase 800 mil n\u00e3o tomaram a 2\u00aa dose da vacina contra covid-19<\/strong><\/h2>\n\n\n\n<p>A capital paulista tem quase 800 mil pessoas sem a segunda dose da vacina contra a covid-19. De acordo com a <strong>Secretaria Municipal da Sa\u00fade (SMS)<\/strong>, cerca de 773 mil cidad\u00e3os acima de 18 anos, por algum motivo, deixaram de receber a segunda dose da imuniza\u00e7\u00e3o. A secretaria informou que realiza diariamente busca ativa para refor\u00e7ar a necessidade de completar o ciclo vacinal contra a doen\u00e7a.<\/p>\n\n\n\n<p>A secretaria acrescenta que cerca de 1,8 milh\u00e3o de pessoas est\u00e3o aptas a receberem a dose adicional (DA) da vacina.<\/p>\n\n\n\n<p>At\u00e9 o \u00faltimo s\u00e1bado (25), a capital paulista contabilizava 23.667.330 doses de vacinas de covid-19 aplicadas, sendo 10.669.929 primeiras doses (D1), 9.902.496 segundas doses (D2), 332.332 doses \u00fanicas (DUs) e 2.762.573 doses adicionais (DAs).<\/p>\n\n\n\n<p>A cobertura vacinal da popula\u00e7\u00e3o com mais de 18 anos est\u00e1 em 109,1% para primeira dose e dose \u00fanica, em 103,1% para segunda dose e dose \u00fanica e em 29,9% para dose adicional.<\/p>\n\n\n\n<p>Em adolescentes de 12 a 17 anos, foram aplicadas 927.686 (D1), representando uma cobertura vacinal de 109,9%. Tamb\u00e9m foram aplicadas 716.824 (D2), alcan\u00e7ando 84,9% do p\u00fablico eleg\u00edvel.<br><\/p>\n\n\n\n<h2 class=\"wp-block-heading\"><strong>3 &#8211; Apostador tem at\u00e9 sexta-feira para jogar na Mega da Virada<\/strong><\/h2>\n\n\n\n<p>Com um pr\u00eamio estimado em R$ 350 milh\u00f5es, pela Caixa Econ\u00f4mica Federal, o apostador tem at\u00e9 as 17h (hor\u00e1rio de Bras\u00edlia) da pr\u00f3xima sexta-feira (31), dia do sorteio, para fazer o seu jogo nas casas lot\u00e9ricas credenciadas pela Caixa, em todo o pa\u00eds ou pela internet.<\/p>\n\n\n\n<p>Em sua 13\u00aa edi\u00e7\u00e3o, a Mega da Virada 2021, concurso n\u00ba 2.440 da Mega-Sena, ter\u00e1 o sorteio das seis dezenas realizado a partir das 20h (hor\u00e1rio de Bras\u00edlia). A aposta simples, com seis dezenas marcadas, custa R$ 4,50.<\/p>\n\n\n\n<p>De acordo com a Caixa, Mega da Virada n\u00e3o acumula. Se n\u00e3o houver ganhadores na faixa principal, com o acerto de seis n\u00fameros, o pr\u00eamio ser\u00e1 dividido entre os acertadores da segunda faixa (com o acerto de cinco n\u00fameros) e assim por diante, conforme as faixas de premia\u00e7\u00e3o.<br><\/p>\n\n\n\n<h2 class=\"wp-block-heading\"><strong>4 &#8211; Microsoft junta-se ao Google, Amazon e outros e cancela participa\u00e7\u00e3o na CES<\/strong><\/h2>\n\n\n\n<p>A <strong>Microsoft <\/strong>(<a href=\"https:\/\/investnews.com.br\/cotacao\/msft34-microsoft-corporation\/\">MSFT34<\/a>)<strong> <\/strong>informou que n\u00e3o participar\u00e1 da <strong>Consumer Electronics Show (CES)<\/strong> 2022, em Las Vegas, juntando-se a uma lista de empresas que optaram por n\u00e3o ter presen\u00e7a f\u00edsica no evento do pr\u00f3ximo m\u00eas, preocupadas com a r\u00e1pida dissemina\u00e7\u00e3o da variante \u00f4micron do coronav\u00edrus.<\/p>\n\n\n\n<p>A gigante norte-americana do software acrescentou que continuar\u00e1 a participar da CES remotamente, de acordo com um comunicado enviado por e-mail.<\/p>\n\n\n\n<p>V\u00e1rias outras empresas, incluindo a fabricante de autom\u00f3veis <strong>General Motors O <\/strong>(<a href=\"https:\/\/investnews.com.br\/cotacao\/gmco34-general-motors-company\/\">GMCO34<\/a>), a <strong>Google<\/strong> (<a href=\"https:\/\/investnews.com.br\/cotacao\/gogl34-gogl35-alphabet-google\/\">GOGL34<\/a>) e sua empresa de tecnologia automotiva aut\u00f4noma <strong>Waymo<\/strong>, <strong>Meta<\/strong>, <strong>Twitter<\/strong> (T<a href=\"https:\/\/investnews.com.br\/cotacao\/twtr34\/\">WTR34<\/a>), <strong>Lenovo<\/strong>, <strong>AT&amp;T<\/strong> e a <strong>Amazon<\/strong> (<a href=\"https:\/\/investnews.com.br\/cotacao\/amzo34-amazon\/\">AMZO34<\/a>) cancelaram os planos de participa\u00e7\u00e3o presencial no in\u00edcio desta semana.<\/p>\n\n\n\n<p>Funcion\u00e1rios do CES disseram na quinta-feira que o evento ainda ser\u00e1 realizado presencialmente de 5 a 8 de janeiro com &#8220;fortes medidas de seguran\u00e7a em vigor&#8221;, que incluem requisitos de vacina\u00e7\u00e3o, mascaramento e disponibilidade de testes covid-19.<br><\/p>\n\n\n\n<h2 class=\"wp-block-heading\"><strong>5 &#8211; Confian\u00e7a da Ind\u00fastria cai 2,0 pontos em dezembro, diz FGV; queda \u00e9 a 5\u00aa seguida<\/strong><\/h2>\n\n\n\n<p>O \u00cdndice de Confian\u00e7a da Ind\u00fastria (ICI) apresentou queda de 2,0 pontos em dezembro na compara\u00e7\u00e3o com novembro, a 100,1 pontos, informou nesta segunda-feira (27) o <strong>Instituto Brasileiro de Economia da Funda\u00e7\u00e3o Getulio Vargas (Ibre\/FGV)<\/strong>. No m\u00eas anterior, o indicador, com ajuste sazonal, havia recuado 3,1 pontos. O indicador totalizou recuo de 14,8 pontos em 2021, ap\u00f3s registrar 114,9 pontos em dezembro de 2020.<\/p>\n\n\n\n<p>A quinta queda consecutiva reflete problemas que se estenderam ao longo do ano, como press\u00e3o nos custos, escassez de insumos e incerteza elevada, explica em nota a economista Claudia Perdig\u00e3o, do FGV\/Ibre. &#8220;Al\u00e9m disso, desemprego e infla\u00e7\u00e3o comprimem a demanda das fam\u00edlias, o que influencia n\u00e3o apenas a avalia\u00e7\u00e3o da situa\u00e7\u00e3o corrente, mas tamb\u00e9m torna as proje\u00e7\u00f5es para 2022 mais cautelosas&#8221;, acrescenta.<\/p>\n\n\n\n<p>O \u00cdndice de Situa\u00e7\u00e3o Atual (ISA) caiu 2,7 pontos, para 101,0 pontos, menor valor desde agosto de 2020 (97,8). O recuo do ISA foi puxado pela queda de 6,4 pontos na situa\u00e7\u00e3o presente dos neg\u00f3cios, que chegou a 95,8 pontos, no menor patamar desde julho de 2020 (87,0).<\/p>\n\n\n\n<p>O \u00cdndice de Expectativas (IE), por sua vez, recuou 1,2 ponto, para 99,1, no menor n\u00edvel desde maio deste ano (99,0). Entre as aberturas do IE, a maior redu\u00e7\u00e3o se deu em emprego previsto para os pr\u00f3ximos meses, que caiu 2,0 pontos, para 101,8, enquanto as perspectivas sobre a produ\u00e7\u00e3o para os pr\u00f3ximos tr\u00eas meses contra\u00edram 1,1 ponto, para 98,8. J\u00e1 a tend\u00eancia dos neg\u00f3cios para os pr\u00f3ximos seis meses recuaram 0,6 ponto, para 96,6.<\/p>\n\n\n\n<p>O N\u00edvel de Utiliza\u00e7\u00e3o da Capacidade Instalada (Nuci) cedeu 1,0 ponto porcentual, para 79,7%, mesmo n\u00edvel observado em agosto. O Nuci ficou levemente acima do patamar em que encerrou 2020, a 79,3%.<\/p>\n\n\n\n<p>O levantamento contou com informa\u00e7\u00f5es de 1.051 empresas entre os dias 1\u00ba e 22 deste m\u00eas. A pr\u00f3xima divulga\u00e7\u00e3o da Sondagem da Ind\u00fastria ocorrer\u00e1 em 27 de janeiro de 2022.<\/p>\n\n\n\n<p><em>Com informa\u00e7\u00f5es da Ag\u00eancia Brasil, Estad\u00e3o Conte\u00fado e Reuters.<\/em><\/p>\n\n\n\n<h4 class=\"wp-block-heading\"><strong>Veja tamb\u00e9m<\/strong><\/h4>\n\n\n\n<ul class=\"wp-block-list\"><li>O que esperar para a&nbsp;<a rel=\"noreferrer noopener\" target=\"_blank\" href=\"https:\/\/investnews.com.br\/economia\/economia-do-brasil-em-2022\/\">economia do Brasil em 2022<\/a>? Veja 8 pontos<\/li><li>Ap\u00f3s&nbsp;<a rel=\"noreferrer noopener\" target=\"_blank\" href=\"https:\/\/investnews.com.br\/cafeina\/apos-compra-de-cruzeiro-por-ronaldo-time-pode-ter-acoes-na-b3\/\">compra de Cruzeiro por Ronaldo<\/a>, time pode ter a\u00e7\u00f5es na B3?<\/li><li><a rel=\"noreferrer noopener\" target=\"_blank\" href=\"https:\/\/investnews.com.br\/colunistas\/sos-financas\/tesouro-prefixado-esta-pagando-mais-de-10-ao-ano-vale-a-pena\/\">Tesouro Prefixado<\/a>&nbsp;est\u00e1 pagando mais de 10% ao ano: vale a pena?<\/li><li>Lista mostra os&nbsp;<a rel=\"noreferrer noopener\" target=\"_blank\" href=\"https:\/\/investnews.com.br\/economia\/bdrs-dividendos-2021\/\">BDRs que mais pagaram dividendos<\/a>&nbsp;em 2021<br><\/li><\/ul>\n","protected":false},"excerpt":{"rendered":"<p>Mercado passa a ver crescimento econ\u00f4mico abaixo de 0,5% em 2022; em SP, quase 800 mil n\u00e3o tomaram a 2\u00aa dose da vacina contra covid-19.<\/p>\n","protected":false},"author":51,"featured_media":296125,"comment_status":"closed","ping_status":"open","sticky":false,"template":"","format":"standard","meta":{"_acf_changed":false,"inline_featured_image":false,"footnotes":""},"categories":[5],"tags":[499,328],"autor-wsj":[],"coauthors":[2425],"class_list":["post-296119","post","type-post","status-publish","format-standard","has-post-thumbnail","hentry","category-economia","tag-economia","tag-microsoft"],"acf":[],"amp_enabled":true,"_links":{"self":[{"href":"https:\/\/investnews.com.br\/inv-api\/wp\/v2\/posts\/296119","targetHints":{"allow":["GET"]}}],"collection":[{"href":"https:\/\/investnews.com.br\/inv-api\/wp\/v2\/posts"}],"about":[{"href":"https:\/\/investnews.com.br\/inv-api\/wp\/v2\/types\/post"}],"author":[{"embeddable":true,"href":"https:\/\/investnews.com.br\/inv-api\/wp\/v2\/users\/51"}],"replies":[{"embeddable":true,"href":"https:\/\/investnews.com.br\/inv-api\/wp\/v2\/comments?post=296119"}],"version-history":[{"count":7,"href":"https:\/\/investnews.com.br\/inv-api\/wp\/v2\/posts\/296119\/revisions"}],"predecessor-version":[{"id":296168,"href":"https:\/\/investnews.com.br\/inv-api\/wp\/v2\/posts\/296119\/revisions\/296168"}],"wp:featuredmedia":[{"embeddable":true,"href":"https:\/\/investnews.com.br\/inv-api\/wp\/v2\/media\/296125"}],"wp:attachment":[{"href":"https:\/\/investnews.com.br\/inv-api\/wp\/v2\/media?parent=296119"}],"wp:term":[{"taxonomy":"category","embeddable":true,"href":"https:\/\/investnews.com.br\/inv-api\/wp\/v2\/categories?post=296119"},{"taxonomy":"post_tag","embeddable":true,"href":"https:\/\/investnews.com.br\/inv-api\/wp\/v2\/tags?post=296119"},{"taxonomy":"autor-wsj","embeddable":true,"href":"https:\/\/investnews.com.br\/inv-api\/wp\/v2\/autor-wsj?post=296119"},{"taxonomy":"author","embeddable":true,"href":"https:\/\/investnews.com.br\/inv-api\/wp\/v2\/coauthors?post=296119"}],"curies":[{"name":"wp","href":"https:\/\/api.w.org\/{rel}","templated":true}]}}