{"id":296398,"date":"2021-12-28T10:37:48","date_gmt":"2021-12-28T13:37:48","guid":{"rendered":"https:\/\/investnews.com.br\/?p=296398"},"modified":"2022-01-03T10:44:24","modified_gmt":"2022-01-03T13:44:24","slug":"ibovespa-dolar-cotacao-28-12-2021","status":"publish","type":"post","link":"https:\/\/investnews.com.br\/financas\/ibovespa-dolar-cotacao-28-12-2021\/","title":{"rendered":"Ibovespa fecha em queda e perde os 105 mil pontos; d\u00f3lar encerra est\u00e1vel"},"content":{"rendered":"\n<p>O <strong>Ibovespa<\/strong>, principal \u00edndice da bolsa de valores, fechou em queda nesta ter\u00e7a-feira (28),  &nbsp;em meio a um cen\u00e1rio externo misto. J\u00e1 o <strong>d\u00f3lar<\/strong> encerrou praticamente est\u00e1vel contra o real, em sess\u00e3o sem grandes catalisadores e de baixa liquidez devido \u00e0 aproxima\u00e7\u00e3o do final do ano, com a dissemina\u00e7\u00e3o global da covid-19 e a sa\u00fade fiscal do Brasil no radar de investidores.<\/p>\n\n\n\n<p>O Ibovespa recuou 0,65%, aos<strong> 104.864 pontos<\/strong>. O d\u00f3lar encerrou em leve alta de 0,02%, cotado a <strong>R$ 5,6396.&nbsp;<\/strong><\/p>\n\n\n\n<ul class=\"wp-block-list\"><li>Cota\u00e7\u00e3o do <a href=\"https:\/\/investnews.com.br\/cotacao\/\">Ibovespa hoje<\/a><\/li><li>Cota\u00e7\u00e3o do <a href=\"https:\/\/investnews.com.br\/cotacao\/cambio\/\">d\u00f3lar hoje<\/a><\/li><li>Cota\u00e7\u00e3o de <a href=\"https:\/\/investnews.com.br\/cotacao\/criptomoedas\/\">criptomoedas hoje<\/a><\/li><\/ul>\n\n\n\n<h2 class=\"wp-block-heading\">C\u00e2mbio<\/h2>\n\n\n\n<p>O destaque da sess\u00e3o desta ter\u00e7a-feira (28), segundo participantes do mercado, foi o baixo volume de neg\u00f3cios devido \u00e0 aproxima\u00e7\u00e3o do final do ano, o que explicaria o vaiv\u00e9m da moeda visto mais cedo.<\/p>\n\n\n\n<p>&#8220;Importante ratificar que estamos em uma semana de <strong>baix\u00edssima liquidez nos mercados financeiros<\/strong>, por ser a \u00faltima do ano, e acaba sendo dif\u00edcil termos alguma &#8216;tra\u00e7\u00e3o&#8217; ou movimento que de fato nos traga para algum novo patamar&#8221;, disse \u00e0 Reuters Fernando Bergallo, diretor de opera\u00e7\u00f5es da assessoria de c\u00e2mbio FB Capital. &#8220;Devemos encerrar o ano assim, a despeito dos dois preg\u00f5es que ainda temos na semana.&#8221;<\/p>\n\n\n\n<p>Ele afirmou que a movimenta\u00e7\u00e3o no <a href=\"https:\/\/investnews.com.br\/guias\/como-funciona-o-mercado-financeiro\/\">mercado de c\u00e2mbio<\/a> local est\u00e1 em linha com o comportamento internacional do d\u00f3lar, cujo \u00edndice frente a uma cesta de rivais fortes teve leve alta na tarde desta ter\u00e7a-feira, depois de passar boa parte do dia perto da estabilidade.<\/p>\n\n\n\n<figure class=\"wp-block-embed-youtube wp-block-embed is-type-video is-provider-youtube wp-embed-aspect-16-9 wp-has-aspect-ratio\"><div class=\"wp-block-embed__wrapper\">\n<iframe loading=\"lazy\" title=\"Previs\u00f5es para o d\u00f3lar: o que se esperava e o que aconteceu em 2021\" width=\"500\" height=\"281\" src=\"https:\/\/www.youtube.com\/embed\/1HFr7L3bDvg?feature=oembed\" frameborder=\"0\" allow=\"accelerometer; autoplay; clipboard-write; encrypted-media; gyroscope; picture-in-picture; web-share\" referrerpolicy=\"strict-origin-when-cross-origin\" allowfullscreen><\/iframe>\n<\/div><\/figure>\n\n\n\n<h2 class=\"wp-block-heading\">Cen\u00e1rio externo<\/h2>\n\n\n\n<p>O clima foi de menor preocupa\u00e7\u00e3o com a <strong>variante \u00f4micron <\/strong>do coronav\u00edrus e suas consequ\u00eancias econ\u00f4micas, o que deu algum suporte a ativos mais arriscados, como as a\u00e7\u00f5es europeias e algumas moedas latino-americanas.<\/p>\n\n\n\n<p>&#8220;A pandemia est\u00e1 sendo lida como mais uma &#8216;onda&#8217; pontual&#8221;, comentou em blog Dan Kawa, CEO da TAG Investimentos, sobre o ambiente benigno para ativos considerados arriscados, citando &#8220;cen\u00e1rio de curto prazo mais construtivo, mas com riscos ainda elevados e crescentes de longo prazo&#8221;.<\/p>\n\n\n\n<p>Entre os pontos de cautela, ele apontou a infla\u00e7\u00e3o global e a redu\u00e7\u00e3o dos est\u00edmulos de grandes bancos centrais.<\/p>\n\n\n\n<h2 class=\"wp-block-heading\">No Brasil<\/h2>\n\n\n\n<p>Na cena fiscal, ficou no radar do mercado a <strong>entrega de cargos por auditores da Receita Federal<\/strong>, na esteira de aprova\u00e7\u00e3o no Congresso de <strong>Or\u00e7amento de 2022<\/strong> com uma reserva de R$ 1,7 bilh\u00e3o para reajustar sal\u00e1rios de policiais. Segundo o Sindifisco, a libera\u00e7\u00e3o desses recursos foi poss\u00edvel por meio de cortes nas verbas da Receita em 2022. <\/p>\n\n\n\n<p>Segundo nota de Victor Guglielmi, economista da Guide Investimentos, a greve dos funcion\u00e1rios da Receita, bem como as negocia\u00e7\u00f5es em torno reajustes do funcionalismo p\u00fablico, deve &#8220;sustentar cautela no in\u00edcio de 2022&#8221;. <\/p>\n\n\n\n<p>Al\u00e9m disso, foi divulgada da<strong> <a href=\"https:\/\/investnews.com.br\/economia\/taxa-de-desemprego-fica-em-121-no-trimestre-ate-outubro-revela-ibge\/\" class=\"rank-math-link\">taxa de desemprego<\/a><\/strong> no Brasil, que recuou para 12,1% no trimestre encerrado em outubro, menor patamar desde fevereiro de 2020, segundo o Instituto Brasileiro de Geografia e Estat\u00edstica (IBGE).<\/p>\n\n\n\n<p>A queda da taxa de desocupa\u00e7\u00e3o se deu em paralelo a uma nova retra\u00e7\u00e3o da renda real dos trabalhadores, que vem sofrendo o impacto da <strong>infla\u00e7\u00e3o acelerada<\/strong> em meio \u00e0 reabertura da economia ap\u00f3s a fase mais aguda da <strong>pandemia da covid-19.<\/strong><\/p>\n\n\n\n<p>O dia tamb\u00e9m teve informa\u00e7\u00f5es importantes divulgadas pelo <strong>Minist\u00e9rio da Sa\u00fade<\/strong>, que constatou que foram confirmados <a href=\"https:\/\/investnews.com.br\/geral\/5-fatos-para-hoje-74-casos-de-omicron-no-brasil-68-mil-novos-casos-de-covid\/\" class=\"rank-math-link\">74 casos no Brasil da nova variante do coronav\u00edrus<\/a>, a \u00f4micron. Em 24 horas, desde o boletim divulgado na \u00faltima segunda-feira, autoridades de sa\u00fade registraram 6.840 novos diagn\u00f3sticos positivos da covid-19.<\/p>\n\n\n\n<p>A <strong>Funda\u00e7\u00e3o Getulio Vargas (FGV<\/strong>) tamb\u00e9m divulgou nesta ter\u00e7a-feira que o \u00cdndice de Confian\u00e7a de Servi\u00e7os (ICS) caiu 1,3 ponto em dezembro, para 95,5 pontos \u2014 segunda queda consecutiva. Al\u00e9m disso, o \u00cdndice de Confian\u00e7a do Com\u00e9rcio (Icom) tamb\u00e9m foi divulgado, ele recuou 2,7 pontos na passagem de novembro para dezembro, para 85,3 pontos \u2013 em m\u00e9dias m\u00f3veis trimestrais, o indicador caiu 2,9 pontos.<\/p>\n\n\n\n<h2 class=\"wp-block-heading\">Destaques da bolsa<\/h2>\n\n\n\n<p>A <strong><a class=\"rank-math-link\" href=\"https:\/\/investnews.com.br\/tag\/vale\/\">Vale<\/a><\/strong> (<a href=\"https:\/\/investnews.com.br\/cotacao\/vale3-vale\/\" class=\"rank-math-link\">VALE3<\/a>)  foi a principal contribui\u00e7\u00e3o negativa para o Ibovespa, na esteira da desvaloriza\u00e7\u00e3o do <strong>min\u00e9rio de ferro<\/strong>.&nbsp;Os contratos futuros do min\u00e9rio cederem 3,4% em Dalian, devido a preocupa\u00e7\u00f5es com excesso de oferta, j\u00e1 que as usinas retomar\u00e3o a produ\u00e7\u00e3o nos pr\u00f3ximos meses. Os pap\u00e9is da mineradora encerraram em queda de 2,72%.<\/p>\n\n\n\n<p>Ainda sobre a Vale, houve contratempo nas negocia\u00e7\u00f5es envolvendo sua joint venture <strong><a href=\"https:\/\/investnews.com.br\/negocios\/samarco-e-credores-falham-em-conversas-para-acordo-negociacoes-devem-continuar\/\" class=\"rank-math-link\">Samarco<\/a><\/strong> &#8211; em conjunto com o grupo anglo-australiano BHP &#8211; com credores em conversas para um <strong>acordo de <a href=\"https:\/\/investnews.com.br\/guias\/recuperacao-judicial\/\">recupera\u00e7\u00e3o judicial<\/a><\/strong>. <\/p>\n\n\n\n<p>J\u00e1 a&nbsp;<strong>Petrobras<\/strong>&nbsp;(<a rel=\"noreferrer noopener\" href=\"https:\/\/investnews.com.br\/cotacao\/petr3-petr4-petrobras\/\" target=\"_blank\">PETR3<\/a>,&nbsp;<a rel=\"noreferrer noopener\" href=\"https:\/\/investnews.com.br\/cotacao\/petr3-petr4-petrobras\/\" target=\"_blank\">PETR4<\/a>) teve leve alta. A a\u00e7\u00e3o preferencial da estatal fechou com avan\u00e7o de 0,10%. A empresa assinou com a&nbsp;<strong>Aguila Energia e Participa\u00e7\u00f5es<\/strong>, em conjunto com a&nbsp;<strong>Sonangol Hidrocarbonetos Brasil<\/strong>, contrato para a venda da participa\u00e7\u00e3o no bloco explorat\u00f3rio terrestre POT-T-794, na Bacia do Potiguar, em conjunto com a Sonangol. O valor da venda foi de US$ 750 mil. <\/p>\n\n\n\n<h2 class=\"wp-block-heading\">Bolsas mundiais <\/h2>\n\n\n\n<h3 class=\"wp-block-heading\">Wall Street<\/h3>\n\n\n\n<p> O <strong>S&amp;P 500<\/strong> fechou em leve baixa ap\u00f3s bater um recorde intradi\u00e1rio nesta ter\u00e7a-feira, conforme um rali de quatro dias perdeu for\u00e7a em negocia\u00e7\u00f5es com baixo volume e investidores repercutiram interrup\u00e7\u00f5es de viagens e fechamentos de lojas causadas pela \u00d4micron. <\/p>\n\n\n\n<p>Sete dos 11 principais \u00edndices setoriais do S&amp;P 500 subiram nesta ter\u00e7a-feira. Tecnologia e Servi\u00e7os de Comunica\u00e7\u00f5es lideraram quedas.<\/p>\n\n\n\n<p>O \u00edndice fechou em baixa de 0,10%, a 4,786.35 pontos. O Dow Jones subiu 0,26%, a 36,398.21 pontos. O Nasdaq cedeu 0,56%, a 15,781.72 pontos.<\/p>\n\n\n\n<h3 class=\"wp-block-heading\">Europa<\/h3>\n\n\n\n<p>As a\u00e7\u00f5es europeias fecharam em alta, impulsionadas por fortes ganhos de Wall Street, mesmo com a perman\u00eancia de preocupa\u00e7\u00f5es com a \u00f4micron enquanto a Fran\u00e7a aumenta as restri\u00e7\u00f5es e os casos de covid-19 na Espanha e Reino Unido sobem. O \u00edndice pan-europeu<strong> STOXX 600<\/strong> ganhou 0,62%, a 488,50 pontos, maior patamar em cinco semanas.<\/p>\n\n\n\n<ul class=\"wp-block-list\"><li>Em LONDRES, o \u00edndice Financial Times recuou 0,02%, a 7.372,10 pontos.<\/li><li>Em FRANKFURT, o \u00edndice DAX subiu 0,81%, a 15.963,70 pontos.<\/li><li>Em PARIS, o \u00edndice CAC-40 ganhou 0,57%, a 7.181,11 pontos.<\/li><li>Em MIL\u00c3O, o \u00edndice Ftse\/Mib teve valoriza\u00e7\u00e3o de 0,78%, a 27.444,93 pontos.<\/li><li>Em MADRI, o \u00edndice Ibex-35 registrou alta de 0,77%, a 8.688,90 pontos.<\/li><li>Em LISBOA, o \u00edndice PSI20 valorizou-se 0,47%, a 5.560,79 pontos.<\/li><\/ul>\n\n\n\n<p><em>( * Com informa\u00e7\u00f5es da Reuters<\/em>)<\/p>\n\n\n\n<h4 class=\"wp-block-heading\"><strong>Veja tamb\u00e9m&nbsp;<\/strong><\/h4>\n\n\n\n<ul class=\"wp-block-list\"><li>Retrospectiva: a\u00e7\u00f5es, FIIs, <a href=\"https:\/\/investnews.com.br\/guias\/renda-fixa-o-que-e\/\">renda fixa<\/a> e\u00a0<a rel=\"noreferrer noopener\" target=\"_blank\" href=\"https:\/\/investnews.com.br\/financas\/retrospectiva-melhores-investimentos-em-2021\/\">melhores investimentos em 2021<\/a><\/li><li>As\u00a0<a rel=\"noreferrer noopener\" target=\"_blank\" href=\"https:\/\/investnews.com.br\/cafeina\/as-empresas-de-petroleo-mais-lucrativas-de-2021\/\">empresas de petr\u00f3leo mais lucrativas<\/a>\u00a0de 2021<\/li><li>O que \u00e9 e como funciona e <a href=\"https:\/\/investnews.com.br\/guias\/dolar-ptax-o-que-e\/\">D\u00f3lar Ptax<\/a>, veja 9 perguntas e respostas<\/li><li>Veja 4 fatores por tr\u00e1s da alta das\u00a0<a rel=\"noreferrer noopener\" target=\"_blank\" href=\"https:\/\/investnews.com.br\/boletim-investnews\/veja-4-fatores-por-tras-da-alta-das-acoes-do-varejo\/\">a\u00e7\u00f5es do varejo<\/a><\/li><\/ul>\n","protected":false},"excerpt":{"rendered":"<p>Queda das a\u00e7\u00f5es da Vale ajudou a puxar o \u00edndice para baixo nesta ter\u00e7a-feira.<\/p>\n","protected":false},"author":7,"featured_media":288740,"comment_status":"closed","ping_status":"open","sticky":false,"template":"","format":"standard","meta":{"_acf_changed":false,"inline_featured_image":false,"footnotes":""},"categories":[4],"tags":[226,26],"autor-wsj":[],"coauthors":[1494],"class_list":["post-296398","post","type-post","status-publish","format-standard","has-post-thumbnail","hentry","category-financas","tag-bolsa-de-valores","tag-dolar"],"acf":[],"amp_enabled":true,"_links":{"self":[{"href":"https:\/\/investnews.com.br\/inv-api\/wp\/v2\/posts\/296398","targetHints":{"allow":["GET"]}}],"collection":[{"href":"https:\/\/investnews.com.br\/inv-api\/wp\/v2\/posts"}],"about":[{"href":"https:\/\/investnews.com.br\/inv-api\/wp\/v2\/types\/post"}],"author":[{"embeddable":true,"href":"https:\/\/investnews.com.br\/inv-api\/wp\/v2\/users\/7"}],"replies":[{"embeddable":true,"href":"https:\/\/investnews.com.br\/inv-api\/wp\/v2\/comments?post=296398"}],"version-history":[{"count":45,"href":"https:\/\/investnews.com.br\/inv-api\/wp\/v2\/posts\/296398\/revisions"}],"predecessor-version":[{"id":297123,"href":"https:\/\/investnews.com.br\/inv-api\/wp\/v2\/posts\/296398\/revisions\/297123"}],"wp:featuredmedia":[{"embeddable":true,"href":"https:\/\/investnews.com.br\/inv-api\/wp\/v2\/media\/288740"}],"wp:attachment":[{"href":"https:\/\/investnews.com.br\/inv-api\/wp\/v2\/media?parent=296398"}],"wp:term":[{"taxonomy":"category","embeddable":true,"href":"https:\/\/investnews.com.br\/inv-api\/wp\/v2\/categories?post=296398"},{"taxonomy":"post_tag","embeddable":true,"href":"https:\/\/investnews.com.br\/inv-api\/wp\/v2\/tags?post=296398"},{"taxonomy":"autor-wsj","embeddable":true,"href":"https:\/\/investnews.com.br\/inv-api\/wp\/v2\/autor-wsj?post=296398"},{"taxonomy":"author","embeddable":true,"href":"https:\/\/investnews.com.br\/inv-api\/wp\/v2\/coauthors?post=296398"}],"curies":[{"name":"wp","href":"https:\/\/api.w.org\/{rel}","templated":true}]}}