{"id":296430,"date":"2021-12-28T13:10:53","date_gmt":"2021-12-28T16:10:53","guid":{"rendered":"https:\/\/investnews.com.br\/?p=296430"},"modified":"2021-12-28T13:12:36","modified_gmt":"2021-12-28T16:12:36","slug":"samarco-e-credores-falham-em-conversas-para-acordo-negociacoes-devem-continuar","status":"publish","type":"post","link":"https:\/\/investnews.com.br\/negocios\/samarco-e-credores-falham-em-conversas-para-acordo-negociacoes-devem-continuar\/","title":{"rendered":"Samarco e credores falham em conversas para acordo"},"content":{"rendered":"\n<p>\u00a0A\u00a0<strong>Samarco<\/strong>, joint venture da brasileira <strong>Vale<\/strong> (<a class=\"rank-math-link\" href=\"https:\/\/investnews.com.br\/cotacao\/vale3-vale\/\">VALE3<\/a>) com o grupo anglo-australiano BHP, e seus credores falharam em conversas para um acordo de recupera\u00e7\u00e3o judicial em um primeiro momento, mas as negocia\u00e7\u00f5es devem continuar, informaram ambos em comunicados separados nesta segunda-feira.<\/p>\n\n\n\n<p>Uma primeira proposta feita pela companhia havia sido rejeitada pelos credores em julho.<\/p>\n\n\n\n<p>Posteriormente, os dois lados fizeram novas propostas, mas sem entrar em um acordo durante negocia\u00e7\u00f5es.<\/p>\n\n\n\n<p>Em nota, a&nbsp;Samarco&nbsp;afirmou que &#8220;continua interessada em se envolver em uma reestrutura\u00e7\u00e3o consensual de sua d\u00edvida com o Grupo Ad Hoc e espera retomar as negocia\u00e7\u00f5es com o Grupo Ad Hoc no devido tempo&#8221;.<\/p>\n\n\n\n<p>J\u00e1 o Grupo Ad Hoc, que re\u00fane detentores de d\u00edvida da&nbsp;Samarco, afirmou em um comunicado separado que acredita na capacidade da&nbsp;Samarco&nbsp;de se recuperar, &#8220;gerando resultados para todos os seus stakeholders &#8212; entre eles seus milhares de funcion\u00e1rios e o Estado de Minas Gerais&#8221;.<\/p>\n\n\n\n<p>&#8220;Como Vale e BHP n\u00e3o compartilham dessa vis\u00e3o, a solu\u00e7\u00e3o deve incluir a correta aloca\u00e7\u00e3o de responsabilidades pela trag\u00e9dia do Fund\u00e3o, com um novo bloco de controle assumindo ap\u00f3s a aprova\u00e7\u00e3o de um plano alternativo de recupera\u00e7\u00e3o judicial&#8221;, afirmou.<\/p>\n\n\n\n<p>Procuradas, Vale e BHP n\u00e3o responderam imediatamente a pedidos de coment\u00e1rios.<\/p>\n\n\n\n<p>A&nbsp;Samarco&nbsp;teve seu <a href=\"https:\/\/investnews.com.br\/guias\/recuperacao-judicial\/\">pedido de recupera\u00e7\u00e3o judicial<\/a> deferido pela justi\u00e7a em abril deste ano. Em outubro, a Justi\u00e7a permitiu uma prorroga\u00e7\u00e3o do per\u00edodo de prote\u00e7\u00e3o contra a\u00e7\u00f5es de execu\u00e7\u00e3o de d\u00edvidas pelos credores, com novo prazo previsto para se encerrar em abril de 2022.<\/p>\n\n\n\n<p>O <strong>rompimento de uma barragem da\u00a0Samarco<\/strong>\u00a0em 2015 deixou 19 mortos e centenas de desabrigados, al\u00e9m de poluir o rio Doce em toda a sua extens\u00e3o at\u00e9 o mar capixaba, no que foi considerado \u00e0 \u00e9poca o maior desastre socioambiental da hist\u00f3ria do pa\u00eds e levou a empresa a graves problemas financeiros.<\/p>\n\n\n\n<h3 class=\"wp-block-heading\"><strong>Veja tamb\u00e9m&nbsp;<\/strong><\/h3>\n\n\n\n<ul class=\"wp-block-list\"><li>Retrospectiva: a\u00e7\u00f5es, <a href=\"https:\/\/investnews.com.br\/guias\/fundos-imobiliarios\/\">FIIs<\/a>, <a href=\"https:\/\/investnews.com.br\/guias\/renda-fixa-o-que-e\/\">renda fixa<\/a> e&nbsp;<a href=\"https:\/\/investnews.com.br\/financas\/retrospectiva-melhores-investimentos-em-2021\/\" target=\"_blank\" rel=\"noreferrer noopener\">melhores investimentos em 2021<\/a><\/li><li>As&nbsp;<a href=\"https:\/\/investnews.com.br\/cafeina\/as-empresas-de-petroleo-mais-lucrativas-de-2021\/\" target=\"_blank\" rel=\"noreferrer noopener\">empresas de petr\u00f3leo mais lucrativas<\/a>&nbsp;de 2021<\/li><li>Como&nbsp;<a href=\"https:\/\/investnews.com.br\/colunistas\/coluna-do-samy-dana\/como-manter-as-promessas-criadas-de-ano-novo\/\" target=\"_blank\" rel=\"noreferrer noopener\">manter as promessas<\/a>&nbsp;criadas para o ano novo?<\/li><li>Veja 4 fatores por tr\u00e1s da alta das&nbsp;<a href=\"https:\/\/investnews.com.br\/boletim-investnews\/veja-4-fatores-por-tras-da-alta-das-acoes-do-varejo\/\" target=\"_blank\" rel=\"noreferrer noopener\">a\u00e7\u00f5es do varejo<\/a><\/li><\/ul>\n","protected":false},"excerpt":{"rendered":"<p>Ambos informaram, no entanto, que as negocia\u00e7\u00f5es devem continuar.<\/p>\n","protected":false},"author":61,"featured_media":28892,"comment_status":"closed","ping_status":"open","sticky":false,"template":"","format":"standard","meta":{"_acf_changed":false,"inline_featured_image":false,"footnotes":""},"categories":[6],"tags":[208,2392],"autor-wsj":[],"coauthors":[2494],"class_list":["post-296430","post","type-post","status-publish","format-standard","has-post-thumbnail","hentry","category-negocios","tag-vale","tag-samarco"],"acf":[],"amp_enabled":true,"_links":{"self":[{"href":"https:\/\/investnews.com.br\/inv-api\/wp\/v2\/posts\/296430","targetHints":{"allow":["GET"]}}],"collection":[{"href":"https:\/\/investnews.com.br\/inv-api\/wp\/v2\/posts"}],"about":[{"href":"https:\/\/investnews.com.br\/inv-api\/wp\/v2\/types\/post"}],"author":[{"embeddable":true,"href":"https:\/\/investnews.com.br\/inv-api\/wp\/v2\/users\/61"}],"replies":[{"embeddable":true,"href":"https:\/\/investnews.com.br\/inv-api\/wp\/v2\/comments?post=296430"}],"version-history":[{"count":3,"href":"https:\/\/investnews.com.br\/inv-api\/wp\/v2\/posts\/296430\/revisions"}],"predecessor-version":[{"id":296436,"href":"https:\/\/investnews.com.br\/inv-api\/wp\/v2\/posts\/296430\/revisions\/296436"}],"wp:featuredmedia":[{"embeddable":true,"href":"https:\/\/investnews.com.br\/inv-api\/wp\/v2\/media\/28892"}],"wp:attachment":[{"href":"https:\/\/investnews.com.br\/inv-api\/wp\/v2\/media?parent=296430"}],"wp:term":[{"taxonomy":"category","embeddable":true,"href":"https:\/\/investnews.com.br\/inv-api\/wp\/v2\/categories?post=296430"},{"taxonomy":"post_tag","embeddable":true,"href":"https:\/\/investnews.com.br\/inv-api\/wp\/v2\/tags?post=296430"},{"taxonomy":"autor-wsj","embeddable":true,"href":"https:\/\/investnews.com.br\/inv-api\/wp\/v2\/autor-wsj?post=296430"},{"taxonomy":"author","embeddable":true,"href":"https:\/\/investnews.com.br\/inv-api\/wp\/v2\/coauthors?post=296430"}],"curies":[{"name":"wp","href":"https:\/\/api.w.org\/{rel}","templated":true}]}}