{"id":296797,"date":"2021-12-30T09:41:18","date_gmt":"2021-12-30T12:41:18","guid":{"rendered":"https:\/\/investnews.com.br\/?p=296797"},"modified":"2025-07-14T12:01:37","modified_gmt":"2025-07-14T15:01:37","slug":"5-fatos-para-hoje-rf-paga-lote-residual-irpf-antecipacao-de-saque-aniversario","status":"publish","type":"post","link":"https:\/\/investnews.com.br\/economia\/5-fatos-para-hoje-rf-paga-lote-residual-irpf-antecipacao-de-saque-aniversario\/","title":{"rendered":"5 fatos para hoje: RF paga lote residual IRPF; antecipa\u00e7\u00e3o de saque-anivers\u00e1rio"},"content":{"rendered":"\n<h2 class=\"wp-block-heading\">1 &#8211; <strong>Receita paga nesta quinta-feira lote residual de restitui\u00e7\u00f5es do IRPF 2021<\/strong><\/h2>\n\n\n\n<p>Cerca de 175 mil contribuintes que ca\u00edram na malha fina e acertaram as contas com o Fisco receberam nesta quinta-feira (30) R$ 285 milh\u00f5es de restitui\u00e7\u00e3o do <a href=\"https:\/\/investnews.com.br\/guias\/imposto-de-renda-o-que-e\/\">Imposto de Renda<\/a> Pessoa F\u00edsica (IRPF) de dezembro. O pagamento \u00e9 feito na conta informada na declara\u00e7\u00e3o do <a href=\"https:\/\/investnews.com.br\/guias\/imposto-de-renda-o-que-e\/\">Imposto de Renda<\/a>. A Receita Federal abriu consulta ao lote residual na quinta-feira (23) da semana passada.<\/p>\n\n\n\n<p>O lote contempla tanto restitui\u00e7\u00f5es da malha fina deste ano quanto de anos anteriores. Ao todo, 174.482 contribuintes deste ano foram contemplados. Desse total, 124.715 enviaram a declara\u00e7\u00e3o at\u00e9 22 de novembro e quitaram as pend\u00eancias com o Fisco. H\u00e1 ainda 11.367 contribuintes cuja maior fonte de renda \u00e9 o magist\u00e9rio, 4.183 idosos acima de 80 anos e 3.351 com alguma defici\u00eancia f\u00edsica ou mental ou doen\u00e7a grave.<\/p>\n\n\n\n<p>Caso o contribuinte n\u00e3o esteja na lista, dever\u00e1 entrar no Centro Virtual de Atendimento ao Contribuinte (e-CAC) e tirar o extrato da declara\u00e7\u00e3o. Se verificar uma pend\u00eancia, pode enviar uma declara\u00e7\u00e3o retificadora e esperar os pr\u00f3ximos lotes da malha fina.<\/p>\n\n\n\n<p>Se, por algum motivo, a restitui\u00e7\u00e3o n\u00e3o for depositada na conta informada na declara\u00e7\u00e3o, como no caso de conta desativada, os valores ficar\u00e3o dispon\u00edveis para resgate por at\u00e9 um ano no Banco do Brasil. Nesse caso, o cidad\u00e3o poder\u00e1 agendar o cr\u00e9dito em qualquer conta banc\u00e1ria em seu nome, por meio do Portal BB ou ligando para a Central de Relacionamento do banco, nos telefones 4004-0001 (capitais), 0800-729-0001 (demais localidades) e 0800-729-0088 (telefone especial exclusivo para deficientes auditivos).<\/p>\n\n\n\n<p>Caso o contribuinte n\u00e3o resgate o valor de sua restitui\u00e7\u00e3o depois de um ano, dever\u00e1 requerer o valor no Portal e-CAC. Ao entrar na p\u00e1gina, o cidad\u00e3o deve acessar o menu \u201cDeclara\u00e7\u00f5es e Demonstrativos\u201d, clicar em \u201cMeu Imposto de Renda\u201d e, em seguida, no campo &#8220;Solicitar restitui\u00e7\u00e3o n\u00e3o resgatada na rede banc\u00e1ria&#8221;.<\/p>\n\n\n\n<h2 class=\"wp-block-heading\">2 &#8211; <strong>Caixa oferece antecipa\u00e7\u00e3o saque-anivers\u00e1rio e reduz valor m\u00ednimo<\/strong><\/h2>\n\n\n\n<p>A Caixa Econ\u00f4mica Federal anunciou a redu\u00e7\u00e3o do valor m\u00ednimo para antecipa\u00e7\u00e3o do saque-anivers\u00e1rio do Fundo de Garantia do Tempo de Servi\u00e7o (<a href=\"https:\/\/investnews.com.br\/guias\/fgts-como-funciona-como-sacar\/\">FGTS<\/a>). Esse valor passou de R$ 2 mil para R$ 500. Al\u00e9m disso, o banco disponibilizou desde a \u00faltima quarta-feira (28) a antecipa\u00e7\u00e3o dessa modalidade de saque. Os trabalhadores podem antecipar at\u00e9 tr\u00eas anos do saque-anivers\u00e1rio de forma totalmente digital, diretamente pelo aplicativo Caixa Tem.<\/p>\n\n\n\n<p>O empr\u00e9stimo \u00e9 disponibilizado aos clientes que fizeram a ades\u00e3o ao saque-anivers\u00e1rio do FGTS, de contas ativas ou inativas do FGTS. Tamb\u00e9m \u00e9 preciso indicar a Caixa como institui\u00e7\u00e3o financeira autorizada a oferecer a linha de antecipa\u00e7\u00e3o do saque-anivers\u00e1rio, procedimento que tamb\u00e9m pode ser feito pelo Caixa Tem.<\/p>\n\n\n\n<p>Os valores antecipados ficam dispon\u00edveis ao cliente no dia \u00fatil seguinte \u00e0 contrata\u00e7\u00e3o. Na data do pagamento do saque-anivers\u00e1rio \u00e9 feito o d\u00e9bito de forma autom\u00e1tica na conta do FGTS do trabalhador, liquidando a opera\u00e7\u00e3o. Segundo a Caixa, n\u00e3o h\u00e1 impacto na capacidade de pagamento da pessoa ou na possibilidade de contratar outras linhas de cr\u00e9dito no banco.<\/p>\n\n\n\n<p>\u00c9 preciso estar com o Caixa Tem instalado no aparelho celular e o cadastro atualizado para solicitar a antecipa\u00e7\u00e3o. O banco n\u00e3o exige avalia\u00e7\u00e3o de risco de cr\u00e9dito, permitindo a contrata\u00e7\u00e3o mesmo para clientes com restri\u00e7\u00e3o cadastral. A taxa de juros \u00e9 de 1,49% ao m\u00eas.<\/p>\n\n\n\n<h2 class=\"wp-block-heading\">3 &#8211; <strong>Bolsonaro veta atendimento a todas as fam\u00edlias eleg\u00edveis no Aux\u00edlio Brasil<\/strong><\/h2>\n\n\n\n<p>O presidente Jair Bolsonaro sancionou a lei que institui o Aux\u00edlio Brasil, programa social que substitui o Bolsa Fam\u00edlia, mas vetou o trecho que previa a inclus\u00e3o autom\u00e1tica no programa de todas as fam\u00edlias eleg\u00edveis para receber o benef\u00edcio. Na pr\u00e1tica, o dispositivo rejeitado por Bolsonaro tinha como objetivo acabar com a fila de espera pelo benef\u00edcio, atendendo, portanto, todas as fam\u00edlias que cumprissem os requisitos exigidos.<\/p>\n\n\n\n<p>&#8220;As despesas do Programa Aux\u00edlio Brasil correr\u00e3o \u00e0 conta das dota\u00e7\u00f5es alocadas ao Programa, que dever\u00e3o ser suficientes para atender a todas as fam\u00edlias eleg\u00edveis aos benef\u00edcios de que tratam os incisos I, II, III e IV do caput do art. 4\u00ba desta Lei&#8221;, diz o trecho vetado.<\/p>\n\n\n\n<p>Segundo o governo federal, a proposi\u00e7\u00e3o contraria o interesse p\u00fablico, pois &#8220;alteraria a natureza da despesa do programa de transfer\u00eancia de renda do governo federal e acarretaria, consequentemente, a amplia\u00e7\u00e3o das despesas&#8221;.<\/p>\n\n\n\n<p>Bolsonaro tamb\u00e9m vetou o artigo que trazia metas para a redu\u00e7\u00e3o de taxas de pobreza no Pa\u00eds para os pr\u00f3ximos tr\u00eas anos. Pelo trecho, a taxa geral de pobreza deveria ser reduzida em 2022, 2023 e 2024 em 12%, 11% e 10%, respectivamente. E a taxa de extrema pobreza, em 6%, 4% e 3%. Nesse caso, o governo justificou o veto tamb\u00e9m alegando aumento de despesas, sem a devida estimativa do seu impacto or\u00e7ament\u00e1rio e a medida de compensa\u00e7\u00e3o correspondente.<\/p>\n\n\n\n<p>A san\u00e7\u00e3o e os vetos foram publicados no Di\u00e1rio Oficial da Uni\u00e3o (DOU) desta quinta-feira (30). O novo programa social tem tr\u00eas benef\u00edcios b\u00e1sicos e seis suplementares, que podem ser adicionados caso o benefici\u00e1rio consiga um emprego ou tenha um filho que se destaque em competi\u00e7\u00f5es esportivas ou em competi\u00e7\u00f5es cient\u00edficas e acad\u00eamicas.<\/p>\n\n\n\n<h2 class=\"wp-block-heading\">4 &#8211; <strong>FGV: confian\u00e7a empresarial cai 1,8 ponto em dezembro ante novembro, a 95,2 pontos<\/strong><\/h2>\n\n\n\n<p>O \u00cdndice de Confian\u00e7a Empresarial (ICE) caiu 1,8 ponto em dezembro na compara\u00e7\u00e3o com novembro, para 95,2 pontos, informou nesta quinta-feira (30) o Instituto Brasileiro de Economia da Funda\u00e7\u00e3o Getulio Vargas (FGV Ibre). Na m\u00e9dia do quarto trimestre, o \u00edndice recuou 3,9 pontos em rela\u00e7\u00e3o ao trimestre anterior, ap\u00f3s dois trimestres em alta.<\/p>\n\n\n\n<p>&#8220;A queda em dezembro da confian\u00e7a empresarial confirma o cen\u00e1rio de desacelera\u00e7\u00e3o no \u00faltimo trimestre do ano. O resultado negativo desse m\u00eas foi disseminado entre os setores e tamb\u00e9m ocorreu tanto na percep\u00e7\u00e3o sobre o momento atual quanto nas expectativas&#8221;, disse em nota Rodolpho Tobler, Economista do FGV Ibre.<\/p>\n\n\n\n<p>Ainda segundo o economista, a virada para o pr\u00f3ximo ano se mostra desafiadora, principalmente pelo ambiente macroecon\u00f4mico mais fr\u00e1gil. &#8220;Os efeitos negativos da pandemia est\u00e3o, por ora, saindo do radar, mas a infla\u00e7\u00e3o elevada, o ciclo de alta de juros e a recupera\u00e7\u00e3o gradual do mercado de trabalho passam a ser os maiores obst\u00e1culos do momento e para os pr\u00f3ximos meses&#8221;, afirmou.<\/p>\n\n\n\n<p>Pelo segundo m\u00eas consecutivo, a queda da confian\u00e7a empresarial foi influenciada por uma piora n\u00e3o apenas na avalia\u00e7\u00e3o sobre a situa\u00e7\u00e3o atual, mas tamb\u00e9m das expectativas.<\/p>\n\n\n\n<p>O \u00cdndice de Situa\u00e7\u00e3o Atual Empresarial (ISA-E) caiu 1,2 ponto, para 95,8 pontos, menor n\u00edvel desde maio (93,8 pontos) e o \u00cdndice de Expectativas (IE-E) cedeu 1,4 ponto, para 94,4 pontos, menor valor desde abril (92,3 pontos) e inferior ao ISA-E.<\/p>\n\n\n\n<p>O \u00cdndice de Confian\u00e7a Empresarial (ICE) consolida os \u00edndices de confian\u00e7a dos quatro setores cobertos pelas Sondagens Empresariais produzidas pela FGV Ibre: Ind\u00fastria, Servi\u00e7os, Com\u00e9rcio e Constru\u00e7\u00e3o.<\/p>\n\n\n\n<p>A confian\u00e7a da Ind\u00fastria, Com\u00e9rcio e Servi\u00e7os recuou em dezembro, influenciada tanto pela piora da percep\u00e7\u00e3o das empresas sobre o momento quanto das perspectivas para os pr\u00f3ximos meses. Com a maior queda entre os setores, a confian\u00e7a do com\u00e9rcio continua se distanciando, agora em 14,1 pontos, do n\u00edvel de neutralidade (100 pontos). Apenas a confian\u00e7a da Constru\u00e7\u00e3o registrou alta no \u00faltimo m\u00eas de 2021.<\/p>\n\n\n\n<p>O c\u00e1lculo da confian\u00e7a empresarial leva em conta os pesos proporcionais \u00e0 participa\u00e7\u00e3o na economia dos setores investigados, com base em informa\u00e7\u00f5es extra\u00eddas das pesquisas estruturais anuais do Instituto Brasileiro de Geografia e Estat\u00edstica (IBGE). Segundo a FGV Ibre, o objetivo \u00e9 que o ICE permita uma avalia\u00e7\u00e3o mais consistente sobre o ritmo da atividade econ\u00f4mica.<\/p>\n\n\n\n<p>A confian\u00e7a empresarial subiu em 45% dos 49 segmentos integrantes do ICE em dezembro, uma alta da dissemina\u00e7\u00e3o frente aos 22% do m\u00eas passado. O destaque positivo do m\u00eas \u00e9 o setor de Constru\u00e7\u00e3o, cuja confian\u00e7a subiu em mais de 60% dos segmentos, enquanto o destaque negativo \u00e9 o Com\u00e9rcio, que registrou alta em apenas um segmento.<\/p>\n\n\n\n<p>A coleta de dados do ICE ocorreu entre 1\u00ba e 23 de dezembro, com informa\u00e7\u00f5es de 3.956 empresas, segundo a FGV Ibre.<\/p>\n\n\n\n<h2 class=\"wp-block-heading\">5 &#8211; <strong>Brasil registra 112 mortes por covid-19 na quarta-feira<\/strong><\/h2>\n\n\n\n<p>O Brasil registrou nesta quarta-feira (29) 112 mortes por covid-19, o que elevou o total de v\u00edtimas fatais da doen\u00e7a no pa\u00eds a 618.817, informou o Minist\u00e9rio da Sa\u00fade.<\/p>\n\n\n\n<p>A pasta tamb\u00e9m contabilizou 9.128 novos casos de coronav\u00edrus, com o total de infec\u00e7\u00f5es confirmadas no pa\u00eds avan\u00e7ando para 22.263.834, acrescentou a pasta.<\/p>\n\n\n\n<p>No boletim, o minist\u00e9rio ressaltou que os dados do Cear\u00e1 e de S\u00e3o Paulo s\u00e3o referentes ao dia anterior, ou seja, est\u00e3o desatualizados.<\/p>\n\n\n\n<p>Em outro informe, divulgado \u00e0s 18h, o Brasil ainda mant\u00e9m os 77 casos confirmados do dia anterior da variante \u00f4micron, a mesma que tem feito disparar os registros de covid-19 no Hemisf\u00e9rio Norte.<\/p>\n\n\n\n<p>As autoridades ainda investigam 211 ocorr\u00eancias da \u00f4micron no pa\u00eds, segundo dados do Minist\u00e9rio da Sa\u00fade.<\/p>\n\n\n\n<h4 class=\"wp-block-heading\"><strong>Veja tamb\u00e9m<\/strong><\/h4>\n\n\n\n<ul class=\"wp-block-list\">\n<li><a href=\"https:\/\/investnews.com.br\/financas\/ipva-2022-confira-o-calendario-de-descontos-para-pagamento-unico-em-sao-paulo\/\">Calend\u00e1rio IPVA 2022<\/a>: veja as datas de pagamentos<\/li>\n\n\n\n<li>Saiba como <a href=\"https:\/\/investnews.com.br\/economia\/perdeu-o-recibo-da-declaracao-do-imposto-de-renda-veja-3-formas-de-recuperar\/\">recuperar declara\u00e7\u00e3o de imposto de renda 2022<\/a><\/li>\n\n\n\n<li><a href=\"https:\/\/investnews.com.br\/economia\/imposto-de-renda-e-aluguel-de-imovel-quem-declara-e-paga-imposto\/\">Imposto de Renda<\/a> e aluguel de im\u00f3vel: quem declara e paga imposto?<\/li>\n\n\n\n<li><a href=\"https:\/\/investnews.com.br\/financas\/testes-de-covid-podem-ser-deduzidos-do-imposto-de-renda\/\">Testes de covid<\/a> podem ser deduzidos do Imposto de Renda?<\/li>\n\n\n\n<li>Receita anuncia as regras para <a href=\"https:\/\/investnews.com.br\/economia\/imposto-de-renda-2022-receita-anuncia-as-regras-para-fazer-a-declaracao\/\">declarar o Imposto de Renda 2022<\/a><\/li>\n<\/ul>\n","protected":false},"excerpt":{"rendered":"<p>Pagamento de lote residual de IRPF ser\u00e1 feito na conta informada na declara\u00e7\u00e3o.<\/p>\n","protected":false},"author":51,"featured_media":265517,"comment_status":"closed","ping_status":"open","sticky":false,"template":"","format":"standard","meta":{"_acf_changed":false,"inline_featured_image":false,"footnotes":""},"categories":[5],"tags":[2495,58,44],"autor-wsj":[],"coauthors":[2425],"class_list":["post-296797","post","type-post","status-publish","format-standard","has-post-thumbnail","hentry","category-economia","tag-auxilio-brasil","tag-caixa-economica-federal","tag-imposto-de-renda"],"acf":[],"amp_enabled":true,"_links":{"self":[{"href":"https:\/\/investnews.com.br\/inv-api\/wp\/v2\/posts\/296797","targetHints":{"allow":["GET"]}}],"collection":[{"href":"https:\/\/investnews.com.br\/inv-api\/wp\/v2\/posts"}],"about":[{"href":"https:\/\/investnews.com.br\/inv-api\/wp\/v2\/types\/post"}],"author":[{"embeddable":true,"href":"https:\/\/investnews.com.br\/inv-api\/wp\/v2\/users\/51"}],"replies":[{"embeddable":true,"href":"https:\/\/investnews.com.br\/inv-api\/wp\/v2\/comments?post=296797"}],"version-history":[{"count":9,"href":"https:\/\/investnews.com.br\/inv-api\/wp\/v2\/posts\/296797\/revisions"}],"predecessor-version":[{"id":688408,"href":"https:\/\/investnews.com.br\/inv-api\/wp\/v2\/posts\/296797\/revisions\/688408"}],"wp:featuredmedia":[{"embeddable":true,"href":"https:\/\/investnews.com.br\/inv-api\/wp\/v2\/media\/265517"}],"wp:attachment":[{"href":"https:\/\/investnews.com.br\/inv-api\/wp\/v2\/media?parent=296797"}],"wp:term":[{"taxonomy":"category","embeddable":true,"href":"https:\/\/investnews.com.br\/inv-api\/wp\/v2\/categories?post=296797"},{"taxonomy":"post_tag","embeddable":true,"href":"https:\/\/investnews.com.br\/inv-api\/wp\/v2\/tags?post=296797"},{"taxonomy":"autor-wsj","embeddable":true,"href":"https:\/\/investnews.com.br\/inv-api\/wp\/v2\/autor-wsj?post=296797"},{"taxonomy":"author","embeddable":true,"href":"https:\/\/investnews.com.br\/inv-api\/wp\/v2\/coauthors?post=296797"}],"curies":[{"name":"wp","href":"https:\/\/api.w.org\/{rel}","templated":true}]}}