{"id":29766,"date":"2021-01-06T08:55:19","date_gmt":"2021-01-06T11:55:19","guid":{"rendered":"https:\/\/investnews.com.br\/?p=29766"},"modified":"2024-06-26T12:15:22","modified_gmt":"2024-06-26T15:15:22","slug":"5-fatos-para-hoje-bolsonaro-contradiz-economia-mais-democratas-no-senado","status":"publish","type":"post","link":"https:\/\/investnews.com.br\/economia\/5-fatos-para-hoje-bolsonaro-contradiz-economia-mais-democratas-no-senado\/","title":{"rendered":"5 fatos para hoje: Bolsonaro contradiz Economia; Mais democratas no Senado"},"content":{"rendered":"\n<h2 class=\"wp-block-heading\">1 &#8211; Democratas se aproximam de controle do Senado dos EUA<\/h2>\n\n\n\n<p><strong>Os democratas venceram uma das disputas por uma cadeira no Senado dos Estados Unidos pela Ge\u00f3rgia e lideram a apura\u00e7\u00e3o na segunda nesta quarta-feira<\/strong>, se aproximando de uma mudan\u00e7a de controle no Senado do pa\u00eds que impulsionaria as pol\u00edticas do presidente eleito Joe Biden.<\/p>\n\n\n\n<p><strong>LEIA MAIS: <a class=\"rank-math-link\" href=\"https:\/\/investnews.com.br\/geral\/biden-escolhe-principais-assessores-economicos\/\">Biden escolhe principais assessores econ\u00f4micos<\/a><\/strong><\/p>\n\n\n\n<p><strong>Raphael Warnock<\/strong>, um pastor batista da hist\u00f3rica igreja de Martin Luther King Jr., derrotou a atual senadora republicana Kelly Loeffler para se tornar o <strong>primeiro senador negro da Ge\u00f3rgia, um Estado do sul dos EUA<\/strong>. Jon Ossoff, um documentarista que, se vencer, se tornar\u00e1 o membro mais jovem do Senado aos 33 anos, tem uma pequena vantagem sobre o tamb\u00e9m atual senador David Purdue. Um resultado final deve sair, na melhor das hip\u00f3teses, ainda nesta quarta-feira.<\/p>\n\n\n\n<p>Os resultados apontam para um rep\u00fadio ao atual presidente Donald Trump em um Estado h\u00e1 d\u00e9cadas controlado pelos republicanos.<\/p>\n\n\n\n<h2 class=\"wp-block-heading\">2 &#8211; Bolsonaro contradiz equipe econ\u00f4mica e declara que &#8216;Brasil est\u00e1 quebrado&#8217;<\/h2>\n\n\n\n<p>&nbsp;Em seu primeiro dia de trabalho em 2021, <strong>o presidente Jair Bolsonaro contradisse o mantra do ministro Paulo Guedes, ao afirmar que o Brasil est\u00e1 &#8220;quebrado&#8221;<\/strong>. Para um grupo de simpatizantes, ele declarou nesta ter\u00e7a-feira (5), que, por causa da situa\u00e7\u00e3o da economia, <strong>n\u00e3o &#8220;consegue fazer nada&#8221;<\/strong> e citou como exemplo as mudan\u00e7as prometidas ainda durante a campanha eleitoral na tabela do <a href=\"https:\/\/investnews.com.br\/guias\/imposto-de-renda-o-que-e\/\">Imposto de Renda<\/a>.<\/p>\n\n\n\n<p>&#8220;O Brasil est\u00e1 quebrado, chefe. Eu n\u00e3o consigo fazer nada. Eu queria mexer na tabela do Imposto de Renda, t\u00e1, teve <strong>esse v\u00edrus, potencializado pela m\u00eddia<\/strong> que n\u00f3s temos, essa m\u00eddia sem car\u00e1ter&#8221;, afirmou Bolsonaro a um apoiador na sa\u00edda do Pal\u00e1cio da Alvorada, resid\u00eancia oficial da Presid\u00eancia.<\/p>\n\n\n\n<p>A fala do presidente vai de encontro \u00e0s declara\u00e7\u00f5es recentes do ministro da Economia, de que <strong>a atividade econ\u00f4mica do Pa\u00eds est\u00e1 numa trajet\u00f3ria de <a class=\"rank-math-link\" href=\"https:\/\/investnews.com.br\/mais-investnews\/cenario-externo-dita-rumo-do-mercado-brasileiro-em-2021-veja-os-destaques\/\">recupera\u00e7\u00e3o em &#8220;V&#8221;<\/a><\/strong>, ou seja, com a retomada na mesma velocidade da queda causada pelos efeitos da pandemia do novo coronav\u00edrus. Oficialmente, <strong>a equipe econ\u00f4mica espera que o Produto Interno Bruto (PIB) cres\u00e7a 3,2% este ano<\/strong>, depois de um tombo previsto de 4,5% em 2020.<\/p>\n\n\n\n<h2 class=\"wp-block-heading\">3 &#8211; Economia responsabiliza Congresso por calote em Banco dos Brics<\/h2>\n\n\n\n<p>Ap\u00f3s o governo brasileiro dar o <strong>calote no aporte previsto no Novo Banco de Desenvolvimento (NDB)<\/strong>, institui\u00e7\u00e3o financeira criada pelos cinco pa\u00edses do grupo do Brics (Brasil, R\u00fassia, \u00cdndia, China e \u00c1frica do Sul), <strong>o Minist\u00e9rio da Economia jogou a responsabilidade sobre o Congresso Nacional<\/strong>, que vetou os recursos necess\u00e1rios para o pagamento e utilizou a verba para obras de interesse do governo e emendas parlamentares.<\/p>\n\n\n\n<p>Em nota, <strong>a Economia disse que o pagamento s\u00f3 pode ser feito com dota\u00e7\u00e3o autorizada pelo Congresso<\/strong> e listou, de forma detalhada, as provid\u00eancias tomadas pela pasta para prever os recursos necess\u00e1rios no Or\u00e7amento, assim como todas as vezes que esses esfor\u00e7os foram derrotados no Congresso.<\/p>\n\n\n\n<h2 class=\"wp-block-heading\">4 &#8211; Sem receber pedido emergencial at\u00e9 agora, Anvisa trabalhar\u00e1 com prazo limite para in\u00edcio de vacina\u00e7\u00e3o dia 20<\/h2>\n\n\n\n<p>A <strong>Ag\u00eancia Nacional de Vigil\u00e2ncia Sanit\u00e1ria (Anvisa)<\/strong> <strong>vai ter que trabalhar sob press\u00e3o do prazo de 10 dias<\/strong>, j\u00e1 que n\u00e3o recebeu at\u00e9 esta ter\u00e7a-feira nenhum pedido para uso emergencial de vacinas contra a Covid-19, para <strong>liberar o governo federal a iniciar em 20 de janeiro o processo de <a class=\"rank-math-link\" href=\"https:\/\/investnews.com.br\/geral\/vacina-contra-covid-19-por-us-150-golpes-online-disparam\/\">imuniza\u00e7\u00e3o<\/a><\/strong>, como prometido no melhor cen\u00e1rio.<\/p>\n\n\n\n<p>Esperava-se que a Funda\u00e7\u00e3o Oswaldo Cruz (Fiocruz) apresentasse a solicita\u00e7\u00e3o at\u00e9 quarta-feira, mas <strong>pedidos adicionais de informa\u00e7\u00f5es por parte da Anvisa a respeito da vacina desenvolvida pela AstraZeneca, a ser importada da \u00cdndia, adiaram essa data para at\u00e9 sexta-feira<\/strong>.<\/p>\n\n\n\n<p>Uma vez que o Minist\u00e9rio da Sa\u00fade informou que iniciar\u00e1 a vacina\u00e7\u00e3o em at\u00e9 cinco dias ap\u00f3s a Anvisa aprovar algum imunizante, <strong>a ag\u00eancia de vigil\u00e2ncia precisar\u00e1 analisar qualquer pedido que receber antes dos 10 dias de prazo estipulado para que o governo federal consiga iniciar a vacina\u00e7\u00e3o no dia 20 de janeiro<\/strong> &#8212; o que foi apresentado pelo Minist\u00e9rio da Sa\u00fade como melhor cen\u00e1rio.<\/p>\n\n\n\n<h2 class=\"wp-block-heading\">5 &#8211; Brasil registra 1.171 novas mortes por Covid-19 e total atinge 197.732<\/h2>\n\n\n\n<p>O Brasil registrou nesta ter\u00e7a-feira <strong>1.171 novas mortes em decorr\u00eancia da Covid-19<\/strong>, o que eleva o total de v\u00edtimas fatais da doen\u00e7a no pa\u00eds a 197.732, informou o Minist\u00e9rio da Sa\u00fade.<\/p>\n\n\n\n<p>Tamb\u00e9m foram notificados 56.648 novos casos da doen\u00e7a provocada pelo coronav\u00edrus, com o total de infec\u00e7\u00f5es confirmadas no pa\u00eds atingindo 7.810.400, segundo a pasta.<\/p>\n\n\n\n<p><strong>As cifras di\u00e1rias voltaram a superar as marcas de 1 mil \u00f3bitos e 50 mil casos ap\u00f3s quatro dias com registros abaixo da m\u00e9dia<\/strong>, na esteira do feriado de Ano Novo e do final de semana, per\u00edodos com represamento de testes.<\/p>\n\n\n\n<p><em>*Com Estad\u00e3o Conte\u00fado e Reuters<\/em><\/p>\n","protected":false},"excerpt":{"rendered":"<p>Com o controle do Senado dos EUA, o presidente eleito Joe Biden ganha mais margem de manobra para suas pol\u00edticas.<\/p>\n","protected":false},"author":17,"featured_media":7989,"comment_status":"closed","ping_status":"open","sticky":false,"template":"","format":"standard","meta":{"_acf_changed":false,"inline_featured_image":false,"footnotes":""},"categories":[5],"tags":[234,347],"autor-wsj":[],"coauthors":[1498],"class_list":["post-29766","post","type-post","status-publish","format-standard","has-post-thumbnail","hentry","category-economia","tag-jair-bolsonaro","tag-paulo-guedes"],"acf":[],"amp_enabled":true,"_links":{"self":[{"href":"https:\/\/investnews.com.br\/inv-api\/wp\/v2\/posts\/29766","targetHints":{"allow":["GET"]}}],"collection":[{"href":"https:\/\/investnews.com.br\/inv-api\/wp\/v2\/posts"}],"about":[{"href":"https:\/\/investnews.com.br\/inv-api\/wp\/v2\/types\/post"}],"author":[{"embeddable":true,"href":"https:\/\/investnews.com.br\/inv-api\/wp\/v2\/users\/17"}],"replies":[{"embeddable":true,"href":"https:\/\/investnews.com.br\/inv-api\/wp\/v2\/comments?post=29766"}],"version-history":[{"count":3,"href":"https:\/\/investnews.com.br\/inv-api\/wp\/v2\/posts\/29766\/revisions"}],"predecessor-version":[{"id":29769,"href":"https:\/\/investnews.com.br\/inv-api\/wp\/v2\/posts\/29766\/revisions\/29769"}],"wp:featuredmedia":[{"embeddable":true,"href":"https:\/\/investnews.com.br\/inv-api\/wp\/v2\/media\/7989"}],"wp:attachment":[{"href":"https:\/\/investnews.com.br\/inv-api\/wp\/v2\/media?parent=29766"}],"wp:term":[{"taxonomy":"category","embeddable":true,"href":"https:\/\/investnews.com.br\/inv-api\/wp\/v2\/categories?post=29766"},{"taxonomy":"post_tag","embeddable":true,"href":"https:\/\/investnews.com.br\/inv-api\/wp\/v2\/tags?post=29766"},{"taxonomy":"autor-wsj","embeddable":true,"href":"https:\/\/investnews.com.br\/inv-api\/wp\/v2\/autor-wsj?post=29766"},{"taxonomy":"author","embeddable":true,"href":"https:\/\/investnews.com.br\/inv-api\/wp\/v2\/coauthors?post=29766"}],"curies":[{"name":"wp","href":"https:\/\/api.w.org\/{rel}","templated":true}]}}