{"id":299495,"date":"2022-01-12T10:08:05","date_gmt":"2022-01-12T13:08:05","guid":{"rendered":"https:\/\/investnews.com.br\/?p=299495"},"modified":"2022-01-12T10:08:09","modified_gmt":"2022-01-12T13:08:09","slug":"pandemia-e-crise-hidrica-fizeram-inflacao-estourar-meta-diz-bc","status":"publish","type":"post","link":"https:\/\/investnews.com.br\/economia\/pandemia-e-crise-hidrica-fizeram-inflacao-estourar-meta-diz-bc\/","title":{"rendered":"Pandemia e crise h\u00eddrica fizeram infla\u00e7\u00e3o estourar meta, diz BC"},"content":{"rendered":"\n<p>A pandemia de covid-19, a eleva\u00e7\u00e3o do pre\u00e7o global das\u00a0<em><a href=\"https:\/\/investnews.com.br\/guias\/commodities-o-que-sao\/\" class=\"rank-math-link\">commodities<\/a><\/em>\u00a0(bens prim\u00e1rios com cota\u00e7\u00e3o internacional) e a crise h\u00eddrica foram respons\u00e1veis pela<a href=\"https:\/\/investnews.com.br\/economia\/ipca-fecha-2021-com-avanco-de-1006\/\" class=\"rank-math-link\"> infla\u00e7\u00e3o estourar o teto da meta<\/a>, justificou hoje (11) o presidente do Banco Central (BC), Roberto Campos Neto. Por determina\u00e7\u00e3o legal, ele enviou uma carta ao ministro da Economia, Paulo Guedes, e ao Conselho Monet\u00e1rio Nacional (CMN) justificando a infla\u00e7\u00e3o oficial de 10,06% em 2021, de acordo com o\u00a0\u00cdndice Nacional de Pre\u00e7os ao Consumidor Amplo\u00a0(<a href=\"https:\/\/investnews.com.br\/guias\/o-que-e-ipca\/\">IPCA<\/a>).<\/p>\n\n\n\n<p>No ano passado, o <a href=\"https:\/\/investnews.com.br\/guias\/o-que-e-ipca\/\" class=\"rank-math-link\">IPCA <\/a>atingiu quase o dobro do teto fixado pelo CMN. A <a href=\"https:\/\/investnews.com.br\/guias\/meta-de-inflacao\/\">meta de infla\u00e7\u00e3o<\/a> oficial para o ano passado estava em 3,75%, com margem de toler\u00e2ncia de 1,5 ponto percentual para cima e para baixo. O \u00edndice, portanto, poderia variar de 2,25% a 5,25%. Essa foi a sexta vez, desde a cria\u00e7\u00e3o do sistema atual de infla\u00e7\u00e3o, em que o presidente do BC teve de justificar o descumprimento da meta.<\/p>\n\n\n\n<p>\u201cOs principais fatores que levaram a infla\u00e7\u00e3o em 2021 a ultrapassar o limite superior de toler\u00e2ncia foram os seguintes:<\/p>\n\n\n\n<ul class=\"wp-block-list\"><li>Forte eleva\u00e7\u00e3o dos pre\u00e7os de bens transacion\u00e1veis em moeda local, em especial os pre\u00e7os de\u00a0<em><a href=\"https:\/\/investnews.com.br\/guias\/commodities-o-que-sao\/\">commodities<\/a><\/em>;<\/li><li>Bandeira de energia el\u00e9trica de escassez h\u00eddrica;\u00a0<\/li><li>Desequil\u00edbrios entre demanda e oferta de insumos, e gargalos nas cadeias produtivas globais\u201d, explicou o BC na carta.<\/li><\/ul>\n\n\n\n<p>Segundo Campos Neto, a grande parte da infla\u00e7\u00e3o alta em 2021 foi um fen\u00f4meno global impulsionado pela pandemia de covid-19. A doen\u00e7a afetou fluxos comerciais em todo o planeta, criando gargalos na distribui\u00e7\u00e3o de produtos. De acordo com ele, o fen\u00f4meno atingiu n\u00e3o apenas pa\u00edses emergentes, mas tamb\u00e9m economias avan\u00e7adas.<\/p>\n\n\n\n<p>\u201cAs press\u00f5es sobre os pre\u00e7os de&nbsp;<em>commodities<\/em>&nbsp;e nas cadeias produtivas globais refletem as mudan\u00e7as no padr\u00e3o de consumo causadas pela pandemia, com parcela proporcionalmente maior da demanda direcionada para bens\u201d, escreveu Campos Neto. \u201cDe fato, a acelera\u00e7\u00e3o significativa da infla\u00e7\u00e3o em 2021 para n\u00edveis superiores \u00e0s metas foi um fen\u00f4meno global, atingindo a maioria dos pa\u00edses avan\u00e7ados e emergentes.\u201d<\/p>\n\n\n\n<h2 class=\"wp-block-heading\">Combust\u00edveis<\/h2>\n\n\n\n<p>No ano passado, escreveu Campos Neto, a infla\u00e7\u00e3o importada foi o principal fator que impulsionou a infla\u00e7\u00e3o. O destaque foi a eleva\u00e7\u00e3o do pre\u00e7o internacional do petr\u00f3leo, que <a href=\"https:\/\/investnews.com.br\/web-stories\/quem-decide-a-alta-do-preco-da-gasolina-2\/\" class=\"rank-math-link\">encareceu os combust\u00edveis<\/a>.<\/p>\n\n\n\n<p>\u201cO principal fator para o desvio de 6,31 p.p. da infla\u00e7\u00e3o em rela\u00e7\u00e3o \u00e0 meta adveio da infla\u00e7\u00e3o importada, com contribui\u00e7\u00e3o de 4,38 p.p., cerca de 69% do desvio. Abrindo esse termo [decompondo a infla\u00e7\u00e3o importada], destacam-se as contribui\u00e7\u00f5es de 2,95 p.p. do pre\u00e7o do petr\u00f3leo, 0,71 p.p. das&nbsp;<em>commodities<\/em>&nbsp;em geral e 0,44 p.p. da taxa de c\u00e2mbio\u201d, destacou a carta.<\/p>\n\n\n\n<p>Depois da infla\u00e7\u00e3o importada, a in\u00e9rcia inflacion\u00e1ria foi o segundo fator que pressionou a infla\u00e7\u00e3o no ano passado, com impacto de 1,21 ponto acima do teto da meta. A in\u00e9rcia representa a indexa\u00e7\u00e3o de contratos e de pre\u00e7os que s\u00e3o corrigidos pela infla\u00e7\u00e3o do ano anterior. Desde o segundo semestre de 2020, a infla\u00e7\u00e3o est\u00e1 em alta, afetando a infla\u00e7\u00e3o de 2021.<\/p>\n\n\n\n<h2 class=\"wp-block-heading\">Energia<\/h2>\n\n\n\n<p>Por fim, a carta do BC atribuiu a \u201cdemais fatores\u201d impacto de 1,02 ponto acima do teto da meta. Dentro deste total, o destaque foi a bandeira de escassez h\u00eddrica (cobrada desde setembro do ano passado), que encareceu a conta de luz e teve impacto de 0,67 ponto. Essa bandeira vigorar\u00e1, a princ\u00edpio, at\u00e9 abril deste ano.<\/p>\n\n\n\n<p>\u201cO fraco regime de chuvas levou ao acionamento de termoel\u00e9tricas e de outras fontes de energia de custo mais elevado durante a segunda metade de 2021, resultando em aumento expressivo das tarifas de energia el\u00e9trica\u201d, ressaltou o BC. \u201cEm setembro, foi criada e acionada a bandeira escassez h\u00eddrica, o que causou aumento de 49,6% sobre a bandeira anterior e de 5,8% sobre a tarifa de energia el\u00e9trica ante o m\u00eas anterior.\u201d<\/p>\n\n\n\n<p>Na \u00faltima vez em que o presidente do BC justificou o descumprimento da meta de infla\u00e7\u00e3o foi em 2017. Naquele ano, por\u00e9m, a infla\u00e7\u00e3o encerrou abaixo do piso da meta, em 2,95%, contra um limite m\u00ednimo de 3% para o IPCA. Na ocasi\u00e3o, o Banco Central era presidido por Ilan Goldfajn, com Henrique Meirelles como ministro da Fazenda.<\/p>\n\n\n\n<p><strong>Veja tamb\u00e9m<\/strong><\/p>\n\n\n\n<ul class=\"wp-block-list\"><li>Primeiro m\u00eas de 2022 ser\u00e1 repleto de&nbsp;<a target=\"_blank\" href=\"https:\/\/investnews.com.br\/colunistas\/primeira-marcha\/primeiro-mes-de-2022-sera-repleto-de-lancamentos-na-industria-automotiva\/\" rel=\"noreferrer noopener\">lan\u00e7amentos na ind\u00fastria automotiva<\/a><\/li><li>41&nbsp;<a target=\"_blank\" href=\"https:\/\/investnews.com.br\/negocios\/profissoes-em-alta\/\" rel=\"noreferrer noopener\">profiss\u00f5es em alta para 2022<\/a>: veja as \u00e1reas mais promissoras<\/li><li>S\u00f3&nbsp;<a target=\"_blank\" href=\"https:\/\/investnews.com.br\/boletim-investnews\/so-bitcoin-e-bdrs-renderam-mais-que-o-ipca-o-que-esperar\/\" rel=\"noreferrer noopener\">Bitcoin e BDRs<\/a>&nbsp;renderam mais que o IPCA; o que esperar?<\/li><li><a target=\"_blank\" href=\"https:\/\/investnews.com.br\/web-stories\/inflacao-o-que-mais-encareceu-em-2021\/\" rel=\"noreferrer noopener\">Infla\u00e7\u00e3o<\/a>: o que mais encareceu em 2021<\/li><\/ul>\n","protected":false},"excerpt":{"rendered":"<p>Em carta ao ministro da Economia, Roberto Campos Neto justificou o IPCA de 10,06% em 2021.<\/p>\n","protected":false},"author":63,"featured_media":268237,"comment_status":"closed","ping_status":"open","sticky":false,"template":"","format":"standard","meta":{"_acf_changed":false,"inline_featured_image":false,"footnotes":""},"categories":[5],"tags":[56,52,246],"autor-wsj":[],"coauthors":[2490],"class_list":["post-299495","post","type-post","status-publish","format-standard","has-post-thumbnail","hentry","category-economia","tag-banco-central","tag-inflacao","tag-ipca"],"acf":[],"amp_enabled":true,"_links":{"self":[{"href":"https:\/\/investnews.com.br\/inv-api\/wp\/v2\/posts\/299495","targetHints":{"allow":["GET"]}}],"collection":[{"href":"https:\/\/investnews.com.br\/inv-api\/wp\/v2\/posts"}],"about":[{"href":"https:\/\/investnews.com.br\/inv-api\/wp\/v2\/types\/post"}],"author":[{"embeddable":true,"href":"https:\/\/investnews.com.br\/inv-api\/wp\/v2\/users\/63"}],"replies":[{"embeddable":true,"href":"https:\/\/investnews.com.br\/inv-api\/wp\/v2\/comments?post=299495"}],"version-history":[{"count":1,"href":"https:\/\/investnews.com.br\/inv-api\/wp\/v2\/posts\/299495\/revisions"}],"predecessor-version":[{"id":299500,"href":"https:\/\/investnews.com.br\/inv-api\/wp\/v2\/posts\/299495\/revisions\/299500"}],"wp:featuredmedia":[{"embeddable":true,"href":"https:\/\/investnews.com.br\/inv-api\/wp\/v2\/media\/268237"}],"wp:attachment":[{"href":"https:\/\/investnews.com.br\/inv-api\/wp\/v2\/media?parent=299495"}],"wp:term":[{"taxonomy":"category","embeddable":true,"href":"https:\/\/investnews.com.br\/inv-api\/wp\/v2\/categories?post=299495"},{"taxonomy":"post_tag","embeddable":true,"href":"https:\/\/investnews.com.br\/inv-api\/wp\/v2\/tags?post=299495"},{"taxonomy":"autor-wsj","embeddable":true,"href":"https:\/\/investnews.com.br\/inv-api\/wp\/v2\/autor-wsj?post=299495"},{"taxonomy":"author","embeddable":true,"href":"https:\/\/investnews.com.br\/inv-api\/wp\/v2\/coauthors?post=299495"}],"curies":[{"name":"wp","href":"https:\/\/api.w.org\/{rel}","templated":true}]}}