{"id":300009,"date":"2022-01-14T04:00:00","date_gmt":"2022-01-14T07:00:00","guid":{"rendered":"https:\/\/investnews.com.br\/?p=300009"},"modified":"2022-01-13T18:01:31","modified_gmt":"2022-01-13T21:01:31","slug":"inflacao-tregua-em-2022-o-que-pensam-4-casas-de-analise","status":"publish","type":"post","link":"https:\/\/investnews.com.br\/economia\/inflacao-tregua-em-2022-o-que-pensam-4-casas-de-analise\/","title":{"rendered":"A infla\u00e7\u00e3o vai dar tr\u00e9gua em 2022? Veja o que pensam 4 casas de an\u00e1lise"},"content":{"rendered":"\n<p>Nesta semana, o Instituto Brasileiro de Geografia e Estat\u00edstica (IBGE)<a href=\"https:\/\/investnews.com.br\/economia\/ipca-fecha-2021-com-avanco-de-1006\/\" class=\"rank-math-link\"> divulgou a infla\u00e7\u00e3o oficial do pa\u00eds<\/a>, medida pelo \u00cdndice de Pre\u00e7os ao Consumidor Amplo <a href=\"https:\/\/investnews.com.br\/guias\/o-que-e-ipca\/\" class=\"rank-math-link\">(IPCA<\/a>), em 2021. O dado s\u00f3 evidenciou o que j\u00e1 era sentido no bolso do brasileiro: o aumento nos pre\u00e7os acelerou. Mas como fica 2022? O <em>InvestNews<\/em> reuniu as <strong>previs\u00f5es de casas de an\u00e1lise sobre os desafios \u00e0 frente para a infla\u00e7\u00e3o<\/strong>.<\/p>\n\n\n\n<p>O indicador fechou o ano com avan\u00e7o acumulado de 10,06%, a maior taxa anual desde 2015, quando ficou em 10,67%. Al\u00e9m disso, extrapolou a meta de 3,75% definida pelo Conselho Monet\u00e1rio Nacional para 2021, e estourou o teto fixado em 5,25%. <\/p>\n\n\n\n<p>O resultado foi influenciado principalmente pelo grupo de transportes, puxado pelo aumento nos <a href=\"https:\/\/investnews.com.br\/economia\/petrobras-anuncia-novo-aumento-no-preco-da-gasolina-e-do-gas-de-cozinha\/\" class=\"rank-math-link\">pre\u00e7os dos combust\u00edveis<\/a>. Segundo o IBGE, a categoria apresentou a maior varia\u00e7\u00e3o (21,03%) e o maior impacto (4,19%) no acumulado de 2021. <\/p>\n\n\n\n<p>Apesar da forte alta no \u00faltimo ano, o <strong><a href=\"https:\/\/investnews.com.br\/guias\/o-que-e-ipca\/\">IPCA<\/a> mostrou uma tend\u00eancia de desacelera\u00e7\u00e3o no final do per\u00edodo<\/strong>. Em dezembro de 2021, a infla\u00e7\u00e3o foi de 0,73%, 0,22% abaixo da taxa de 0,95% registrada em novembro. Por outro lado, o indicador superou a fatia de 0,64% aguardada pelo mercado. Mas o que esperar daqui em diante? Confira a expectativa de <strong>4 casas de an\u00e1lises para a infla\u00e7\u00e3o ao longo de 2022:<\/strong><\/p>\n\n\n\n<h2 class=\"wp-block-heading\">Inter Research<\/h2>\n\n\n\n<p>Em relat\u00f3rio, Rafaela Vit\u00f3ria, <strong>economista-chefe do Banco Inter<\/strong>, informou que, apesar do elevado patamar acumulado da infla\u00e7\u00e3o em 2021, a tend\u00eancia de desacelera\u00e7\u00e3o j\u00e1 come\u00e7a a ficar mais evidente. &#8220;Al\u00e9m dos choques de oferta come\u00e7arem a se dissipar, o impacto da pol\u00edtica monet\u00e1ria tamb\u00e9m passa a fazer efeito, reduzindo a demanda e contribuindo para conter o risco de in\u00e9rcia inflacion\u00e1ria&#8221;, explicou. <\/p>\n\n\n\n<p>Rafaela tamb\u00e9m mencionou o que o ajuste monet\u00e1rio j\u00e1 feito at\u00e9 o momento (alta da <a href=\"https:\/\/investnews.com.br\/guias\/taxa-selic\/\" class=\"rank-math-link\">taxa Selic<\/a>) \u00e9 bastante significativo e reiterou que Banco Central se mostra disposto a manter o ritmo do ajuste, mais 1,50 ponto percentual na primeira reuni\u00e3o do ano que acontece em fevereiro. <\/p>\n\n\n\n<p>&#8220;Considerando a expectativa de infla\u00e7\u00e3o \u00e0 frente em 12 meses, teremos juros reais de cerca de 6% a partir de fevereiro, territ\u00f3rio j\u00e1 bastante contracionista e que seria suficiente nesse momento para trazer a infla\u00e7\u00e3o para meta, o que deixa espa\u00e7o para apenas um ajuste pontual em mar\u00e7o, considerando a evolu\u00e7\u00e3o do cen\u00e1rio de atividade mais fraca&#8221;, <strong>afirmou a economista  ao manter expectativa de 4,8% para o IPCA em 2022.  <\/strong><\/p>\n\n\n\n<h2 class=\"wp-block-heading\">BTG Pactual <\/h2>\n\n\n\n<p>A equipe de macro research do\u00a0<strong>BTG Pactual\u00a0digital<\/strong> disse em relat\u00f3rio que, embora para os pr\u00f3ximos meses espere uma desacelera\u00e7\u00e3o do IPCA impulsionada por uma menor press\u00e3o em alimentos no domic\u00edlio, uma perda de \u00edmpeto da atividade econ\u00f4mica e poss\u00edvel fim da bandeira de escassez h\u00eddrica antes da data prevista (abril de 22), &#8220;a retomada do pre\u00e7o do barril do petr\u00f3leo pode levar a novos reajustes altistas nos combust\u00edveis&#8221;. <\/p>\n\n\n\n<p>Outro fator que merece aten\u00e7\u00e3o nos pr\u00f3ximos meses, segundo os analistas, s\u00e3o os poss\u00edveis impactos das fortes chuvas no pre\u00e7o das <a href=\"https:\/\/investnews.com.br\/guias\/commodities-o-que-sao\/\" class=\"rank-math-link\">commodities<\/a> agr\u00edcolas, com destaque para soja e milho. &#8220;Al\u00e9m disso, a deprecia\u00e7\u00e3o do real, decorrente da deteriora\u00e7\u00e3o do cen\u00e1rio fiscal e de um ambiente global menos favor\u00e1vel para emergentes, deve permanecer como fator de risco para a infla\u00e7\u00e3o no curto prazo&#8221;, sinalizou a equipe. <\/p>\n\n\n\n<h2 class=\"wp-block-heading\">Levante Investimentos<\/h2>\n\n\n\n<p>Para a equipe da <strong>Levante Investimentos,<\/strong> como a economia brasileira est\u00e1 desaquecendo, os principais vetores da infla\u00e7\u00e3o dever\u00e3o ser principalmente externos: a taxa de c\u00e2mbio e os pre\u00e7os das <a href=\"https:\/\/investnews.com.br\/guias\/commodities-o-que-sao\/\">commodities<\/a>. De acordo com os analistas, os <a href=\"https:\/\/investnews.com.br\/geral\/ficou-sabendo-taesa-de-olho-em-projetos-imobiliarios-disparada-da-conta-de-luz\/\" class=\"rank-math-link\">pre\u00e7os da energia<\/a> e dos combust\u00edveis dever\u00e3o seguir sendo determinantes na evolu\u00e7\u00e3o dos \u00edndices de infla\u00e7\u00e3o. <\/p>\n\n\n\n<p>&#8220;Comecemos pelos pre\u00e7os da energia, mais especificamente a eletricidade. A grande quantidade de chuvas provocada pelo fen\u00f4meno meteorol\u00f3gico <em>La Ni\u00f1a<\/em> permitiu a recupera\u00e7\u00e3o parcial dos reservat\u00f3rios das usinas hidrel\u00e9tricas. O ano de 2021 caracterizou-se pela pior seca em mais de 90 anos,  que literalmente secou os reservat\u00f3rios, principalmente os da regi\u00e3o Sudeste. Com isso, as empresas do setor tiveram de acionar as usinas termel\u00e9tricas, que produzem energia mais poluente e cara&#8221;, reiterou. <\/p>\n\n\n\n<h2 class=\"wp-block-heading\">XP Investimentos<\/h2>\n\n\n\n<p>Tamb\u00e9m em relat\u00f3rio, Tatiana Nogueira,<strong> economista da XP,<\/strong> afirmou que os fatores estruturais que pressionam a infla\u00e7\u00e3o para ficar em patamares elevados &#8220;continuam presentes&#8221;, uma vez que a economia brasileira conta com um expressivo peso inercial.<\/p>\n\n\n\n<p>A economista da casa explicou que a difus\u00e3o, medida que reflete o \u2018espalhamento\u2019 da infla\u00e7\u00e3o entre todos os bens e servi\u00e7os da economia continua alta \u2013 encerrou o ano em 75%. <\/p>\n\n\n\n<p>Al\u00e9m disso, Tatiana informou que a proje\u00e7\u00e3o da XP \u00e9 que <strong>em 2022 a infla\u00e7\u00e3o medida pelo IPCA acumule alta de 5,2%, e que convirja para a meta em 2023, encerrando o ano em 3,25%. <\/strong><\/p>\n\n\n\n<p>Esse processo desinflacion\u00e1rio, apontou a especialista, deve ocorrer por uma s\u00e9rie de fatores, como a redu\u00e7\u00e3o significa da infla\u00e7\u00e3o das commodities; o maior ofetio do substancial ajuste na <a href=\"https:\/\/investnews.com.br\/guias\/taxa-selic\/\">taxa Selic<\/a> (a economista estima defasagem m\u00e9dia de 9 meses entre a eleva\u00e7\u00e3o dos juros e o efeito completo sobre a infla\u00e7\u00e3o); fim do efeito da deprecia\u00e7\u00e3o cambial sobre a infla\u00e7\u00e3o e perda de for\u00e7a da atividade econ\u00f4mica.  <\/p>\n\n\n\n<p>&#8220;Dentre os riscos que devemos levar em considera\u00e7\u00e3o adiante, ressaltamos o cen\u00e1rio pol\u00edtico, olhando para a amea\u00e7a ainda presente de desarranjo do arcabou\u00e7o fiscal, que pode levar a deteriora\u00e7\u00e3o das expectativas. Lembrando que estamos em ano eleitoral, marcado por&nbsp;maior volatilidade e incertezas&#8221;, ponderou a especialista. <\/p>\n","protected":false},"excerpt":{"rendered":"<p>Apesar do forte avan\u00e7o do IPCA no ano de 2021, o m\u00eas de dezembro apontou tend\u00eancia de desacelera\u00e7\u00e3o. O que esperar daqui em diante? <\/p>\n","protected":false},"author":53,"featured_media":296491,"comment_status":"closed","ping_status":"open","sticky":false,"template":"","format":"standard","meta":{"_acf_changed":false,"inline_featured_image":false,"footnotes":""},"categories":[5],"tags":[52,246],"autor-wsj":[],"coauthors":[2433],"class_list":["post-300009","post","type-post","status-publish","format-standard","has-post-thumbnail","hentry","category-economia","tag-inflacao","tag-ipca"],"acf":[],"amp_enabled":true,"_links":{"self":[{"href":"https:\/\/investnews.com.br\/inv-api\/wp\/v2\/posts\/300009","targetHints":{"allow":["GET"]}}],"collection":[{"href":"https:\/\/investnews.com.br\/inv-api\/wp\/v2\/posts"}],"about":[{"href":"https:\/\/investnews.com.br\/inv-api\/wp\/v2\/types\/post"}],"author":[{"embeddable":true,"href":"https:\/\/investnews.com.br\/inv-api\/wp\/v2\/users\/53"}],"replies":[{"embeddable":true,"href":"https:\/\/investnews.com.br\/inv-api\/wp\/v2\/comments?post=300009"}],"version-history":[{"count":11,"href":"https:\/\/investnews.com.br\/inv-api\/wp\/v2\/posts\/300009\/revisions"}],"predecessor-version":[{"id":300079,"href":"https:\/\/investnews.com.br\/inv-api\/wp\/v2\/posts\/300009\/revisions\/300079"}],"wp:featuredmedia":[{"embeddable":true,"href":"https:\/\/investnews.com.br\/inv-api\/wp\/v2\/media\/296491"}],"wp:attachment":[{"href":"https:\/\/investnews.com.br\/inv-api\/wp\/v2\/media?parent=300009"}],"wp:term":[{"taxonomy":"category","embeddable":true,"href":"https:\/\/investnews.com.br\/inv-api\/wp\/v2\/categories?post=300009"},{"taxonomy":"post_tag","embeddable":true,"href":"https:\/\/investnews.com.br\/inv-api\/wp\/v2\/tags?post=300009"},{"taxonomy":"autor-wsj","embeddable":true,"href":"https:\/\/investnews.com.br\/inv-api\/wp\/v2\/autor-wsj?post=300009"},{"taxonomy":"author","embeddable":true,"href":"https:\/\/investnews.com.br\/inv-api\/wp\/v2\/coauthors?post=300009"}],"curies":[{"name":"wp","href":"https:\/\/api.w.org\/{rel}","templated":true}]}}