{"id":300462,"date":"2022-01-17T08:19:06","date_gmt":"2022-01-17T11:19:06","guid":{"rendered":"https:\/\/investnews.com.br\/?p=300462"},"modified":"2022-01-17T08:19:10","modified_gmt":"2022-01-17T11:19:10","slug":"vale-retoma-parte-operacoes-em-mg","status":"publish","type":"post","link":"https:\/\/investnews.com.br\/negocios\/vale-retoma-parte-operacoes-em-mg\/","title":{"rendered":"Vale retoma parcialmente opera\u00e7\u00f5es em Minas Gerais ap\u00f3s chuvas intensas"},"content":{"rendered":"\n<p>A <strong>Vale <\/strong>(<a href=\"https:\/\/investnews.com.br\/cotacao\/vale3-vale\/\" class=\"rank-math-link\">VALE3<\/a>) informou nesta segunda-feira que retomou de forma parcial e gradual suas opera\u00e7\u00f5es em Minas Gerais <a href=\"https:\/\/investnews.com.br\/flash\/csn-vale-usiminas-br-iguatemi-multiplan\/\" class=\"rank-math-link\">ap\u00f3s o per\u00edodo de chuvas intensas<\/a> que atingiram a regi\u00e3o no in\u00edcio deste ano.<\/p>\n\n\n\n<p>Em comunicado, a mineradora afirmou que, no Sistema Sudeste, a circula\u00e7\u00e3o de trens na Estrada de Ferro Vit\u00f3ria a Minas foi retomada no trecho Rio Piracicaba &#8211; Jo\u00e3o Monlevade, permitindo a expedi\u00e7\u00e3o gradual da produ\u00e7\u00e3o de Brucutu e Mariana. N\u00e3o h\u00e1 mais produ\u00e7\u00e3o paralisada nesse Sistema em decorr\u00eancia das chuvas.<\/p>\n\n\n\n<p>J\u00e1 o ramal de BH, respons\u00e1vel pelo transporte de carga geral, encontra-se paralisado. Est\u00e3o sendo estudadas alternativas log\u00edsticas para o retorno definitivo do ramal e para o escoamento da carga geral enquanto ele permanecer paralisado.<\/p>\n\n\n\n<p>No Sistema Sul, foram liberados alguns acessos rodovi\u00e1rios e viabilizados outros alternativos, permitindo a circula\u00e7\u00e3o de empregados e terceiros \u00e0s minas, e consequentemente, os trabalhos de adequa\u00e7\u00e3o da infraestrutura das frentes de lavra das minas. Segundo a Vale, v\u00e1rios trechos das ferrovias da MRS tiveram sua circula\u00e7\u00e3o de trens liberada ou t\u00eam previs\u00e3o de libera\u00e7\u00e3o ao longo da semana.<\/p>\n\n\n\n<p>Com isso, foram retomadas, de forma gradual, as usinas de Ab\u00f3boras, Vargem Grande, F\u00e1brica e Viga, que representam cerca de metade da capacidade atual do Sistema Sul. As demais usinas dever\u00e3o ser retomadas nos pr\u00f3ximos dias, disse a mineradora.<\/p>\n\n\n\n<p>A companhia estimou que a paralisa\u00e7\u00e3o pode ter um impacto de aproximadamente 1,5 milh\u00e3o de toneladas na produ\u00e7\u00e3o e compra de min\u00e9rio de ferro. Mas, considerando o impacto sazonal de chuvas em todas as suas opera\u00e7\u00f5es, a mineradora manteve a proje\u00e7\u00e3o para produ\u00e7\u00e3o do min\u00e9rio em 2022 em 320 a 335 milh\u00f5es de toneladas.<\/p>\n\n\n\n<p>Em rela\u00e7\u00e3o a suas barragens na regi\u00e3o, a companhia disse que permanece com gest\u00e3o e monitoramento cont\u00ednuo.<\/p>\n\n\n\n<p>A mineradora informou sobre uma altera\u00e7\u00e3o nas condi\u00e7\u00f5es de seguran\u00e7a de duas estruturas. Na barragem \u00c1rea IX, houve eleva\u00e7\u00e3o do protocolo de emerg\u00eancia de n\u00edvel 1 para n\u00edvel 2, ap\u00f3s altera\u00e7\u00f5es piezom\u00e9tricas na ombreira direita da estrutura. A estrutura est\u00e1 desativada.<\/p>\n\n\n\n<p>J\u00e1 em Dique Elefante, a Vale iniciou o protocolo de emerg\u00eancia em n\u00edvel 1, ap\u00f3s eros\u00e3o na ombreira direita da estrutura, sem o comprometimento de sua estabilidade global. O dique de conten\u00e7\u00e3o de sedimentos est\u00e1 em descaracteriza\u00e7\u00e3o.<\/p>\n\n\n\n<p>Segundo a companhia, j\u00e1 foram iniciados estudos e a\u00e7\u00f5es corretivas em ambos os casos.<\/p>\n\n\n\n<p><\/p>\n\n\n\n<p><strong>Veja tamb\u00e9m<\/strong><\/p>\n\n\n\n<ul class=\"wp-block-list\"><li>De MadeiraMadeira a Hotmart:&nbsp;<a target=\"_blank\" href=\"https:\/\/investnews.com.br\/cafeina\/de-madeiramadeira-a-hotmart-brasil-bate-recorde-na-geracao-de-unicornios\/\" rel=\"noreferrer noopener\">Brasil bate recorde na gera\u00e7\u00e3o de unic\u00f3rnios<\/a><\/li><li>Qual \u00e9 a&nbsp;<a target=\"_blank\" href=\"https:\/\/investnews.com.br\/colunistas\/conexao-b3\/qual-e-a-vacina-contra-a-volatilidade\/\" rel=\"noreferrer noopener\">vacina contra a volatilidade<\/a>?<\/li><li>Por que o&nbsp;<a target=\"_blank\" href=\"https:\/\/investnews.com.br\/colunistas\/por-dentro-do-negocio\/por-que-o-gpa-precisou-rever-sua-estrategia-em-plataformas-digitais\/\" rel=\"noreferrer noopener\">GPA<\/a>&nbsp;precisou rever sua estrat\u00e9gia em plataformas digitais?<\/li><li>Como os&nbsp;<a target=\"_blank\" href=\"https:\/\/investnews.com.br\/analistas-em-acao\/como-os-etfs-podem-ajudar-na-diversificacao-da-carteira\/\" rel=\"noreferrer noopener\">ETFs<\/a>&nbsp;podem ajudar na diversifica\u00e7\u00e3o da carteira?<\/li><li><a target=\"_blank\" href=\"https:\/\/investnews.com.br\/geral\/esg-5-passos-para-avaliar-empresas-da-bolsa\/\" rel=\"noreferrer noopener\">ESG<\/a>&nbsp;\u00e9 teoria ou pr\u00e1tica? 5 passos para avaliar a conduta das empresas da bolsa<\/li><\/ul>\n","protected":false},"excerpt":{"rendered":"<p>A companhia estimou que a paralisa\u00e7\u00e3o pode ter um impacto de aproximadamente 1,5 milh\u00e3o de toneladas na produ\u00e7\u00e3o e compra de min\u00e9rio de ferro. <\/p>\n","protected":false},"author":61,"featured_media":273746,"comment_status":"closed","ping_status":"open","sticky":false,"template":"","format":"standard","meta":{"_acf_changed":false,"inline_featured_image":false,"footnotes":""},"categories":[6],"tags":[208],"autor-wsj":[],"coauthors":[2494],"class_list":["post-300462","post","type-post","status-publish","format-standard","has-post-thumbnail","hentry","category-negocios","tag-vale"],"acf":[],"amp_enabled":true,"_links":{"self":[{"href":"https:\/\/investnews.com.br\/inv-api\/wp\/v2\/posts\/300462","targetHints":{"allow":["GET"]}}],"collection":[{"href":"https:\/\/investnews.com.br\/inv-api\/wp\/v2\/posts"}],"about":[{"href":"https:\/\/investnews.com.br\/inv-api\/wp\/v2\/types\/post"}],"author":[{"embeddable":true,"href":"https:\/\/investnews.com.br\/inv-api\/wp\/v2\/users\/61"}],"replies":[{"embeddable":true,"href":"https:\/\/investnews.com.br\/inv-api\/wp\/v2\/comments?post=300462"}],"version-history":[{"count":1,"href":"https:\/\/investnews.com.br\/inv-api\/wp\/v2\/posts\/300462\/revisions"}],"predecessor-version":[{"id":300463,"href":"https:\/\/investnews.com.br\/inv-api\/wp\/v2\/posts\/300462\/revisions\/300463"}],"wp:featuredmedia":[{"embeddable":true,"href":"https:\/\/investnews.com.br\/inv-api\/wp\/v2\/media\/273746"}],"wp:attachment":[{"href":"https:\/\/investnews.com.br\/inv-api\/wp\/v2\/media?parent=300462"}],"wp:term":[{"taxonomy":"category","embeddable":true,"href":"https:\/\/investnews.com.br\/inv-api\/wp\/v2\/categories?post=300462"},{"taxonomy":"post_tag","embeddable":true,"href":"https:\/\/investnews.com.br\/inv-api\/wp\/v2\/tags?post=300462"},{"taxonomy":"autor-wsj","embeddable":true,"href":"https:\/\/investnews.com.br\/inv-api\/wp\/v2\/autor-wsj?post=300462"},{"taxonomy":"author","embeddable":true,"href":"https:\/\/investnews.com.br\/inv-api\/wp\/v2\/coauthors?post=300462"}],"curies":[{"name":"wp","href":"https:\/\/api.w.org\/{rel}","templated":true}]}}