{"id":300599,"date":"2022-01-17T13:59:30","date_gmt":"2022-01-17T16:59:30","guid":{"rendered":"https:\/\/investnews.com.br\/?p=300599"},"modified":"2022-01-17T16:34:25","modified_gmt":"2022-01-17T19:34:25","slug":"vale-samarco-usiminas-operacoes","status":"publish","type":"post","link":"https:\/\/investnews.com.br\/negocios\/vale-samarco-usiminas-operacoes\/","title":{"rendered":"Vale, Samarco e Usiminas retomam opera\u00e7\u00f5es em MG ap\u00f3s chuvas intensas"},"content":{"rendered":"\n<p>As mineradoras <strong>Vale<\/strong> (<a rel=\"noreferrer noopener\" href=\"https:\/\/investnews.com.br\/cotacao\/vale3-vale\/\" target=\"_blank\">VALE3<\/a>), <strong>Samarco<\/strong> e <strong>Usiminas<\/strong> (<a href=\"https:\/\/investnews.com.br\/cotacao\/usim3-usiminas\/\" class=\"rank-math-link\">USIM3<\/a>) retomaram opera\u00e7\u00f5es gradualmente ap\u00f3s a paralisa\u00e7\u00e3o de atividades durante o per\u00edodo de chuvas intensas que atingiram a importante regi\u00e3o mineradora do pa\u00eds na semana passada, conforme informaram as companhias.<\/p>\n\n\n\n<p>A Vale informou nesta segunda-feira que n\u00e3o h\u00e1 mais paralisa\u00e7\u00f5es de produ\u00e7\u00e3o em seu Sistema Sudeste devido \u00e0s chuvas e que suas atividades no Sistema Sul est\u00e3o em processo de retomada.<\/p>\n\n\n\n<p>A empresa estimou ainda um impacto de aproximadamente 1,5 milh\u00e3o de toneladas da produ\u00e7\u00e3o e compra de min\u00e9rio de ferro devido \u00e0s chuvas, e reiterou sua previs\u00e3o de produ\u00e7\u00e3o da commodity de 320-335 milh\u00f5es de toneladas para 2022.<\/p>\n\n\n\n<p>J\u00e1 a Samarco, joint venture da Vale com o grupo angloaustraliano BHP,, informou tamb\u00e9m nesta segunda-feira que suas opera\u00e7\u00f5es j\u00e1 voltaram ao normal na semana passada, sem entrar em detalhes.<\/p>\n\n\n\n<p>A produ\u00e7\u00e3o de concentrado de min\u00e9rio de ferro da Samarco chegou a operar com 50% da capacidade na semana passada, devido \u00e0 umidade elevada.<\/p>\n\n\n\n<p>A <a href=\"https:\/\/investnews.com.br\/negocios\/usiminas-paralisa-atividade-de-mineracao-apos-fortes-chuvas\/\" class=\"rank-math-link\">Usiminas<\/a>, por sua vez, comunicou no s\u00e1bado que a sua controlada Minera\u00e7\u00e3o Usiminas S.A.(Musa) iniciou, a partir de sexta-feira, a retomada de suas opera\u00e7\u00f5es de forma gradual.<\/p>\n\n\n\n<p>A empresa ressaltou, no entanto, que &#8220;as consequ\u00eancias das fortes chuvas na regi\u00e3o afetaram tamb\u00e9m as empresas que participam da cadeia log\u00edstica de escoamento de min\u00e9rio, e que a Musa est\u00e1 acompanhando a evolu\u00e7\u00e3o das a\u00e7\u00f5es implementadas por tais empresas de forma a assegurar a mais r\u00e1pida recupera\u00e7\u00e3o poss\u00edvel.&#8221;<\/p>\n\n\n\n<p>O an\u00fancio espont\u00e2neo de paradas de produ\u00e7\u00e3o de min\u00e9rio de ferro por mineradoras diante de intensas chuvas em Minas Gerais na semana passada e a pronta presen\u00e7a de equipes de fiscaliza\u00e7\u00e3o de suas atividades evidenciaram um incremento da governan\u00e7a ambiental e da transpar\u00eancia do setor brasileiro.<\/p>\n\n\n\n<p>O movimento ocorre enquanto a ind\u00fastria trabalha para reconquistar a confian\u00e7a da sociedade, ap\u00f3s ter sido protagonista de dram\u00e1ticos desastres mortais nos \u00faltimos anos, afirmaram especialistas e integrantes do segmento mineral \u00e0 Reuters.<\/p>\n\n\n\n<h2 class=\"wp-block-heading\">Atividades da Vale<\/h2>\n\n\n\n<p>A Vale detalhou ainda nesta segunda-feira que, no Sistema Sudeste, a circula\u00e7\u00e3o de trens na Estrada de Ferro Vit\u00f3ria a Minas foi retomada no trecho Rio Piracicaba &#8211; Jo\u00e3o Monlevade, permitindo a expedi\u00e7\u00e3o gradual da produ\u00e7\u00e3o de Brucutu e Mariana.<\/p>\n\n\n\n<p>J\u00e1 o ramal de BH, respons\u00e1vel pelo transporte de carga geral, encontra-se paralisado, disse a empresa. Est\u00e3o sendo estudadas alternativas log\u00edsticas para o retorno definitivo do ramal e para o escoamento da carga geral enquanto o ramal permanecer paralisado.<\/p>\n\n\n\n<p>No Sistema Sul, foram liberados alguns acessos rodovi\u00e1rios e viabilizados outros alternativos, permitindo a circula\u00e7\u00e3o de empregados e terceiros \u00e0s minas, e consequentemente, os trabalhos de adequa\u00e7\u00e3o da infraestrutura das frentes de lavra das minas. Segundo a Vale, v\u00e1rios trechos das ferrovias da MRS tiveram sua circula\u00e7\u00e3o de trens liberada ou t\u00eam previs\u00e3o de libera\u00e7\u00e3o ao longo da semana.<\/p>\n\n\n\n<p>Com isso, foram retomadas, de forma gradual, as usinas de Ab\u00f3boras, Vargem Grande, F\u00e1brica e Viga, que representam cerca de metade da capacidade atual do Sistema Sul.<\/p>\n\n\n\n<p>&#8220;As demais usinas dever\u00e3o ser retomadas nos pr\u00f3ximos dias, ap\u00f3s trabalhos adicionais de reestabelecimento das condi\u00e7\u00f5es operacionais adequadas e normaliza\u00e7\u00e3o das circula\u00e7\u00f5es de trens&#8221;, disse a mineradora.<\/p>\n\n\n\n<p>Em rela\u00e7\u00e3o a suas barragens na regi\u00e3o, a companhia disse que permanece com gest\u00e3o e monitoramento cont\u00ednuo.<\/p>\n\n\n\n<p>A mineradora informou sobre uma altera\u00e7\u00e3o nas condi\u00e7\u00f5es de seguran\u00e7a de duas estruturas. Na barragem \u00c1rea IX, houve eleva\u00e7\u00e3o do protocolo de emerg\u00eancia de n\u00edvel 1 para n\u00edvel 2, ap\u00f3s altera\u00e7\u00f5es piezom\u00e9tricas na ombreira direita da estrutura. A estrutura est\u00e1 desativada.<\/p>\n\n\n\n<p>J\u00e1 em Dique Elefante, a Vale iniciou o protocolo de emerg\u00eancia em n\u00edvel 1, ap\u00f3s eros\u00e3o na ombreira direita da estrutura, sem o comprometimento de sua estabilidade global. O dique de conten\u00e7\u00e3o de sedimentos est\u00e1 em descaracteriza\u00e7\u00e3o.<\/p>\n\n\n\n<p>Segundo a companhia, j\u00e1 foram iniciados estudos e a\u00e7\u00f5es corretivas em ambos os casos.<\/p>\n\n\n\n<p><strong>Veja tamb\u00e9m<\/strong><\/p>\n\n\n\n<ul class=\"wp-block-list\"><li>De MadeiraMadeira a Hotmart:&nbsp;<a target=\"_blank\" href=\"https:\/\/investnews.com.br\/cafeina\/de-madeiramadeira-a-hotmart-brasil-bate-recorde-na-geracao-de-unicornios\/\" rel=\"noreferrer noopener\">Brasil bate recorde na gera\u00e7\u00e3o de unic\u00f3rnios<\/a><\/li><li>Qual \u00e9 a&nbsp;<a target=\"_blank\" href=\"https:\/\/investnews.com.br\/colunistas\/conexao-b3\/qual-e-a-vacina-contra-a-volatilidade\/\" rel=\"noreferrer noopener\">vacina contra a volatilidade<\/a>?<\/li><li>Por que o&nbsp;<a target=\"_blank\" href=\"https:\/\/investnews.com.br\/colunistas\/por-dentro-do-negocio\/por-que-o-gpa-precisou-rever-sua-estrategia-em-plataformas-digitais\/\" rel=\"noreferrer noopener\">GPA<\/a>&nbsp;precisou rever sua estrat\u00e9gia em plataformas digitais?<\/li><li>Como os&nbsp;<a target=\"_blank\" href=\"https:\/\/investnews.com.br\/analistas-em-acao\/como-os-etfs-podem-ajudar-na-diversificacao-da-carteira\/\" rel=\"noreferrer noopener\">ETFs<\/a>&nbsp;podem ajudar na diversifica\u00e7\u00e3o da carteira?<\/li><li><a target=\"_blank\" href=\"https:\/\/investnews.com.br\/geral\/esg-5-passos-para-avaliar-empresas-da-bolsa\/\" rel=\"noreferrer noopener\">ESG<\/a>&nbsp;\u00e9 teoria ou pr\u00e1tica? 5 passos para avaliar a conduta das empresas da bolsa<\/li><\/ul>\n","protected":false},"excerpt":{"rendered":"<p>A Vale informou que n\u00e3o h\u00e1 mais paralisa\u00e7\u00f5es de produ\u00e7\u00e3o em seu Sistema Sudeste devido \u00e0s chuvas e que suas atividades no Sistema Sul est\u00e3o em processo de retomada.<\/p>\n","protected":false},"author":61,"featured_media":29870,"comment_status":"closed","ping_status":"open","sticky":false,"template":"","format":"standard","meta":{"_acf_changed":false,"inline_featured_image":false,"footnotes":""},"categories":[6],"tags":[207,208,2392],"autor-wsj":[],"coauthors":[2494],"class_list":["post-300599","post","type-post","status-publish","format-standard","has-post-thumbnail","hentry","category-negocios","tag-usiminas","tag-vale","tag-samarco"],"acf":[],"amp_enabled":true,"_links":{"self":[{"href":"https:\/\/investnews.com.br\/inv-api\/wp\/v2\/posts\/300599","targetHints":{"allow":["GET"]}}],"collection":[{"href":"https:\/\/investnews.com.br\/inv-api\/wp\/v2\/posts"}],"about":[{"href":"https:\/\/investnews.com.br\/inv-api\/wp\/v2\/types\/post"}],"author":[{"embeddable":true,"href":"https:\/\/investnews.com.br\/inv-api\/wp\/v2\/users\/61"}],"replies":[{"embeddable":true,"href":"https:\/\/investnews.com.br\/inv-api\/wp\/v2\/comments?post=300599"}],"version-history":[{"count":1,"href":"https:\/\/investnews.com.br\/inv-api\/wp\/v2\/posts\/300599\/revisions"}],"predecessor-version":[{"id":300603,"href":"https:\/\/investnews.com.br\/inv-api\/wp\/v2\/posts\/300599\/revisions\/300603"}],"wp:featuredmedia":[{"embeddable":true,"href":"https:\/\/investnews.com.br\/inv-api\/wp\/v2\/media\/29870"}],"wp:attachment":[{"href":"https:\/\/investnews.com.br\/inv-api\/wp\/v2\/media?parent=300599"}],"wp:term":[{"taxonomy":"category","embeddable":true,"href":"https:\/\/investnews.com.br\/inv-api\/wp\/v2\/categories?post=300599"},{"taxonomy":"post_tag","embeddable":true,"href":"https:\/\/investnews.com.br\/inv-api\/wp\/v2\/tags?post=300599"},{"taxonomy":"autor-wsj","embeddable":true,"href":"https:\/\/investnews.com.br\/inv-api\/wp\/v2\/autor-wsj?post=300599"},{"taxonomy":"author","embeddable":true,"href":"https:\/\/investnews.com.br\/inv-api\/wp\/v2\/coauthors?post=300599"}],"curies":[{"name":"wp","href":"https:\/\/api.w.org\/{rel}","templated":true}]}}