{"id":301146,"date":"2022-01-19T10:58:11","date_gmt":"2022-01-19T13:58:11","guid":{"rendered":"https:\/\/investnews.com.br\/?p=301146"},"modified":"2022-01-19T10:58:14","modified_gmt":"2022-01-19T13:58:14","slug":"raizen-cria-vice-presidencia-de-estrategia-que-sera-liderada-por-paula-kovarsky","status":"publish","type":"post","link":"https:\/\/investnews.com.br\/negocios\/raizen-cria-vice-presidencia-de-estrategia-que-sera-liderada-por-paula-kovarsky\/","title":{"rendered":"Ra\u00edzen cria vice-presid\u00eancia de estrat\u00e9gia que ser\u00e1 liderada por  Paula Kovarsky"},"content":{"rendered":"\n<p>A<strong> <\/strong>empresa de energia<strong> Ra\u00edzen\u00a0<\/strong><a href=\"https:\/\/investnews.com.br\/cotacao\/raiz4-raizen\/\" class=\"rank-math-link\">(RAIZ4)<\/a> comunicou a cria\u00e7\u00e3o de uma\u00a0v<strong>ice-presid\u00eancia de estrat\u00e9gia<\/strong>, n\u00e3o estatut\u00e1ria, que ser\u00e1 respons\u00e1vel pela combina\u00e7\u00e3o das \u00e1reas de Estrat\u00e9gia, Novos Neg\u00f3cios, M&amp;A e Sustentabilidade. <\/p>\n\n\n\n<p>A companhia informou que a nova \u00e1rea, que tem o objetivo de &#8220;refor\u00e7ar&#8221; o compromisso com a aloca\u00e7\u00e3o sustent\u00e1vel de capital, ser\u00e1 liderada pela Paula Kovarsky. Antes de se juntar \u00e0 Ra\u00edzen, a executiva ocupava o cargo de diretora de rela\u00e7\u00f5es com investidores e <a href=\"https:\/\/investnews.com.br\/guias\/tudo-sobre-esg\/\">ESG<\/a> (pr\u00e1ticas sociais, ambientais e corporativa) na Cosan (grupo do qual a Ra\u00edzen pertence) onde foi respons\u00e1vel pelo desenvolvimento da estrat\u00e9gia ESG.<\/p>\n\n\n\n<p>&#8220;A cria\u00e7\u00e3o desta vice-presid\u00eancia est\u00e1 alinhada \u00e0 nossa miss\u00e3o de redefinir o futuro da energia com foco na estrat\u00e9gia de gerar valor para clientes, consumidores, fornecedores e acionistas&#8221;, esclareceu a empresa em comunicado. <\/p>\n\n\n\n<h2 class=\"wp-block-heading\">Recompra de pap\u00e9is<\/h2>\n\n\n\n<p>Tamb\u00e9m em nota, a Ra\u00edzen informou que, al\u00e9m da autoriza\u00e7\u00e3o para recompra de pap\u00e9is obtida da B3 para redu\u00e7\u00e3o do percentual m\u00ednimo de a\u00e7\u00f5es em circula\u00e7\u00e3o (free float), dos atuais 12% para um limite de at\u00e9 10%, os acionistas controladores tamb\u00e9m poder\u00e3o comprar a\u00e7\u00f5es em circula\u00e7\u00e3o no mercado.<\/p>\n\n\n\n<p>A companhia informou que, como contrapartida \u00e0 autoriza\u00e7\u00e3o da bolsa brasileira, mant\u00e9m o compromisso de atingir, at\u00e9 31 de dezembro de 2022, um percentual m\u00ednimo de a\u00e7\u00f5es em circula\u00e7\u00e3o de 15%, bem como seguir com o servi\u00e7o de formador de mercado contratado at\u00e9 que o percentual seja atingido. <\/p>\n\n\n\n<p><strong>Veja tamb\u00e9m<\/strong> <\/p>\n\n\n\n<ul class=\"wp-block-list\"><li>Seis&nbsp;<a target=\"_blank\" href=\"https:\/\/investnews.com.br\/cafeina\/seis-investimentos-de-10-superam-inflacao-na-decada-veja-quais\/\" rel=\"noreferrer noopener\">investimentos que superaram a infla\u00e7\u00e3o na d\u00e9cada<\/a>; veja quais<\/li><li>Por que&nbsp;<a target=\"_blank\" href=\"https:\/\/investnews.com.br\/colunistas\/invista-melhor\/por-que-fusoes-e-aquisicoes-podem-dar-errado\/\" rel=\"noreferrer noopener\">fus\u00f5es e aquisi\u00e7\u00f5es<\/a>&nbsp;podem dar errado?<\/li><li><a target=\"_blank\" href=\"https:\/\/investnews.com.br\/geral\/licenciamento-2022-como-pagar-e-consultar\/\" rel=\"noreferrer noopener\">Licenciamento 2022<\/a>: saiba como pagar e emitir o documento para seu ve\u00edculo<\/li><li>\u2018Pr\u00f3ximos&nbsp;<a target=\"_blank\" href=\"https:\/\/investnews.com.br\/negocios\/proximos-unicornios-serao-startups-sustentaveis-diz-larry-fink-em-carta-anual\/\" rel=\"noreferrer noopener\">unic\u00f3rnios<\/a>&nbsp;ser\u00e3o startups sustent\u00e1veis\u2019, diz Larry Fink em carta anual<\/li><li>Petr\u00f3leo sobe,&nbsp;<a target=\"_blank\" href=\"https:\/\/investnews.com.br\/boletim-investnews\/petroleo-sobe-acao-da-petrorio-dispara-e-a-da-petrobras-mal-se-mexe-por-que\/\" rel=\"noreferrer noopener\">a\u00e7\u00e3o da Petrorio<\/a>&nbsp;dispara e a da Petrobras mal se mexe; por qu\u00ea?<\/li><\/ul>\n","protected":false},"excerpt":{"rendered":"<p>Executiva ocupava o cargo de diretora de rela\u00e7\u00f5es com investidores e ESG na Cosan, holding dona da empresa. <\/p>\n","protected":false},"author":53,"featured_media":232647,"comment_status":"closed","ping_status":"open","sticky":false,"template":"","format":"standard","meta":{"_acf_changed":false,"inline_featured_image":false,"footnotes":""},"categories":[6],"tags":[2376],"autor-wsj":[],"coauthors":[2433],"class_list":["post-301146","post","type-post","status-publish","format-standard","has-post-thumbnail","hentry","category-negocios","tag-raizen"],"acf":[],"amp_enabled":true,"_links":{"self":[{"href":"https:\/\/investnews.com.br\/inv-api\/wp\/v2\/posts\/301146","targetHints":{"allow":["GET"]}}],"collection":[{"href":"https:\/\/investnews.com.br\/inv-api\/wp\/v2\/posts"}],"about":[{"href":"https:\/\/investnews.com.br\/inv-api\/wp\/v2\/types\/post"}],"author":[{"embeddable":true,"href":"https:\/\/investnews.com.br\/inv-api\/wp\/v2\/users\/53"}],"replies":[{"embeddable":true,"href":"https:\/\/investnews.com.br\/inv-api\/wp\/v2\/comments?post=301146"}],"version-history":[{"count":4,"href":"https:\/\/investnews.com.br\/inv-api\/wp\/v2\/posts\/301146\/revisions"}],"predecessor-version":[{"id":301157,"href":"https:\/\/investnews.com.br\/inv-api\/wp\/v2\/posts\/301146\/revisions\/301157"}],"wp:featuredmedia":[{"embeddable":true,"href":"https:\/\/investnews.com.br\/inv-api\/wp\/v2\/media\/232647"}],"wp:attachment":[{"href":"https:\/\/investnews.com.br\/inv-api\/wp\/v2\/media?parent=301146"}],"wp:term":[{"taxonomy":"category","embeddable":true,"href":"https:\/\/investnews.com.br\/inv-api\/wp\/v2\/categories?post=301146"},{"taxonomy":"post_tag","embeddable":true,"href":"https:\/\/investnews.com.br\/inv-api\/wp\/v2\/tags?post=301146"},{"taxonomy":"autor-wsj","embeddable":true,"href":"https:\/\/investnews.com.br\/inv-api\/wp\/v2\/autor-wsj?post=301146"},{"taxonomy":"author","embeddable":true,"href":"https:\/\/investnews.com.br\/inv-api\/wp\/v2\/coauthors?post=301146"}],"curies":[{"name":"wp","href":"https:\/\/api.w.org\/{rel}","templated":true}]}}