{"id":30223,"date":"2021-01-08T05:00:00","date_gmt":"2021-01-08T08:00:00","guid":{"rendered":"https:\/\/investnews.com.br\/?p=30223"},"modified":"2021-01-08T20:48:47","modified_gmt":"2021-01-08T23:48:47","slug":"pais-esta-longe-de-estar-quebrado-mas-tem-crise-de-gestao-diz-economista","status":"publish","type":"post","link":"https:\/\/investnews.com.br\/economia\/pais-esta-longe-de-estar-quebrado-mas-tem-crise-de-gestao-diz-economista\/","title":{"rendered":"&#8216;Pa\u00eds est\u00e1 longe de estar quebrado, mas tem crise de gest\u00e3o&#8217;, diz economista"},"content":{"rendered":"\n<p>O presidente voltou a dizer nesta\nquinta-feira (7) que o Brasil est\u00e1 \u201cquebrado\u201d. Em conversa com apoiadores em frente\nao Pal\u00e1cio da Alvorada, Jair Bolsonaro disse que o Brasil \u201cest\u00e1 quebrado, na\nquest\u00e3o p\u00fablica, est\u00e1\u201d. <\/p>\n\n\n\n<p>A frase foi dita dois dias depois de <a href=\"https:\/\/investnews.com.br\/geral\/5-fatos-para-hoje-bolsonaro-contradiz-economia-mais-democratas-no-senado\/\" class=\"rank-math-link\">Bolsonaro afirmar que o Brasil est\u00e1 quebrado e, por isso, ele n\u00e3o pode \u201cfazer nada\u201d<\/a>. &#8220;Chefe, o Brasil est\u00e1 quebrado, chefe. Eu n\u00e3o consigo fazer nada. Eu queria mexer na tabela do <a href=\"https:\/\/investnews.com.br\/guias\/imposto-de-renda-o-que-e\/\">Imposto de Renda<\/a>, teve esse v\u00edrus potencializado pela m\u00eddia que n\u00f3s temos a\u00ed, essa m\u00eddia sem car\u00e1ter\u201d, afirmou tamb\u00e9m em conversa com os apoiadores na segunda-feira (5).<\/p>\n\n\n\n<p>A fala repercutiu mal entre pol\u00edticos e economistas. Na quinta, ao retomar o assunto, o presidente comentou a repercuss\u00e3o. \u201cFalei que o Brasil estava quebrado, e est\u00e1 quebrado, na quest\u00e3o p\u00fablica, est\u00e1. V\u00ea se os prefeitos n\u00e3o est\u00e3o quebrados, est\u00e3o no limite, pagando suas despesas obrigat\u00f3rias. T\u00e1 no limite&#8221;, disse. <\/p>\n\n\n\n<p>Para o economista Leonardo Trevisan, professor de Rela\u00e7\u00f5es Internacionais da ESPM SP, o presidente parece estar \u201cdesinformado\u201d. Ele comenta que <strong>dados macroecon\u00f4micos como o n\u00edvel de reservas cambiais e o com\u00e9rcio exterior do Brasil deixam o pa\u00eds distante de uma situa\u00e7\u00e3o de \u201cquebradeira\u201d<\/strong> \u2013 apesar da quest\u00e3o fiscal seguir preocupando e do desemprego elevado continuar prejudicando o quadro social. <\/p>\n\n\n\n<p>\u201cO pa\u00eds est\u00e1 longe de estar quebrado, e tem, sim, uma crise de gest\u00e3o\u201d, afirmou Trevisan ao <strong>InvestNews<\/strong>. Veja abaixo os principais pontos da entrevista:<\/p>\n\n\n\n<h4 class=\"wp-block-heading\">IN$ &#8211; O Brasil est\u00e1 mesmo \u201cquebrado\u201d?<\/h4>\n\n\n\n<p><strong>Leonardo Trevisan \u2013 <\/strong>\u201cEu tomo bastante cuidado com as palavras, e a minha primeira palavra \u00e9 que o presidente est\u00e1 desinformado. O Brasil n\u00e3o est\u00e1 quebrado. Se ele chamar o ministro da Economia, o presidente do Banco Central e o diretor da Cacex (Carteira de Com\u00e9rcio Exterior do Banco do Brasil), que cuida de exporta\u00e7\u00e3o, ele vai ter not\u00edcias um pouco diferentes daquelas que ele j\u00e1 viu. Eu acho que isso revela um quadro bastante complicado, para n\u00e3o usar a palavra &#8220;perigoso&#8221;, que \u00e9 o presidente estar desinformado da real situa\u00e7\u00e3o do pa\u00eds. Qualquer empresa em que o presidente est\u00e1 desinformado sobre como vai o seu fluxo de caixa, como vai a sua produ\u00e7\u00e3o, a empresa est\u00e1 emitindo sinais ruins. O que n\u00f3s temos de fato \u00e9 que, se voc\u00ea olhar v\u00e1rios dados macroecon\u00f4micos, o Brasil n\u00e3o est\u00e1 numa situa\u00e7\u00e3o dif\u00edcil, muito pelo contr\u00e1rio. <\/p>\n\n\n\n<h4 class=\"wp-block-heading\">IN$ &#8211; Quais s\u00e3o esses dados que levam\n\u00e0 conclus\u00e3o de que a situa\u00e7\u00e3o n\u00e3o pode ser apontada como \u201cdif\u00edcil\u201d?<\/h4>\n\n\n\n<p><strong>Leonardo Trevisan \u2013<\/strong> \u201cEu vou dar alguns n\u00fameros e acho que a gente precisa se basear por eles.&nbsp;O ex-ministro&nbsp;M\u00e1rio Henrique Simonsen tinha uma frase muito interessante que eu acho que o presidente deveria ser apresentado a ela. Ele dizia que <strong>&#8220;crise comercial aleija, e crise cambial mata&#8221;. O Brasil n\u00e3o vive nem uma e nem outra. <\/strong><\/p>\n\n\n\n<p>Hoje, n\u00f3s n\u00e3o temos d\u00e9ficit comercial. <a href=\"https:\/\/investnews.com.br\/economia\/balanca-comercial-fecha-2020-com-superavit-de-quase-51-bilhoes\/\" class=\"rank-math-link\">N\u00f3s vamos fechar o ano com super\u00e1vit comercial de US$ 51 bilh\u00f5es.<\/a> Praticamente 18% acima de todas as proje\u00e7\u00f5es do mercado.&nbsp;E com uma expans\u00e3o de mais de 25% em rela\u00e7\u00e3o ao nosso principal mercado que \u00e9 a China. Do que n\u00f3s vendemos, um ter\u00e7o vai \u00e9 para a China. Isso \u00e9 um sinal saud\u00e1vel do nosso com\u00e9rcio exterior. Porque \u00e9 indiscut\u00edvel que a China ser\u00e1 o \u00fanico pa\u00eds do mundo que vai crescer em 2020. A China vai crescer 1,8%, e tem uma previs\u00e3o de crescer mais de 10% no ano que vem. N\u00f3s vendemos para um mercado que vai crescer. Portanto, <strong>n\u00f3s n\u00e3o temos apenas um super\u00e1vit em 2020, n\u00f3s temos uma expectativa de super\u00e1vit ainda maior em 2021. O presidente precisa ser informado disso.&nbsp;<\/strong><\/p>\n\n\n\n<p>Se o presidente n\u00e3o sabe, os dois\nprincipais produtos da nossa pauta de exporta\u00e7\u00f5es, min\u00e9rio de ferro e soja, t\u00eam\npre\u00e7os ascendentes. H\u00e1 uma expectativa de crescimento dos pre\u00e7os que est\u00e1\nregistrada. O <a href=\"https:\/\/investnews.com.br\/guias\/mercado-futuro-o-que-e-e-como-investir\/\">mercado futuro<\/a> j\u00e1 registra o crescimento desses dos produtos.\nEnt\u00e3o, portanto, o que n\u00f3s vendemos, nosso super\u00e1vit comercial, anula qualquer\npossibilidade de d\u00e9ficit comercial. Portanto, aquilo que era o alerta de crise\nde com\u00e9rcio, que \u00e9 o que aleija, n\u00f3s n\u00e3o temos.&nbsp;<\/p>\n\n\n\n<p>Quanto \u00e0 crise cambial, me desculpe, o presidente precisa tomar um cafezinho com o presidente do Banco Central. Em dezembro de 2019, o Brasil tinha uma reserva cambial de US$ 356,8 bilh\u00f5es. Em dezembro de 2020, n\u00f3s temos uma reserva cambial de US$ 356,9. <strong>N\u00f3s crescemos nas reservas cambiais. O motivo disso \u00e9 que praticamente n\u00f3s temos 80% das nossas reservas em t\u00edtulos do governo americano, que se valorizaram porque o mundo inteiro em 2020 quis comprar. <\/strong>\u00c9 como se eu tivesse um carro que valorizou o pre\u00e7o. <\/p>\n\n\n\n<p>Portanto, estamos absolutamente bem. <strong>N\u00f3s somos credores em d\u00f3lar. <\/strong>N\u00f3s temos uma d\u00edvida externa em d\u00f3lar que \u00e9 menor que a nossa reserva.&nbsp;N\u00f3s estamos bem longe de ser aquele pa\u00eds quebrado dos anos 80 e 90.&nbsp;<\/p>\n\n\n\n<h4 class=\"wp-block-heading\">IN$ &#8211; O mercado externo sabe\ndisso? A frase do presidente gerou receio entre alguns economistas sobre a poss\u00edvel\nrepercuss\u00e3o entre os investidores estrangeiro. <\/h4>\n\n\n\n<p><strong>Leonardo Trevisan \u2013<\/strong> \u201cExatamente porque os n\u00fameros s\u00e3o esses que, nos \u00faltimos 3 meses de 2020, no \u00faltimo trimestre de 2020, a bolsa brasileira recebeu um ingresso de US$ 56 bilh\u00f5es. <strong>N\u00f3s recuperamos boa parte do que perdemos no come\u00e7o da crise da pandemia, dos d\u00f3lares que sa\u00edram.<\/strong> \u00c9 este o motivo pelo qual o d\u00f3lar despencou. Porque est\u00e1 entrando d\u00f3lar. Ent\u00e3o, de alguma forma, o cen\u00e1rio externo em absoluto n\u00e3o concorda com o presidente. <strong>O Brasil n\u00e3o est\u00e1 quebrado. <\/strong><\/p>\n\n\n\n<p>Se voc\u00ea fosse a gestora de um\nfundo de investimentos externo, voc\u00ea colocaria dinheiro num pa\u00eds quebrado? N\u00f3s\ntemos US$ 56 bilh\u00f5es de entrada de d\u00f3lares para investimentos de risco, em\nbolsa, que evidentemente \u00e9 um sinal de que o pa\u00eds tem um grau de investimento\nque interessa a esse investidor. <\/p>\n\n\n\n<p>Se n\u00f3s olhamos para esse quadro,\ntemos que olhar tamb\u00e9m por que o investidor fez isso.&nbsp;Porque a nossa\nrela\u00e7\u00e3o entre d\u00edvida e PIB (exatamente pelo com\u00e9rcio externo, exatamente pela\nquest\u00e3o da reserva) baixou, e n\u00e3o aumentou. Em outubro, n\u00f3s t\u00ednhamos 92%. Em\nnovembro, de 89%. Porque a atividade econ\u00f4mica no pa\u00eds se recuperou.&nbsp;<\/p>\n\n\n\n<h4 class=\"wp-block-heading\">IN$ &#8211; Por outro lado, em quais\naspectos podemos dizer que estamos \u201cquebrados\u201d?<\/h4>\n\n\n\n<p><strong>Leonadro Trevisan &#8211;<\/strong> \u00c9 como eu disse no in\u00edcio. <strong>Os dados macroecon\u00f4micos, que \u00e9 o que diz se o pa\u00eds est\u00e1 quebrado ou n\u00e3o, em absoluto n\u00e3o concordam com essa an\u00e1lise do presidente. <\/strong>Uma coisa sim que est\u00e1 &#8220;quebrada&#8221; s\u00e3o as atitudes e as a\u00e7\u00f5es do governo. Desculpe. O governo, sim, est\u00e1 sem saber muito o que fazer. Esses n\u00fameros que eu dei s\u00e3o produto n\u00e3o de Bras\u00edlia, mas do Brasil. <strong>S\u00e3o os dados de um pa\u00eds que est\u00e1 funcionando. E que n\u00e3o t\u00eam nada a ver com a nossa d\u00edvida social, com nossos dados microecon\u00f4micos, que s\u00e3o bastante ruins.&nbsp;<\/strong><\/p>\n\n\n\n<p>O crescimento do desemprego, e todos os males que isso traz, \u00e9 bastante preocupante. <a href=\"https:\/\/investnews.com.br\/economia\/desemprego-no-brasil-atinge-recorde-de-146-no-3o-timestre\/\" class=\"rank-math-link\">Esses 14,6% significam 14 milh\u00f5es de pessoas sem trabalho<\/a>. E isso s\u00e3o aqueles que procuraram emprego nos \u00faltimos meses. Porque, quando voc\u00ea soma os desalentados, que s\u00e3o aqueles que pararam de procurar emprego h\u00e1 bastante tempo e est\u00e3o s\u00f3 esperando oportunidade pra voltar ao mercado de trabalho, voc\u00ea soma mais 5 milh\u00f5es de pessoas. <\/p>\n\n\n\n<p>E as pessoas no subemprego tamb\u00e9m. Entenda bem o que \u00e9 subemprego: aquele sujeito que s\u00f3 trabalha no dia que tem feira. Ele n\u00e3o trabalha a quantidade de vezes que ele gostaria, o n\u00famero de horas que ele gostaria. N\u00f3s temos 11 milh\u00f5es de brasileiros nessa situa\u00e7\u00e3o. Some para voc\u00ea ver. D\u00e1 mais de 30 milh\u00f5es de pessoas.&nbsp;Agora, curiosamente, n\u00e3o \u00e9 sobre esse &#8220;Brasil real&#8221; que o presidente revela preocupa\u00e7\u00e3o. <\/p>\n\n\n\n<h4 class=\"wp-block-heading\">IN$ &#8211; Por qu\u00ea?<\/h4>\n\n\n\n<p><strong>Leonardo Trevisan &#8211;<\/strong> Ele disse que onde ele v\u00ea um Brasil &#8220;quebrado&#8221; \u00e9 porque ele queria corrigir a tabela do Imposto de Renda. Uma esp\u00e9cie de agrado \u00e0 classe m\u00e9dia. Ora, o motivo pelo qual ele n\u00e3o conseguiu corrigir a tabela \u00e9 que ele n\u00e3o fez qualquer esfor\u00e7o na dire\u00e7\u00e3o de uma reforma tribut\u00e1ria. A reforma tribut\u00e1ria foi sucessivamente adiada. O governo n\u00e3o se posiciona. N\u00e3o cuida nem mesmo da quest\u00e3o or\u00e7ament\u00e1ria. A PEC Emergencial ele n\u00e3o moderou para que acontecesse. <strong>Ent\u00e3o, a situa\u00e7\u00e3o do Estado brasileiro \u00e9 grave. E, me desculpe, a situa\u00e7\u00e3o do Estado brasileiro \u00e9 grave e n\u00e3o \u00e9 por causa da pandemia. Ela s\u00f3 agravou a situa\u00e7\u00e3o em que o Estado Brasileiro fez de alguma forma erros bastante graves.&nbsp;<\/strong><\/p>\n\n\n\n<p>O jornal &#8220;O Estado de S.Paulo&#8221; publicou um estudo do Instituto Brasileiro de Economia da Funda\u00e7\u00e3o Getulio Vargas (Ibre\/FGV) dizendo que as despesas do setor p\u00fablico, que \u00e9 de direta dire\u00e7\u00e3o do senhor presidente, passaram do equivalente a 38,4% do Produto Interno Bruto em 2010 para 42,7% em 2019. <strong>Entre 2018 e 2019, os gastos do setor p\u00fablico no Brasil cresceram 3,6%. E n\u00e3o era pandemia. <\/strong>Ent\u00e3o, se h\u00e1 um desequil\u00edbrio&#8230; De alguma forma, o setor p\u00fablico brasileiro ficou um pouco aqu\u00e9m dos problemas que tem. O pa\u00eds est\u00e1 longe de estar quebrado, e tem, sim, uma crise de gest\u00e3o. Tanto isso \u00e9 fato que n\u00e3o conseguimos fazer nenhuma das reformas que n\u00f3s t\u00ednhamos programado. A reforma administrativa n\u00e3o andou, a tribut\u00e1ria n\u00e3o andou. <\/p>\n\n\n\n<h4 class=\"wp-block-heading\">IN$ &#8211; O problema das contas\np\u00fablicas vem sendo apontado com frequ\u00eancia como o principal entrave do crescimento.\nNo mercado, existe a preocupa\u00e7\u00e3o sobre a capacidade do governo de conseguir\nhonrar seus compromissos, ou seja, com a solv\u00eancia. Como voc\u00ea v\u00ea essa quest\u00e3o?<\/h4>\n\n\n\n<p><strong>Leonardo Trevisan &#8211;<\/strong> Quando a gente olha para a despesa fiscal, o quadro fiscal, basta esse n\u00famero que o economista Marcos Mendes tem repetido. Ele \u00e9 o principal articulador do teto de gastos, sabe exatamente do que est\u00e1 falando. O d\u00e9ficit p\u00fablico brasileiro se constr\u00f3i porque ano ap\u00f3s ano, nos \u00faltimos 10 anos, as despesas do governo crescem de 6 a 7% acima da infla\u00e7\u00e3o. Nenhuma empresa resiste a isso. <\/p>\n\n\n\n<p>(&#8230;) O d\u00e9ficit fiscal continua\ncrescendo. Ent\u00e3o, de alguma forma, n\u00f3s vamos caminhar para um desequil\u00edbrio\nmuito grande.&nbsp;E, nos dois primeiros anos de governo Bolsonaro, n\u00e3o se\nenfrentou esse problema.&nbsp;<\/p>\n\n\n\n<h4 class=\"wp-block-heading\">IN$ &#8211; Temos ent\u00e3o um risco de\nsolv\u00eancia?<\/h4>\n\n\n\n<p><strong>Leonardo Trevisan &#8211; <\/strong>Ah, sim. N\u00e3o h\u00e1 d\u00favida nenhuma.&nbsp;<\/p>\n\n\n\n<h4 class=\"wp-block-heading\">IN$ &#8211; E, se chegarmos a essa situa\u00e7\u00e3o,\na\u00ed sim estaremos \u201cquebrados\u201d? <\/h4>\n\n\n\n<p><strong>Leonardo Trevisan &#8211; <\/strong>N\u00e3o h\u00e1 d\u00favida alguma. Porque, a longo prazo, quando voc\u00ea olha para frente, daqui a 4, 5 anos, vai ter o d\u00e9ficit crescendo. \u00c9 evidente que precisa de uma reforma administrativa no Brasil.&nbsp;Isso n\u00e3o quer dizer que os funcion\u00e1rios p\u00fablicos s\u00e3o os respons\u00e1veis pelo mal. N\u00e3o \u00e9 nenhuma ca\u00e7a \u00e0s bruxas. \u00c9 ger\u00eancia de recursos.<\/p>\n\n\n\n<p><strong>Isso tudo me leva a pensar que est\u00e1 mais quebrada a quest\u00e3o da gest\u00e3o p\u00fablica do que o pa\u00eds em si.<\/strong> Foi um erro grave, express\u00e3o mal utilizada. E isso precisa ser deixado bem claro.&nbsp;<\/p>\n\n\n\n<p>E essa situa\u00e7\u00e3o vai ficar\nbastante mais grave porque, no ano que vem, n\u00f3s n\u00e3o teremos, para usar a\nexpress\u00e3o que os economistas gostam, esse anabolizante m\u00e1gico que \u00e9 o aux\u00edlio\nemergencial. N\u00e3o h\u00e1 recursos para isso. E, como os fatos parecem estar\nsinalizando, as vacinas n\u00e3o ser\u00e3o instant\u00e2neas e nada parece ter sido combinado\ncom o v\u00edrus. Ele segue fazendo o que bem quer. Eu temo que n\u00f3s podemos ter um\nproblem\u00e3o do ponto de vista da crise social do pa\u00eds.&nbsp;<\/p>\n\n\n\n<h4 class=\"wp-block-heading\">IN$ &#8211; Pensando em pa\u00edses que est\u00e3o de fato \u201cquebrados\u201d, que\ncompara\u00e7\u00e3o podemos fazer com o Brasil? \u00c9 o caso da Venezuela, por exemplo?<\/h4>\n\n\n\n<p><strong>Leonardo Trevisan &#8211;<\/strong> A Venezuela est\u00e1 quebrada n\u00e3o \u00e9 apenas por uma quest\u00e3o pol\u00edtica. O lado pol\u00edtico ficou pior. A Venezuela est\u00e1 quebrada porque o barril de petr\u00f3leo, que custava US$ 130, caiu para US$ 40. A situa\u00e7\u00e3o ficou muito dram\u00e1tica na Venezuela porque ela \u00e9 dependente exclusiva desse trabalho, tem um PIB extremamente concentrado em explora\u00e7\u00e3o de petr\u00f3leo. \u00c9 um caso muito espec\u00edfico e muito isolado, \u00e9 melhor a gente n\u00e3o comparar.&nbsp;<\/p>\n\n\n\n<p><strong>O que podemos comparar s\u00e3o os nossos irm\u00e3os argentinos. <\/strong>Um pa\u00eds quebrado que este ano est\u00e1 comemorando que vai ficar com 45% de infla\u00e7\u00e3o. \u00c9 um caso quase \u00fanico no mundo. A Turquia, por exemplo, que agora est\u00e1 tendo uma s\u00e9rie de problemas, est\u00e1 desesperada porque a infla\u00e7\u00e3o chegou a 12%. <\/p>\n\n\n\n<p><strong>O quadro na Argentina \u00e9 o de um pa\u00eds sem reservas cambiais, enquanto a nossa cresceu, e n\u00e3o caiu. <\/strong>\u00c9 um quadro de um pa\u00eds que tem d\u00e9ficits fiscais brutais e acumulou uma d\u00edvida externa, principalmente no final do governo Macri, com US$ 51 bilh\u00f5es para a Argentina do FMI. Isso \u00e9 um pa\u00eds quebrado. Que n\u00e3o tem recurso sequer para gerenciar o valor do d\u00f3lar, um d\u00e9ficit fiscal brutal de 106%. <\/p>\n\n\n\n<p><strong>A Argentina, mesmo sendo uma grande produtora de produtos prim\u00e1rios, n\u00e3o teve o super\u00e1vit que n\u00f3s tivemos em rela\u00e7\u00e3o ao PIB deles. Esse \u00e9 um caso de pa\u00eds quebrado. E tem a quest\u00e3o social tamb\u00e9m. <\/strong>O desemprego argentino \u00e9 de algo perto de 18% &#8211; e tem muita gente que acredita que n\u00e3o seja s\u00f3 isso, porque os dados n\u00e3o s\u00e3o confi\u00e1veis. <strong>De qualquer forma, esses s\u00e3o dados de um pa\u00eds economicamente quebrado. Macroeconomicamente e microeconomicamente. N\u00e3o \u00e9 caso do Brasil.<\/strong><\/p>\n","protected":false},"excerpt":{"rendered":"<p>Fala do presidente Jair Bolsonaro de que o Brasil est\u00e1 &#8216;quebrado&#8217; foi contestada por economistas.<\/p>\n","protected":false},"author":31,"featured_media":30224,"comment_status":"closed","ping_status":"open","sticky":false,"template":"","format":"standard","meta":{"_acf_changed":false,"inline_featured_image":false,"footnotes":""},"categories":[5],"tags":[704,404,374,234],"autor-wsj":[],"coauthors":[1908],"class_list":["post-30223","post","type-post","status-publish","format-standard","has-post-thumbnail","hentry","category-economia","tag-comercio-exterior","tag-coronavirus","tag-desemprego","tag-jair-bolsonaro"],"acf":[],"amp_enabled":true,"_links":{"self":[{"href":"https:\/\/investnews.com.br\/inv-api\/wp\/v2\/posts\/30223","targetHints":{"allow":["GET"]}}],"collection":[{"href":"https:\/\/investnews.com.br\/inv-api\/wp\/v2\/posts"}],"about":[{"href":"https:\/\/investnews.com.br\/inv-api\/wp\/v2\/types\/post"}],"author":[{"embeddable":true,"href":"https:\/\/investnews.com.br\/inv-api\/wp\/v2\/users\/31"}],"replies":[{"embeddable":true,"href":"https:\/\/investnews.com.br\/inv-api\/wp\/v2\/comments?post=30223"}],"version-history":[{"count":15,"href":"https:\/\/investnews.com.br\/inv-api\/wp\/v2\/posts\/30223\/revisions"}],"predecessor-version":[{"id":30495,"href":"https:\/\/investnews.com.br\/inv-api\/wp\/v2\/posts\/30223\/revisions\/30495"}],"wp:featuredmedia":[{"embeddable":true,"href":"https:\/\/investnews.com.br\/inv-api\/wp\/v2\/media\/30224"}],"wp:attachment":[{"href":"https:\/\/investnews.com.br\/inv-api\/wp\/v2\/media?parent=30223"}],"wp:term":[{"taxonomy":"category","embeddable":true,"href":"https:\/\/investnews.com.br\/inv-api\/wp\/v2\/categories?post=30223"},{"taxonomy":"post_tag","embeddable":true,"href":"https:\/\/investnews.com.br\/inv-api\/wp\/v2\/tags?post=30223"},{"taxonomy":"autor-wsj","embeddable":true,"href":"https:\/\/investnews.com.br\/inv-api\/wp\/v2\/autor-wsj?post=30223"},{"taxonomy":"author","embeddable":true,"href":"https:\/\/investnews.com.br\/inv-api\/wp\/v2\/coauthors?post=30223"}],"curies":[{"name":"wp","href":"https:\/\/api.w.org\/{rel}","templated":true}]}}