{"id":304132,"date":"2022-02-02T18:15:10","date_gmt":"2022-02-02T21:15:10","guid":{"rendered":"https:\/\/investnews.com.br\/?p=304132"},"modified":"2024-06-24T12:05:22","modified_gmt":"2024-06-24T15:05:22","slug":"juros-em-alta-pos-fixados-x-prefixados-o-que-escolher-na-renda-fixa","status":"publish","type":"post","link":"https:\/\/investnews.com.br\/financas\/juros-em-alta-pos-fixados-x-prefixados-o-que-escolher-na-renda-fixa\/","title":{"rendered":"Juros em alta: p\u00f3s fixados x prefixados, o que escolher na renda fixa?"},"content":{"rendered":"\n<figure class=\"wp-block-embed-youtube wp-block-embed is-type-video is-provider-youtube wp-embed-aspect-16-9 wp-has-aspect-ratio\"><div class=\"wp-block-embed__wrapper\">\n<iframe loading=\"lazy\" title=\"Juros em alta: P\u00f3s fixados x prefixados, o que escolher na renda fixa?\" width=\"500\" height=\"281\" src=\"https:\/\/www.youtube.com\/embed\/ZV_4RN-_Sf8?feature=oembed\" frameborder=\"0\" allow=\"accelerometer; autoplay; clipboard-write; encrypted-media; gyroscope; picture-in-picture; web-share\" referrerpolicy=\"strict-origin-when-cross-origin\" allowfullscreen><\/iframe>\n<\/div><\/figure>\n\n\n\n<p>Com mais um aumento da Selic, o que muda para os t\u00edtulos p\u00f3s-fixados e prefixados? E mais: como equilibrar renda fixa e vari\u00e1vel, diante de investimentos conservadores atrativos? <\/p>\n\n\n\n<p>O Comit\u00ea de Pol\u00edtica Monet\u00e1ria (Copom) decide nesta quarta-feira (02) o rumo da taxa b\u00e1sica de juros, a Selic. A expectativa \u00e9 de um avan\u00e7o de 1,5 ponto percentual, dos atuais 9,25% para 10,75% ao ano. \u00c9 a primeira vez desde 2017 que o indicador pode atingir os dois d\u00edgitos. Mas como ficam as op\u00e7\u00f5es p\u00f3s-fixadas (quando a <a href=\"https:\/\/investnews.com.br\/guias\/rentabilidade\/\">rentabilidade<\/a> acompanha a pr\u00f3pria Selic ou o <a href=\"https:\/\/investnews.com.br\/guias\/o-que-e-cdi\/\">CDI<\/a>) e prefixadas (quando a taxa de retorno \u00e9 informada previamente ao investidor)? Como escolher? <\/p>\n\n\n\n<p>E ainda: como equilibrar renda vari\u00e1vel e renda fixa diante de op\u00e7\u00f5es conservadoras atrativas? O Boletim tamb\u00e9m mostra os motivos para a forte queda do papel <a href=\"https:\/\/investnews.com.br\/cotacao\/irbr3-irb-brasil-resseguros-s-a\/\" class=\"rank-math-link\">IRBR3<\/a> no preg\u00e3o desta quarta-feira. <\/p>\n\n\n\n<p>O programa tamb\u00e9m destaca outras not\u00edcias que mexeram com o <a href=\"https:\/\/investnews.com.br\/guias\/como-funciona-o-mercado-financeiro\/\">mercado financeiro<\/a>, com a cota\u00e7\u00e3o do d\u00f3lar e do Ibovespa do dia, al\u00e9m das a\u00e7\u00f5es que mais subiram e mais ca\u00edram.<\/p>\n\n\n\n<p>Com apresenta\u00e7\u00e3o da jornalista Erica Martin, o BLTM tem coment\u00e1rios de Eduardo Perez e Murilo Breder, analistas de investimentos da NuInvest. <\/p>\n\n\n\n<p><strong>Veja tamb\u00e9m<\/strong><\/p>\n\n\n\n<ul class=\"wp-block-list\"><li>Comprar im\u00f3vel ou investir em<a rel=\"noreferrer noopener\" target=\"_blank\" href=\"https:\/\/investnews.com.br\/cafeina\/comprar-imovel-ou-investir-em-fundos-imobiliarios\/\">\u00a0fundos imobili\u00e1rios<\/a>?<\/li><li>O que esperar da <a class=\"rank-math-link\" href=\"https:\/\/investnews.com.br\/analise\/o-que-esperar-da-renda-fixa-em-fevereiro\/\">renda fixa em fevereiro<\/a><\/li><li>Estudo mostra que\u00a0<a rel=\"noreferrer noopener\" target=\"_blank\" href=\"https:\/\/investnews.com.br\/colunistas\/coluna-do-samy-dana\/estudo-mostra-que-spacs-raramente-entregam-o-resultado-que-prometem\/\">SPACs<\/a>\u00a0raramente entregam o resultado que prometem<\/li><li>Destaques de janeiro no\u00a0<a rel=\"noreferrer noopener\" target=\"_blank\" href=\"https:\/\/investnews.com.br\/financas\/destaques-de-janeiro-no-ibovespa-quais-acoes-mais-ganharam-e-perderam-no-mes\/\">Ibovespa<\/a>: Quais a\u00e7\u00f5es mais ganharam e perderam no m\u00eas?<\/li><li>3 raz\u00f5es para o salto das\u00a0<a rel=\"noreferrer noopener\" target=\"_blank\" href=\"https:\/\/investnews.com.br\/boletim-investnews\/3-razoes-para-o-salto-das-acoes-de-varejo-tecnologia-e-turismo\/\">a\u00e7\u00f5es de varejo, tecnologia e turismo<\/a><\/li><\/ul>\n","protected":false},"excerpt":{"rendered":"<p>Programa tamb\u00e9m destaca outras not\u00edcias que mexeram com o mercado financeiro, com a cota\u00e7\u00e3o do d\u00f3lar e do Ibovespa do dia.<\/p>\n","protected":false},"author":53,"featured_media":304133,"comment_status":"closed","ping_status":"open","sticky":false,"template":"","format":"standard","meta":{"_acf_changed":false,"inline_featured_image":false,"footnotes":""},"categories":[4],"tags":[354,22],"autor-wsj":[],"coauthors":[2433,2364,2315],"class_list":["post-304132","post","type-post","status-publish","format-standard","has-post-thumbnail","hentry","category-financas","tag-juros","tag-renda-fixa"],"acf":[],"amp_enabled":true,"_links":{"self":[{"href":"https:\/\/investnews.com.br\/inv-api\/wp\/v2\/posts\/304132","targetHints":{"allow":["GET"]}}],"collection":[{"href":"https:\/\/investnews.com.br\/inv-api\/wp\/v2\/posts"}],"about":[{"href":"https:\/\/investnews.com.br\/inv-api\/wp\/v2\/types\/post"}],"author":[{"embeddable":true,"href":"https:\/\/investnews.com.br\/inv-api\/wp\/v2\/users\/53"}],"replies":[{"embeddable":true,"href":"https:\/\/investnews.com.br\/inv-api\/wp\/v2\/comments?post=304132"}],"version-history":[{"count":6,"href":"https:\/\/investnews.com.br\/inv-api\/wp\/v2\/posts\/304132\/revisions"}],"predecessor-version":[{"id":304899,"href":"https:\/\/investnews.com.br\/inv-api\/wp\/v2\/posts\/304132\/revisions\/304899"}],"wp:featuredmedia":[{"embeddable":true,"href":"https:\/\/investnews.com.br\/inv-api\/wp\/v2\/media\/304133"}],"wp:attachment":[{"href":"https:\/\/investnews.com.br\/inv-api\/wp\/v2\/media?parent=304132"}],"wp:term":[{"taxonomy":"category","embeddable":true,"href":"https:\/\/investnews.com.br\/inv-api\/wp\/v2\/categories?post=304132"},{"taxonomy":"post_tag","embeddable":true,"href":"https:\/\/investnews.com.br\/inv-api\/wp\/v2\/tags?post=304132"},{"taxonomy":"autor-wsj","embeddable":true,"href":"https:\/\/investnews.com.br\/inv-api\/wp\/v2\/autor-wsj?post=304132"},{"taxonomy":"author","embeddable":true,"href":"https:\/\/investnews.com.br\/inv-api\/wp\/v2\/coauthors?post=304132"}],"curies":[{"name":"wp","href":"https:\/\/api.w.org\/{rel}","templated":true}]}}