{"id":304808,"date":"2022-02-04T20:19:45","date_gmt":"2022-02-04T23:19:45","guid":{"rendered":"https:\/\/investnews.com.br\/?p=304808"},"modified":"2025-08-29T13:39:50","modified_gmt":"2025-08-29T16:39:50","slug":"ficou-sabendo-iate-de-bezos-gera-polemica-nova-executiva-na-bayer-e-solana","status":"publish","type":"post","link":"https:\/\/investnews.com.br\/economia\/ficou-sabendo-iate-de-bezos-gera-polemica-nova-executiva-na-bayer-e-solana\/","title":{"rendered":"Ficou sabendo? Iate de Bezos gera pol\u00eamica; nova executiva na Bayer e Solana"},"content":{"rendered":"\n<h2 class=\"wp-block-heading\">Maior iate \u00e0 vela do mundo<\/h2>\n\n\n\n<p>O maior iate \u00e0 vela do mundo que pertence ao bilion\u00e1rio <a href=\"https:\/\/investnews.com.br\/colunistas\/melhores-livros\/foco-incansavel-no-cliente-fez-da-amazon-uma-empresa-de-sucesso\/\" class=\"rank-math-link\"><strong>Jeff Bezos<\/strong><\/a> j\u00e1 est\u00e1 causando pol\u00eamica antes mesmo de ser entregue ao dono. A prefeitura de Roterd\u00e3, na Holanda, informou que vai autorizar a demoli\u00e7\u00e3o de uma ponte hist\u00f3rica para que a embarca\u00e7\u00e3o que custou cerca de R$ 2,6 bilh\u00f5es seja entregue a Bezos. <\/p>\n\n\n\n<p>O barco, com seus 127 metros de comprimento, n\u00e3o passa na ponte de 40 metros de altura, devido as tr\u00eas super velas do iate. <\/p>\n\n\n\n<p>A empresa holandesa Oceano, que est\u00e1 construindo o iate, afirmou que \u00e9 ela quem ir\u00e1 arcar com os custos da demoli\u00e7\u00e3o e reconstru\u00e7\u00e3o da ponte.  <\/p>\n\n\n\n<h2 class=\"wp-block-heading\">Nova executiva na Bayer<\/h2>\n\n\n\n<p>Pela primeira vez, uma <a href=\"https:\/\/investnews.com.br\/financas\/mulheres-na-lideranca-do-capital-aberto-ainda-sao-raridade-aponta-b3\/\" class=\"rank-math-link\"><strong>executiva brasileira <\/strong><\/a>assumir\u00e1 uma cadeira no Conselho Global de Comunica\u00e7\u00e3o da multinacional alem\u00e3 Bayer. A partir de mar\u00e7o, Malu Weber, diretora executiva de comunica\u00e7\u00e3o corporativa da Bayer Brasil, contribuir\u00e1 ativamente nas estrat\u00e9gias globais de comunica\u00e7\u00e3o.<\/p>\n\n\n\n<p>A movimenta\u00e7\u00e3o vai de encontro a estrat\u00e9gia de neg\u00f3cios da Bayer na amplia\u00e7\u00e3o de mercados para al\u00e9m do pa\u00eds sede, focando tamb\u00e9m em estrat\u00e9gias de <a href=\"https:\/\/investnews.com.br\/guias\/tudo-sobre-esg\/\">ESG<\/a>.<\/p>\n\n\n\n<h2 class=\"wp-block-heading\">Solana consome menos energia<\/h2>\n\n\n\n<p>A Solana parece ser o blockchain que consome a menor quantidade de eletricidade por transa\u00e7\u00e3o, de acordo com um novo relat\u00f3rio. O Crypto Carbon Ratings Institute calculou o consumo de eletricidade e a pegada de carbono das principais blockchains. A Solana foi o protocolo mais eficiente em termos de energia usada por transa\u00e7\u00e3o entre as seis redes analisadas (Cardano, Solana, Polkadot, Avalanche, Algorand e Tezos).<\/p>\n\n\n\n<p>O <a href=\"https:\/\/investnews.com.br\/financas\/empresa-turca-bitci-vai-abrir-plataforma-de-criptoativos-no-brasil\/\" class=\"rank-math-link\"><strong>blockchain<\/strong><\/a> da Solana consumiu 0,166 watt-hora (Wh) de eletricidade por transa\u00e7\u00e3o dentro do estudo. J\u00e1 a Cardano consome a maior quantidade de eletricidade por transa\u00e7\u00e3o (52 Wh) por transa\u00e7\u00e3o.<\/p>\n\n\n\n<ul class=\"wp-block-list\"><li><a href=\"https:\/\/investnews.com.br\/financas\/crise-na-ucrania-bitcoin\/\">Valoriza\u00e7\u00e3o do Bitcoin<\/a>: crise na Ucr\u00e2nia pode impulsionar ou derrubar o <a href=\"https:\/\/investnews.com.br\/guias\/bitcoin-o-que-e-como-investir\/\">bitcoin<\/a>?<\/li><\/ul>\n\n\n\n<p><\/p>\n","protected":false},"excerpt":{"rendered":"<p>A prefeitura de Roterd\u00e3, na Holanda, vai demolir uma ponte hist\u00f3rica para que a embarca\u00e7\u00e3o seja entregue a Bezos.<\/p>\n","protected":false},"author":7,"featured_media":249577,"comment_status":"closed","ping_status":"open","sticky":false,"template":"","format":"standard","meta":{"_acf_changed":false,"inline_featured_image":false,"footnotes":""},"categories":[5],"tags":[110443,531],"autor-wsj":[],"coauthors":[1494],"class_list":["post-304808","post","type-post","status-publish","format-standard","has-post-thumbnail","hentry","category-economia","tag-jeff-bezos","tag-mineracao"],"acf":[],"amp_enabled":true,"_links":{"self":[{"href":"https:\/\/investnews.com.br\/inv-api\/wp\/v2\/posts\/304808","targetHints":{"allow":["GET"]}}],"collection":[{"href":"https:\/\/investnews.com.br\/inv-api\/wp\/v2\/posts"}],"about":[{"href":"https:\/\/investnews.com.br\/inv-api\/wp\/v2\/types\/post"}],"author":[{"embeddable":true,"href":"https:\/\/investnews.com.br\/inv-api\/wp\/v2\/users\/7"}],"replies":[{"embeddable":true,"href":"https:\/\/investnews.com.br\/inv-api\/wp\/v2\/comments?post=304808"}],"version-history":[{"count":3,"href":"https:\/\/investnews.com.br\/inv-api\/wp\/v2\/posts\/304808\/revisions"}],"predecessor-version":[{"id":307821,"href":"https:\/\/investnews.com.br\/inv-api\/wp\/v2\/posts\/304808\/revisions\/307821"}],"wp:featuredmedia":[{"embeddable":true,"href":"https:\/\/investnews.com.br\/inv-api\/wp\/v2\/media\/249577"}],"wp:attachment":[{"href":"https:\/\/investnews.com.br\/inv-api\/wp\/v2\/media?parent=304808"}],"wp:term":[{"taxonomy":"category","embeddable":true,"href":"https:\/\/investnews.com.br\/inv-api\/wp\/v2\/categories?post=304808"},{"taxonomy":"post_tag","embeddable":true,"href":"https:\/\/investnews.com.br\/inv-api\/wp\/v2\/tags?post=304808"},{"taxonomy":"autor-wsj","embeddable":true,"href":"https:\/\/investnews.com.br\/inv-api\/wp\/v2\/autor-wsj?post=304808"},{"taxonomy":"author","embeddable":true,"href":"https:\/\/investnews.com.br\/inv-api\/wp\/v2\/coauthors?post=304808"}],"curies":[{"name":"wp","href":"https:\/\/api.w.org\/{rel}","templated":true}]}}