{"id":305154,"date":"2022-02-08T09:55:36","date_gmt":"2022-02-08T12:55:36","guid":{"rendered":"https:\/\/investnews.com.br\/?p=305154"},"modified":"2022-02-08T17:02:56","modified_gmt":"2022-02-08T20:02:56","slug":"eneva-ve-despacho-de-termicas-menor-que-o-previsto-diz-ceo","status":"publish","type":"post","link":"https:\/\/investnews.com.br\/negocios\/eneva-ve-despacho-de-termicas-menor-que-o-previsto-diz-ceo\/","title":{"rendered":"Eneva v\u00ea despacho de t\u00e9rmicas menor que o previsto, diz CEO"},"content":{"rendered":"\n<p>&nbsp;A<strong>&nbsp;Eneva<\/strong>&nbsp;(<a href=\"https:\/\/investnews.com.br\/cotacao\/enev3-eneva\/\" class=\"rank-math-link\">ENEV3<\/a>) prev\u00ea um volume inferior de despacho termel\u00e9trico para o primeiro semestre, em rela\u00e7\u00e3o \u00e0 expectativa anterior, ap\u00f3s grande <strong>volume de chuvas<\/strong> em reservat\u00f3rios ter aliviado a crise h\u00eddrica pela qual passou o Brasil em 2021, disse \u00e0 Reuters o presidente Pedro Zinner.<\/p>\n\n\n\n<p>A empresa passou 2021 com quase 100% das t\u00e9rmicas despachadas, pontuou o executivo, ao explicar que neste ano a previs\u00e3o \u00e9 que n\u00e3o ser\u00e1 igual.<\/p>\n\n\n\n<p>Em outubro e novembro do ano passado, a expectativa era de que haveria mais t\u00e9rmicas despachando no primeiro semestre deste ano, e o cen\u00e1rio visto atualmente \u00e9 diferente, disse o executivo, evitando detalhar n\u00fameros.<\/p>\n\n\n\n<p>&#8220;A gente hoje vislumbra um despacho menor que o previsto anteriormente&#8221;, afirmou Zinner.<\/p>\n\n\n\n<p>No terceiro trimestre, a&nbsp;Eneva&nbsp;teve seu melhor resultado para o per\u00edodo com o impulso de maior despacho de suas t\u00e9rmicas.<\/p>\n\n\n\n<p>O executivo pontuou, no entanto, que o segundo semestre poder\u00e1 haver mais demanda por t\u00e9rmicas e que outros fatores, al\u00e9m das chuvas, tamb\u00e9m influenciam a demanda pelas usinas, como o avan\u00e7o do PIB.<\/p>\n\n\n\n<p>&#8220;Se o <strong>PIB<\/strong> aumentar, passa a ter mais despacho.&#8221;<\/p>\n\n\n\n<p>A companhia realiza nesta ter\u00e7a-feira o seu&nbsp;EnevaDay, onde apresentar\u00e1 suas estrat\u00e9gias para o horizonte at\u00e9 2030.<\/p>\n\n\n\n<p>Zinner destacou na entrevista que a empresa planeja se consolidar cada vez mais como um agente integrado de energia.<\/p>\n\n\n\n<p>Em dezembro, a&nbsp;Eneva&nbsp;anunciou um acordo para incorpora\u00e7\u00e3o da Focus Energia, em movimento que marcou a diversifica\u00e7\u00e3o para o segmento de gera\u00e7\u00e3o renov\u00e1vel e comercializa\u00e7\u00e3o da empresa que tinha at\u00e9 ent\u00e3o foco em t\u00e9rmicas a g\u00e1s.<\/p>\n\n\n\n<p>&#8220;A gente continua acreditando que o g\u00e1s vai exercer papel muito importante&#8221;, disse o presidente, explicando que o insumo permitir\u00e1 substituir outras fontes de energia mais poluentes. Mas ele frisou que a empresa tamb\u00e9m investir\u00e1 no desenvolvimento de um portf\u00f3lio de energias renov\u00e1veis.<\/p>\n\n\n\n<p>Com a Focus Energia, a companhia passa a ter acesso a uma carteira diversificada de clientes que contratam energia no mercado livre, al\u00e9m de um novo portf\u00f3lio de projetos, que somam 3,7 GWp de pot\u00eancia instalada, incluindo empreendimentos solares e h\u00eddricos.<\/p>\n\n\n\n<p><strong>Veja tamb\u00e9m<\/strong><br><\/p>\n\n\n\n<ul class=\"wp-block-list\"><li><a href=\"https:\/\/investnews.com.br\/financas\/dinheiro-esquecido-como-resgatar\/\">Dinheiro esquecido<\/a>: veja o passo a passo para saber se voc\u00ea tem e como resgatar<\/li><li>De Tesla \u00e0 WEG: as 7\u00a0<a rel=\"noreferrer noopener\" target=\"_blank\" href=\"https:\/\/investnews.com.br\/cafeina\/de-tesla-a-weg-as-7-melhores-acoes-de-energia-renovavel\/\">melhores a\u00e7\u00f5es de energia renov\u00e1vel<\/a><\/li><li>Varejo em baixa, minera\u00e7\u00e3o forte:\u00a0<a rel=\"noreferrer noopener\" target=\"_blank\" href=\"https:\/\/investnews.com.br\/negocios\/balancos-do-4o-trimestre\/\">o que esperar dos balan\u00e7os do 4\u00ba trimestre<\/a><\/li><li><a rel=\"noreferrer noopener\" target=\"_blank\" href=\"https:\/\/investnews.com.br\/boletim-investnews\/balancos-do-4o-tri-o-que-ja-saiu-e-o-que-pode-surpreender\/\">Balan\u00e7os do 4\u00ba tri<\/a>: o que j\u00e1 saiu e o que pode surpreender?<\/li><li><a rel=\"noreferrer noopener\" target=\"_blank\" href=\"https:\/\/investnews.com.br\/guias\/tudo-sobre-defi\/\">DeFi<\/a>: guia completo do futuro das finan\u00e7as descentralizadas<\/li><\/ul>\n","protected":false},"excerpt":{"rendered":"<p>A estimativa acontece ap\u00f3s grande volume de chuvas em reservat\u00f3rios ter aliviado a crise h\u00eddrica pela qual passou o Brasil em 2021.<\/p>\n","protected":false},"author":61,"featured_media":0,"comment_status":"closed","ping_status":"open","sticky":false,"template":"","format":"standard","meta":{"_acf_changed":false,"inline_featured_image":false,"footnotes":""},"categories":[6],"tags":[],"autor-wsj":[],"coauthors":[2494],"class_list":["post-305154","post","type-post","status-publish","format-standard","hentry","category-negocios"],"acf":[],"amp_enabled":true,"_links":{"self":[{"href":"https:\/\/investnews.com.br\/inv-api\/wp\/v2\/posts\/305154","targetHints":{"allow":["GET"]}}],"collection":[{"href":"https:\/\/investnews.com.br\/inv-api\/wp\/v2\/posts"}],"about":[{"href":"https:\/\/investnews.com.br\/inv-api\/wp\/v2\/types\/post"}],"author":[{"embeddable":true,"href":"https:\/\/investnews.com.br\/inv-api\/wp\/v2\/users\/61"}],"replies":[{"embeddable":true,"href":"https:\/\/investnews.com.br\/inv-api\/wp\/v2\/comments?post=305154"}],"version-history":[{"count":2,"href":"https:\/\/investnews.com.br\/inv-api\/wp\/v2\/posts\/305154\/revisions"}],"predecessor-version":[{"id":305273,"href":"https:\/\/investnews.com.br\/inv-api\/wp\/v2\/posts\/305154\/revisions\/305273"}],"wp:attachment":[{"href":"https:\/\/investnews.com.br\/inv-api\/wp\/v2\/media?parent=305154"}],"wp:term":[{"taxonomy":"category","embeddable":true,"href":"https:\/\/investnews.com.br\/inv-api\/wp\/v2\/categories?post=305154"},{"taxonomy":"post_tag","embeddable":true,"href":"https:\/\/investnews.com.br\/inv-api\/wp\/v2\/tags?post=305154"},{"taxonomy":"autor-wsj","embeddable":true,"href":"https:\/\/investnews.com.br\/inv-api\/wp\/v2\/autor-wsj?post=305154"},{"taxonomy":"author","embeddable":true,"href":"https:\/\/investnews.com.br\/inv-api\/wp\/v2\/coauthors?post=305154"}],"curies":[{"name":"wp","href":"https:\/\/api.w.org\/{rel}","templated":true}]}}