{"id":305936,"date":"2022-02-10T17:52:36","date_gmt":"2022-02-10T20:52:36","guid":{"rendered":"https:\/\/investnews.com.br\/?p=305936"},"modified":"2025-11-27T11:26:26","modified_gmt":"2025-11-27T14:26:26","slug":"bancos-nao-terao-expediente-durante-feriado-de-carnaval","status":"publish","type":"post","link":"https:\/\/investnews.com.br\/financas\/bancos-nao-terao-expediente-durante-feriado-de-carnaval\/","title":{"rendered":"Bancos n\u00e3o ter\u00e3o expediente durante feriado de carnaval"},"content":{"rendered":"\n<p>Apesar de estados e munic\u00edpios brasileiros terem revogado o ponto facultativo de <a href=\"https:\/\/investnews.com.br\/geral\/prefeitura-de-sao-paulo-cancela-carnaval-de-rua\/\" class=\"rank-math-link\">carnaval<\/a> devido \u00e0 alta onda de dissemina\u00e7\u00e3o de covid-19, a Federa\u00e7\u00e3o Brasileira de Bancos (FEBRABAN) comunicou que, em raz\u00e3o de resolu\u00e7\u00e3o do Banco Central do Brasil, o calend\u00e1rio de feriados banc\u00e1rios ser\u00e1 mantido. <strong>Portanto, nos dias 28 de fevereiro e 1\u00ba de mar\u00e7o, datas de celebra\u00e7\u00e3o do carnaval, as institui\u00e7\u00f5es financeiras n\u00e3o funcionar\u00e3o<\/strong>.&nbsp;<\/p>\n\n\n\n<p>No dia 2 de mar\u00e7o, quarta-feira de cinzas, o in\u00edcio do expediente das institui\u00e7\u00f5es financeiras ser\u00e1 \u00e0s 12h, no hor\u00e1rio local, com encerramento em hor\u00e1rio normal de fechamento das ag\u00eancias. No entanto, a FEBRABAN tamb\u00e9m informou que nas localidades em que as ag\u00eancias fecham normalmente antes das 15h, o in\u00edcio do atendimento ao p\u00fablico ser\u00e1 antecipado, com a finalidade de garantir 3 horas de funcionamento.<\/p>\n\n\n\n<p>Para aqueles que tiverem contas de consumo (\u00e1gua, energia, telefone, etc) e carn\u00eas com vencimento nos dias de carnaval, ter\u00e3o a possibilidade de pagar, sem acr\u00e9scimos, na quarta-feira (2). Isto em raz\u00e3o de que os tributos j\u00e1 v\u00eam com datas ajustadas ao calend\u00e1rio de feriados nacionais, estaduais e municipais.<\/p>\n\n\n\n<p>Todavia, a institui\u00e7\u00e3o sugere que, caso isso n\u00e3o tenha ocorrido no documento de arrecada\u00e7\u00e3o, seja antecipado o pagamento ou, no caso dos t\u00edtulos que t\u00eam c\u00f3digo de barras, seja agendado o pagamento nos caixas eletr\u00f4nicos, <a href=\"https:\/\/investnews.com.br\/financas\/open-banking-seus-dados-estao-seguros\/\" class=\"rank-math-link\">internet banking<\/a> ou pelo atendimento telef\u00f4nico dos bancos.<\/p>\n\n\n\n<p>Al\u00e9m disso, os boletos banc\u00e1rios de clientes cadastrados como sacados eletr\u00f4nicos poder\u00e3o ser pagos via D\u00e9bito Direto Autorizado (DDA).&nbsp;<\/p>\n\n\n\n<p><strong>Veja tamb\u00e9m<\/strong><\/p>\n\n\n\n<ul class=\"wp-block-list\">\n<li><a href=\"https:\/\/investnews.com.br\/colunistas\/claudia-kodja\/como-acumular-r-1-milhao-no-mundo-real\/\" target=\"_blank\" rel=\"noreferrer noopener\">Como acumular R$ 1 milh\u00e3o<\/a>\u00a0no \u2018mundo real\u2019?<\/li>\n\n\n\n<li>A bolsa vai abrir no Carnaval este ano? Veja o <a href=\"https:\/\/investnews.com.br\/financas\/carnaval-de-2022-calendario-b3\/\">calend\u00e1rio da b3<\/a> no preg\u00e3o<\/li>\n\n\n\n<li>Com bolsa barata,\u00a0<a href=\"https:\/\/investnews.com.br\/cafeina\/com-bolsa-barata-fundos-aclamados-abrem-para-captacao\/\" target=\"_blank\" rel=\"noreferrer noopener\">fundos aclamados abrem para capta\u00e7\u00e3o<\/a><\/li>\n\n\n\n<li>\u2018<a href=\"https:\/\/investnews.com.br\/financas\/bolsa-de-valores-das-favelas\/\" target=\"_blank\" rel=\"noreferrer noopener\">Bolsa de valores das favelas<\/a>\u2019 completa 2 meses com R$ 500 mil captados<\/li>\n\n\n\n<li>O que n\u00e3o agradou no\u00a0<a href=\"https:\/\/investnews.com.br\/financas\/o-que-nao-agradou-no-balanco-do-bradesco-segundo-5-casas-de-analises\/\" target=\"_blank\" rel=\"noreferrer noopener\">balan\u00e7o do Bradesco<\/a>, segundo 5 casas de an\u00e1lises<\/li>\n\n\n\n<li>Aprova\u00e7\u00e3o do Cade indica fim da novela da\u00a0<a href=\"https:\/\/investnews.com.br\/boletim-investnews\/aprovacao-do-cade-indica-fim-da-novela-da-oi-b3-e-acoes-de-aereas-decolam\/\" target=\"_blank\" rel=\"noreferrer noopener\">Oi<\/a>?; B3 e a\u00e7\u00f5es de a\u00e9reas decolam<\/li>\n<\/ul>\n","protected":false},"excerpt":{"rendered":"<p>Contas de consumo com vencimento no recesso poder\u00e3o ser pagas no dia 2 de mar\u00e7o, data de retorno de funcionamento das institui\u00e7\u00f5es financeiras.<\/p>\n","protected":false},"author":51,"featured_media":305937,"comment_status":"closed","ping_status":"open","sticky":false,"template":"","format":"standard","meta":{"_acf_changed":false,"inline_featured_image":false,"footnotes":""},"categories":[4],"tags":[56,387],"autor-wsj":[],"coauthors":[2425],"class_list":["post-305936","post","type-post","status-publish","format-standard","has-post-thumbnail","hentry","category-financas","tag-banco-central","tag-carnaval"],"acf":[],"amp_enabled":true,"_links":{"self":[{"href":"https:\/\/investnews.com.br\/inv-api\/wp\/v2\/posts\/305936","targetHints":{"allow":["GET"]}}],"collection":[{"href":"https:\/\/investnews.com.br\/inv-api\/wp\/v2\/posts"}],"about":[{"href":"https:\/\/investnews.com.br\/inv-api\/wp\/v2\/types\/post"}],"author":[{"embeddable":true,"href":"https:\/\/investnews.com.br\/inv-api\/wp\/v2\/users\/51"}],"replies":[{"embeddable":true,"href":"https:\/\/investnews.com.br\/inv-api\/wp\/v2\/comments?post=305936"}],"version-history":[{"count":8,"href":"https:\/\/investnews.com.br\/inv-api\/wp\/v2\/posts\/305936\/revisions"}],"predecessor-version":[{"id":737572,"href":"https:\/\/investnews.com.br\/inv-api\/wp\/v2\/posts\/305936\/revisions\/737572"}],"wp:featuredmedia":[{"embeddable":true,"href":"https:\/\/investnews.com.br\/inv-api\/wp\/v2\/media\/305937"}],"wp:attachment":[{"href":"https:\/\/investnews.com.br\/inv-api\/wp\/v2\/media?parent=305936"}],"wp:term":[{"taxonomy":"category","embeddable":true,"href":"https:\/\/investnews.com.br\/inv-api\/wp\/v2\/categories?post=305936"},{"taxonomy":"post_tag","embeddable":true,"href":"https:\/\/investnews.com.br\/inv-api\/wp\/v2\/tags?post=305936"},{"taxonomy":"autor-wsj","embeddable":true,"href":"https:\/\/investnews.com.br\/inv-api\/wp\/v2\/autor-wsj?post=305936"},{"taxonomy":"author","embeddable":true,"href":"https:\/\/investnews.com.br\/inv-api\/wp\/v2\/coauthors?post=305936"}],"curies":[{"name":"wp","href":"https:\/\/api.w.org\/{rel}","templated":true}]}}