{"id":306299,"date":"2022-02-11T18:16:10","date_gmt":"2022-02-11T21:16:10","guid":{"rendered":"https:\/\/investnews.com.br\/?p=306299"},"modified":"2025-10-23T11:01:03","modified_gmt":"2025-10-23T14:01:03","slug":"bc-agora-ve-pico-de-inflacao-no-brasil-entre-abril-e-maio-diz-campos-neto","status":"publish","type":"post","link":"https:\/\/investnews.com.br\/economia\/bc-agora-ve-pico-de-inflacao-no-brasil-entre-abril-e-maio-diz-campos-neto\/","title":{"rendered":"BC agora v\u00ea pico de infla\u00e7\u00e3o no Brasil entre abril e maio, diz\u00a0Campos\u00a0Neto"},"content":{"rendered":"\n<p>O presidente do <strong>Banco Central<\/strong>, <strong>Roberto\u00a0Campos\u00a0Neto<\/strong>, afirmou nesta sexta-feira que o pico da infla\u00e7\u00e3o em 12 meses no Brasil deve ocorrer entre abril e maio, adiando novamente proje\u00e7\u00f5es apresentadas anteriormente.<\/p>\n\n\n\n<p>Em evento da Esfera Brasil sobre pol\u00edtica monet\u00e1ria,\u00a0Campos\u00a0Neto\u00a0disse que o comportamento do <strong>setor agr\u00edcola <\/strong>e do <strong>pre\u00e7o de petr\u00f3leo<\/strong> est\u00e3o entre as causas da revis\u00e3o da estimativa.<\/p>\n\n\n\n<p>&#8220;A gente tinha uma percep\u00e7\u00e3o de que veria o pico da infla\u00e7\u00e3o perto de dezembro e janeiro, (mas) a gente viu uma quebra de safra, que n\u00e3o \u00e9 pouco relevante, e a gente estava vendo o petr\u00f3leo indo para 60 d\u00f3lares, ele voltou, indo para acima de 90 d\u00f3lares&#8221;, disse.<\/p>\n\n\n\n<p>&#8220;Isso gerou uma quebra de percep\u00e7\u00e3o em rela\u00e7\u00e3o ao que era pico. A gente imagina, hoje, que ser\u00e1 alguma coisa entre abril e maio, depois vai ter uma queda da infla\u00e7\u00e3o um pouco mais r\u00e1pida&#8221;.<\/p>\n\n\n\n<p>Em declara\u00e7\u00f5es ao longo dos \u00faltimos meses, o presidente do BC vinha alterando essas previs\u00f5es. Ele chegou a prever o topo da infla\u00e7\u00e3o para setembro do ano passado, depois passou a afirmar que o pico seria atingido no in\u00edcio deste ano.<\/p>\n\n\n\n<p>Campos\u00a0Neto\u00a0ressaltou que a autoridade monet\u00e1ria usar\u00e1 todas as ferramentas para trazer a <strong><a href=\"https:\/\/investnews.com.br\/financas\/selic-1075-quanto-rendem-aplicacoes-onde-investir-agora\/\" class=\"rank-math-link\">infla\u00e7\u00e3o<\/a><\/strong> para a meta. Segundo ele, o Brasil &#8220;saiu na frente&#8221; e est\u00e1 mais acelerado no ciclo de aperto monet\u00e1rio, na compara\u00e7\u00e3o com outros pa\u00edses.<\/p>\n\n\n\n<p>Na \u00faltima decis\u00e3o do Comit\u00ea de Pol\u00edtica Monet\u00e1ria (<a href=\"https:\/\/investnews.com.br\/guias\/copom-taxa-selic\/\">Copom<\/a>), quando elevou a<a class=\"rank-math-link\" href=\"https:\/\/investnews.com.br\/financas\/selic-1075-quanto-rendem-aplicacoes-onde-investir-agora\/\"> taxa b\u00e1sica de juros a 10,75% ao ano<\/a>, o BC passou a dizer que o horizonte relevante da pol\u00edtica monet\u00e1ria agora tem foco em 2023 e, em menor grau, 2022. As proje\u00e7\u00f5es para a infla\u00e7\u00e3o deste ano est\u00e3o acima do teto da meta.<\/p>\n\n\n\n<p>Campos&nbsp;Neto&nbsp;afirmou ainda que h\u00e1 um movimento global de eleva\u00e7\u00e3o de pre\u00e7os, ponderando que a infla\u00e7\u00e3o no Brasil n\u00e3o foi causada apenas por fatores externos.<\/p>\n\n\n\n<p>Na apresenta\u00e7\u00e3o, ele disse que os formuladores de pol\u00edticas est\u00e3o entendendo a persist\u00eancia e a magnitude dos choques inflacion\u00e1rios no mundo e concluindo que a resposta ser\u00e1 um ambiente de juros mais altos.<\/p>\n\n\n\n<p>Ao falar sobre os Estados Unidos, ponderando que n\u00e3o faz avalia\u00e7\u00e3o sobre pol\u00edtica monet\u00e1ria de outros pa\u00edses, ele afirmou que as pessoas est\u00e3o come\u00e7ando a entender que \u00e9 necess\u00e1rio olhar a conta de juro neutro e entrar em campo restritivo.<\/p>\n\n\n\n<p>Em rela\u00e7\u00e3o \u00e0 <strong>atividade econ\u00f4mica no Brasil<\/strong>, o presidente do BC afirmou que dados recentes de setores como servi\u00e7os e ind\u00fastria s\u00e3o positivos.<\/p>\n\n\n\n<p>&#8220;N\u00fameros mais recentes mostram melhora. Olhando dados da semana passada, acho que economistas que tinham (previsto) crescimento de 0% (em 2022) v\u00e3o revisar o crescimento para cima&#8221;, disse.<\/p>\n\n\n\n<p><strong>Veja tamb\u00e9m<\/strong><\/p>\n\n\n\n<ul class=\"wp-block-list\"><li>Ano de&nbsp;<a target=\"_blank\" href=\"https:\/\/investnews.com.br\/colunistas\/cenario\/ano-de-rentabilidade-positiva-para-acoes-e-negativa-para-titulos\/\" rel=\"noreferrer noopener\">rentabilidade positiva para a\u00e7\u00f5es<\/a>&nbsp;e negativa para t\u00edtulos?<\/li><li><a target=\"_blank\" href=\"https:\/\/investnews.com.br\/cafeina\/novo-marco-cambial-nao-traz-mudancas-nas-contas-em-dolar-entenda\/\" rel=\"noreferrer noopener\">Novo marco cambial<\/a>&nbsp;n\u00e3o traz mudan\u00e7as nas contas em d\u00f3lar; entenda<\/li><li>Infla\u00e7\u00e3o e juros altos elevam a 13 o n\u00famero de desist\u00eancias de&nbsp;<a target=\"_blank\" href=\"https:\/\/investnews.com.br\/financas\/cancelamentos-de-ipo-em-2022\/\" rel=\"noreferrer noopener\">IPO em 2022<\/a><\/li><li><a target=\"_blank\" href=\"https:\/\/investnews.com.br\/boletim-investnews\/coca-cola-fatura-mais-bdr-vale-a-pena-e-mais-balancos-de-suzano-e-klabin\/\" rel=\"noreferrer noopener\">Coca-Cola<\/a>&nbsp;fatura mais, <a href=\"https:\/\/investnews.com.br\/guias\/bdr-o-que-e\/\">BDR<\/a> vale a pena? E mais: balan\u00e7os de Suzano e Klabin<\/li><\/ul>\n","protected":false},"excerpt":{"rendered":"<p>O presidente da autoridade monet\u00e1ria disse que o comportamento do setor agr\u00edcola e do pre\u00e7o de petr\u00f3leo est\u00e3o entre as causas da revis\u00e3o da estimativa.<\/p>\n","protected":false},"author":61,"featured_media":272339,"comment_status":"closed","ping_status":"open","sticky":false,"template":"","format":"standard","meta":{"_acf_changed":false,"inline_featured_image":false,"footnotes":""},"categories":[5],"tags":[499,52,112861],"autor-wsj":[],"coauthors":[2494],"class_list":["post-306299","post","type-post","status-publish","format-standard","has-post-thumbnail","hentry","category-economia","tag-economia","tag-inflacao","tag-roberto-campos-neto"],"acf":[],"amp_enabled":true,"_links":{"self":[{"href":"https:\/\/investnews.com.br\/inv-api\/wp\/v2\/posts\/306299","targetHints":{"allow":["GET"]}}],"collection":[{"href":"https:\/\/investnews.com.br\/inv-api\/wp\/v2\/posts"}],"about":[{"href":"https:\/\/investnews.com.br\/inv-api\/wp\/v2\/types\/post"}],"author":[{"embeddable":true,"href":"https:\/\/investnews.com.br\/inv-api\/wp\/v2\/users\/61"}],"replies":[{"embeddable":true,"href":"https:\/\/investnews.com.br\/inv-api\/wp\/v2\/comments?post=306299"}],"version-history":[{"count":2,"href":"https:\/\/investnews.com.br\/inv-api\/wp\/v2\/posts\/306299\/revisions"}],"predecessor-version":[{"id":306301,"href":"https:\/\/investnews.com.br\/inv-api\/wp\/v2\/posts\/306299\/revisions\/306301"}],"wp:featuredmedia":[{"embeddable":true,"href":"https:\/\/investnews.com.br\/inv-api\/wp\/v2\/media\/272339"}],"wp:attachment":[{"href":"https:\/\/investnews.com.br\/inv-api\/wp\/v2\/media?parent=306299"}],"wp:term":[{"taxonomy":"category","embeddable":true,"href":"https:\/\/investnews.com.br\/inv-api\/wp\/v2\/categories?post=306299"},{"taxonomy":"post_tag","embeddable":true,"href":"https:\/\/investnews.com.br\/inv-api\/wp\/v2\/tags?post=306299"},{"taxonomy":"autor-wsj","embeddable":true,"href":"https:\/\/investnews.com.br\/inv-api\/wp\/v2\/autor-wsj?post=306299"},{"taxonomy":"author","embeddable":true,"href":"https:\/\/investnews.com.br\/inv-api\/wp\/v2\/coauthors?post=306299"}],"curies":[{"name":"wp","href":"https:\/\/api.w.org\/{rel}","templated":true}]}}